{"id":199692,"date":"2026-09-02T10:31:09","date_gmt":"2026-09-02T10:31:09","guid":{"rendered":"https:\/\/www.europesays.com\/cz\/199692\/"},"modified":"2026-09-02T10:31:09","modified_gmt":"2026-09-02T10:31:09","slug":"okruzni-linka-prazskeho-metra-podle-odhadu-by-vysla-na-220-miliard","status":"publish","type":"post","link":"https:\/\/www.europesays.com\/cz\/199692\/","title":{"rendered":"Okru\u017en\u00ed linka pra\u017esk\u00e9ho metra: Podle odhad\u016f by vy\u0161la na 220 miliard"},"content":{"rendered":"<p>My\u0161lenka linky metra propojuj\u00edc\u00ed \u010d\u00e1sti m\u011bsta mimo centrum podle n\u00e1m\u011bstka prim\u00e1tora Petra Hlav\u00e1\u010dka (STAN) vznikla u\u017e v 80. letech a nyn\u00ed rezervu pro jej\u00ed trasu zakotvuje nov\u00fd pra\u017esk\u00fd \u00fazemn\u00ed pl\u00e1n, kter\u00fd za\u010dal platit v \u00fater\u00fd. Smyslem spojen\u00ed m\u00e1 b\u00fdt p\u0159edev\u0161\u00edm dostat lidi z aut do MHD, dopravn\u011b ulevit centru, doplnit nyn\u00ed chyb\u011bj\u00edc\u00ed \u010di nedosta\u010duj\u00edc\u00ed p\u0159\u00edm\u00e1 a rychl\u00e1 spojen\u00ed mezi okrajov\u011bj\u0161\u00edmi \u010d\u00e1stmi m\u011bsta a obslou\u017eit oblasti, kde se v budoucnu o\u010dek\u00e1v\u00e1 v\u011bt\u0161\u00ed reziden\u010dn\u00ed z\u00e1stavba.<\/p>\n<p>Nov\u00e1 linka by m\u011bla v navr\u017een\u00e9 trase d\u00e9lku zhruba 22 kilometr\u016f, co\u017e by znamenalo roz\u0161\u00ed\u0159en\u00ed pra\u017esk\u00e9 s\u00edt\u011b o 29 procent. Radn\u00ed m\u011bsta budou podle n\u00e1m\u011bstka prim\u00e1tora pro dopravu Jarom\u00edra Ber\u00e1nka (Pir\u00e1ti) p\u0159\u00ed\u0161t\u00ed t\u00fdden schvalovat zad\u00e1n\u00ed studie proveditelnosti nov\u00e9 linky, kter\u00e1 nav\u00e1\u017ee na prvn\u00ed anal\u00fdzu zpracovanou m\u011bstsk\u00fdm Institutem pl\u00e1nov\u00e1n\u00ed a rozvoje (IPR).<\/p>\n<p>    <a aria-label=\"Ji\u0159\u00ed J. (24) zap\u00e1lil p\u0159\u00edtelkyni, hroz\u00ed mu 21 let! Jeho sadismus je podle znalky\u0148 nel\u00e9\u010diteln\u00fd\" title=\"Ji\u0159\u00ed J. (24) zap\u00e1lil p\u0159\u00edtelkyni, hroz\u00ed mu 21 let! Jeho sadismus je podle znalky\u0148 nel\u00e9\u010diteln\u00fd\" href=\"https:\/\/www.blesk.cz\/clanek\/regiony-praha-praha-krimi\/847236\/jiri-j-24-zapalil-pritelkyni-hrozi-mu-21-let-jeho-sadismus-je-podle-znalkyn-nelecitelny.html\" class=\"article-card article-card--type-1 artobj\" data-track-click=\"{&quot;clickTo&quot;:&quot;button&quot;,&quot;link&quot;:{&quot;type&quot;:&quot;article-card&quot;,&quot;text&quot;:&quot;Ji\u0159\u00ed J. (24) zap\u00e1lil p\u0159\u00edtelkyni, hroz\u00ed mu 21 let! Jeho sadismus je podle znalky\u0148 nel\u00e9\u010diteln\u00fd&quot;,&quot;url&quot;:&quot;https:\/\/www.blesk.cz\/clanek\/regiony-praha-praha-krimi\/847236\/jiri-j-24-zapalil-pritelkyni-hrozi-mu-21-let-jeho-sadismus-je-podle-znalkyn-nelecitelny.html&quot;,&quot;location&quot;:&quot;page&quot;}}\" data-track-element-id=\"artobject-article-link-0-847236\" data-track-list=\"{\" item=\"\" j.=\"\" zap=\"\" p=\"\" hroz=\"\" mu=\"\" let=\"\" jeho=\"\" sadismus=\"\" je=\"\" podle=\"\" znalky=\"\" nel=\"\" rel=\"nofollow noopener\" target=\"_blank\"><\/p>\n<p>\t<img decoding=\"async\" src=\"https:\/\/www.europesays.com\/cz\/wp-content\/uploads\/2026\/09\/9929280.jpg\" alt=\"Jednu p\u0159\u00edtelkyni zn\u00e1sil\u0148oval ve sp\u00e1nku, dal\u0161\u00ed zap\u00e1lil: Tyran m\u011bl u soudu bizarn\u00ed v\u00fdmluvy!\" title=\"\" width=\"238\" height=\"158,67\" class=\"\" style=\"aspect-ratio: 238 \/ 158,67\" loading=\"lazy\"\/><\/p>\n<p>    Ji\u0159\u00ed J. (24) zap\u00e1lil p\u0159\u00edtelkyni, hroz\u00ed mu 21 let! Jeho sadismus je podle znalky\u0148 nel\u00e9\u010diteln\u00fd<\/p>\n<p>    <\/a><\/p>\n<p>Ten bude m\u00edt na starosti i zpracov\u00e1n\u00ed studie, kter\u00e1 prov\u011b\u0159\u00ed nap\u0159\u00edklad um\u00edst\u011bn\u00ed stanic, jejich nav\u00e1z\u00e1n\u00ed na st\u00e1vaj\u00edc\u00ed a budouc\u00ed v\u00fdstavbu, p\u0159estupn\u00ed vazby, ekonomickou n\u00e1ro\u010dnost \u010di mo\u017enosti vyu\u017eit\u00ed r\u016fzn\u00fdch typ\u016f kolejov\u00e9 dopravy v jednotliv\u00fdch \u00fasec\u00edch. Rada zad\u00e1 tak\u00e9 p\u0159\u00edpravu manu\u00e1lu pro vyu\u017eit\u00ed rozvojov\u00e9ho potenci\u00e1lu st\u00e1vaj\u00edc\u00edch stanic metra a jejich okol\u00ed.<\/p>\n<p>Linka by nemusela b\u00fdt cel\u00e1 vedena pod zem\u00ed, co\u017e souvis\u00ed i s n\u00e1kladnost\u00ed cel\u00e9ho projektu, kterou se bude studie rovn\u011b\u017e zab\u00fdvat. \u201eN\u00e1klady mus\u00ed b\u00fdt takov\u00e9, aby je m\u011bsto bylo schopn\u00e9 zaplatit,\u201c \u0159ekl p\u0159edseda klubu zastupitel\u016f Spolu Tom\u00e1\u0161 Portl\u00edk (ODS). Ber\u00e1nek dodal, \u017ee po zad\u00e1n\u00ed radn\u00edmi by m\u011blo zpracov\u00e1n\u00ed studie zabrat rok a\u017e rok a p\u016fl. Samotn\u00e1 v\u00fdstavba by pak podle n\u00e1m\u011bstka m\u011bla co nejrychleji navazovat na dokon\u010den\u00ed linky D mezi n\u00e1m\u011bst\u00edm M\u00edru a P\u00edsnic\u00ed, kter\u00e1 m\u00e1 b\u00fdt podle aktu\u00e1ln\u00edho harmonogramu hotova za\u010d\u00e1tkem roku 2026.<\/p>\n<p>O z\u00e1m\u011bru vybudovat okru\u017en\u00ed linku za\u010dal v minul\u00e9m volebn\u00edm obdob\u00ed mluvit tehdej\u0161\u00ed n\u00e1m\u011bstek pro dopravu a nyn\u00ed opozi\u010dn\u00ed zastupitel Adam Scheinherr (Praha Sob\u011b). Ten za prioritn\u00ed tak\u00e9 ozna\u010dil \u00fasek ve v\u00fdchodn\u00ed \u010d\u00e1sti metropole, jeho n\u00e1vrh v\u0161ak v\u00fdhledov\u011b po\u010d\u00edtal i s dokon\u010den\u00edm cel\u00e9ho okruhu p\u0159es Bohnice, Podbabu a Strahov na Sm\u00edchov.<\/p>\n<p>Ber\u00e1nek ve st\u0159edu \u0159ekl, \u017ee pro tuto \u010d\u00e1st by m\u011bla sta\u010dit tramvajov\u00e1 doprava, kterou m\u00e1 zajistit nov\u00e1 tra\u0165 mezi Bohnicemi a Podbabou. Dodal, \u017ee v \u00faseku by se nab\u00edzela mo\u017enost zv\u00fd\u0161it kapacitu trati nap\u0159\u00edklad prodlou\u017een\u00edm n\u00e1stupi\u0161\u0165, aby u nich mohly stav\u011bt del\u0161\u00ed soupravy, p\u0159\u00edpadn\u011b zv\u00fd\u0161en\u00edm povolen\u00e9 rychlosti.<\/p>\n","protected":false},"excerpt":{"rendered":"My\u0161lenka linky metra propojuj\u00edc\u00ed \u010d\u00e1sti m\u011bsta mimo centrum podle n\u00e1m\u011bstka prim\u00e1tora Petra Hlav\u00e1\u010dka (STAN) vznikla u\u017e v 80.&hellip;\n","protected":false},"author":2,"featured_media":199693,"comment_status":"","ping_status":"","sticky":false,"template":"","format":"standard","meta":{"footnotes":"","_share_on_mastodon":"0"},"categories":[30],"tags":[45795,3984,514,4535,3732,11480,19266,98,99,6495,5958],"class_list":["post-199692","post","type-post","status-publish","format-standard","has-post-thumbnail","category-praha","tag-bohdalec","tag-bohnice","tag-doprava","tag-institut-planovani-a-rozvoje-hl-m-prahy","tag-jaromir-beranek","tag-pankrac","tag-podbaba","tag-prague","tag-praha","tag-smichov","tag-zizkov"],"share_on_mastodon":{"url":"https:\/\/pubeurope.com\/@cz\/117200990149390548","error":""},"_links":{"self":[{"href":"https:\/\/www.europesays.com\/cz\/wp-json\/wp\/v2\/posts\/199692","targetHints":{"allow":["GET"]}}],"collection":[{"href":"https:\/\/www.europesays.com\/cz\/wp-json\/wp\/v2\/posts"}],"about":[{"href":"https:\/\/www.europesays.com\/cz\/wp-json\/wp\/v2\/types\/post"}],"author":[{"embeddable":true,"href":"https:\/\/www.europesays.com\/cz\/wp-json\/wp\/v2\/users\/2"}],"replies":[{"embeddable":true,"href":"https:\/\/www.europesays.com\/cz\/wp-json\/wp\/v2\/comments?post=199692"}],"version-history":[{"count":0,"href":"https:\/\/www.europesays.com\/cz\/wp-json\/wp\/v2\/posts\/199692\/revisions"}],"wp:featuredmedia":[{"embeddable":true,"href":"https:\/\/www.europesays.com\/cz\/wp-json\/wp\/v2\/media\/199693"}],"wp:attachment":[{"href":"https:\/\/www.europesays.com\/cz\/wp-json\/wp\/v2\/media?parent=199692"}],"wp:term":[{"taxonomy":"category","embeddable":true,"href":"https:\/\/www.europesays.com\/cz\/wp-json\/wp\/v2\/categories?post=199692"},{"taxonomy":"post_tag","embeddable":true,"href":"https:\/\/www.europesays.com\/cz\/wp-json\/wp\/v2\/tags?post=199692"}],"curies":[{"name":"wp","href":"https:\/\/api.w.org\/{rel}","templated":true}]}}