{"id":199746,"date":"2026-09-02T11:16:10","date_gmt":"2026-09-02T11:16:10","guid":{"rendered":"https:\/\/www.europesays.com\/cz\/199746\/"},"modified":"2026-09-02T11:16:10","modified_gmt":"2026-09-02T11:16:10","slug":"obnoveni-boju-mezi-usa-a-iranem-zdrazilo-plyn-na-trilete-maximum","status":"publish","type":"post","link":"https:\/\/www.europesays.com\/cz\/199746\/","title":{"rendered":"Obnoven\u00ed boj\u016f mezi USA a\u00a0\u00cdr\u00e1nem zdra\u017eilo plyn na t\u0159\u00edlet\u00e9 maximum"},"content":{"rendered":"<p class=\"c_bB\">Cena term\u00ednov\u00e9ho kontraktu na zemn\u00ed plyn s\u00a0dod\u00e1n\u00edm v\u00a0\u0159\u00edjnu ve virtu\u00e1ln\u00edm obchodn\u00edm uzlu Title Transfer Facility (TTF) v\u00a0Nizozemsku kr\u00e1tce p\u0159ed 9:30\u00a0SEL\u010c <a data-dot=\"atm-link\" target=\"_blank\" rel=\"noopener nofollow\" href=\"https:\/\/www.ice.com\/products\/27996665\/Dutch-TTF-Natural-Gas-Futures\/data?marketId=6277388\" class=\"c_I\">vykazovala<\/a> r\u016fst o\u00a02,3\u00a0procenta na 73,90\u00a0eura. U\u017e v\u00a0\u00fater\u00fd ve\u010der cena p\u0159es\u00e1hla 74\u00a0eur za MWh, a\u00a0byla tak nejv\u00fd\u0161e od ledna 2023.<\/p>\n<p class=\"c_bB\">Ke zdra\u017eov\u00e1n\u00ed plynu p\u0159isp\u011bly obavy z\u00a0naru\u0161en\u00ed dod\u00e1vek a\u00a0hrozby ze strany americk\u00e9ho prezidenta Donalda Trumpa. Hladina plynu v\u00a0evropsk\u00fdch z\u00e1sobn\u00edc\u00edch je n\u00edzk\u00e1, podle \u00fadaj\u016f organizace Gas Infrastructure Europe byly z\u00e1sobn\u00edky k\u00a0datu 1.\u00a0z\u00e1\u0159\u00ed napln\u011bny zhruba z\u00a065\u00a0procent. To je nejm\u00e9n\u011b pro toto ro\u010dn\u00ed obdob\u00ed od zah\u00e1jen\u00ed sledov\u00e1n\u00ed \u00fadaj\u016f v\u00a0roce 2011.\u00a0Meziro\u010dn\u011b je ni\u017e\u0161\u00ed o\u00a012\u00a0procentn\u00edch bod\u016f.<\/p>\n<p class=\"c_bB\">Aby se poda\u0159ilo naplnit z\u00e1sobn\u00edky do 1.\u00a0listopadu na 80\u00a0procent, bylo by zapot\u0159eb\u00ed dostat do nich 25\u00a0miliard metr\u016f krychlov\u00fdch plynu, co\u017e je o\u00a0dev\u011bt miliard metr\u016f krychlov\u00fdch v\u00edce ne\u017e v\u00a0p\u0159edchoz\u00edm roce. <\/p>\n<p class=\"c_bB\">Evropsk\u00e1 unie v\u0161ak podle t\u00fdden\u00edku <a data-dot=\"atm-link\" target=\"_blank\" rel=\"noopener nofollow\" href=\"https:\/\/www.zeit.de\/wirtschaft\/2026-09\/europaeischer-gaspreis-ttf-boerse-niederlande-usa-iran\" class=\"c_I\">Die Zeit<\/a> o\u010dek\u00e1v\u00e1, \u017ee vzhledem k\u00a0sou\u010dasn\u00e9 situaci bude m\u00edt k\u00a0dispozici sotva 14\u00a0miliard metr\u016f krychlov\u00fdch. Chladn\u00e1 zima by mohla zp\u016fsobit prudk\u00fd r\u016fst cen, jeliko\u017e by Evropa v\u00a0takov\u00e9m p\u0159\u00edpad\u011b razantn\u011bji soupe\u0159ila s\u00a0Asi\u00ed o\u00a0omezen\u00e9 dod\u00e1vky, p\u00ed\u0161e n\u011bmeck\u00fd list.<\/p>\n<p class=\"c_bB\">V d\u016fsledku nejnov\u011bj\u0161\u00edch \u00fatok\u016f v\u00a0oblasti Persk\u00e9ho z\u00e1livu d\u00e1l rostou i\u00a0ceny ropy. Severomo\u0159sk\u00e1 ropa Brent se dostala nad 95\u00a0dolar\u016f za barel, zdra\u017euje tak\u00e9 americk\u00e1 lehk\u00e1 ropa West Texas Intermediate (WTI). Ceny ropy jsou tak nejv\u00fd\u0161e od konce \u010dervence.<\/p>\n<p><a data-dot=\"atm-link\" target=\"_self\" href=\"https:\/\/www.novinky.cz\/clanek\/ekonomika-cena-plynu-pro-evropsky-trh-je-nejvyse-od-brezna-40595297\" class=\"c_I\" rel=\"nofollow noopener\"><img fetchpriority=\"high\" height=\"1968\" width=\"3500\" src=\"https:\/\/www.europesays.com\/cz\/wp-content\/uploads\/2026\/09\/2022-08-31t091636z-370597463-rc2k7w9pydza-rtrmadp-0-britain-economy-inflation.jpeg\" loading=\"eager\" decoding=\"sync\" class=\"c_t c_r\"\/><\/a><\/p>\n","protected":false},"excerpt":{"rendered":"Cena term\u00ednov\u00e9ho kontraktu na zemn\u00ed plyn s\u00a0dod\u00e1n\u00edm v\u00a0\u0159\u00edjnu ve virtu\u00e1ln\u00edm obchodn\u00edm uzlu Title Transfer Facility (TTF) v\u00a0Nizozemsku kr\u00e1tce&hellip;\n","protected":false},"author":2,"featured_media":199747,"comment_status":"","ping_status":"","sticky":false,"template":"","format":"standard","meta":{"footnotes":"","_share_on_mastodon":"0"},"categories":[12],"tags":[64,623,67,68,1517,991,808,7825,492],"class_list":["post-199746","post","type-post","status-publish","format-standard","has-post-thumbnail","category-byznys","tag-boje","tag-burza","tag-business","tag-byznys","tag-ceny","tag-evropska-unie-eu","tag-iran","tag-konflikt-usa-izrael-iran","tag-plyn"],"share_on_mastodon":{"url":"https:\/\/pubeurope.com\/@cz\/117201167273471660","error":""},"_links":{"self":[{"href":"https:\/\/www.europesays.com\/cz\/wp-json\/wp\/v2\/posts\/199746","targetHints":{"allow":["GET"]}}],"collection":[{"href":"https:\/\/www.europesays.com\/cz\/wp-json\/wp\/v2\/posts"}],"about":[{"href":"https:\/\/www.europesays.com\/cz\/wp-json\/wp\/v2\/types\/post"}],"author":[{"embeddable":true,"href":"https:\/\/www.europesays.com\/cz\/wp-json\/wp\/v2\/users\/2"}],"replies":[{"embeddable":true,"href":"https:\/\/www.europesays.com\/cz\/wp-json\/wp\/v2\/comments?post=199746"}],"version-history":[{"count":0,"href":"https:\/\/www.europesays.com\/cz\/wp-json\/wp\/v2\/posts\/199746\/revisions"}],"wp:featuredmedia":[{"embeddable":true,"href":"https:\/\/www.europesays.com\/cz\/wp-json\/wp\/v2\/media\/199747"}],"wp:attachment":[{"href":"https:\/\/www.europesays.com\/cz\/wp-json\/wp\/v2\/media?parent=199746"}],"wp:term":[{"taxonomy":"category","embeddable":true,"href":"https:\/\/www.europesays.com\/cz\/wp-json\/wp\/v2\/categories?post=199746"},{"taxonomy":"post_tag","embeddable":true,"href":"https:\/\/www.europesays.com\/cz\/wp-json\/wp\/v2\/tags?post=199746"}],"curies":[{"name":"wp","href":"https:\/\/api.w.org\/{rel}","templated":true}]}}