{"id":199756,"date":"2026-09-02T11:25:14","date_gmt":"2026-09-02T11:25:14","guid":{"rendered":"https:\/\/www.europesays.com\/cz\/199756\/"},"modified":"2026-09-02T11:25:14","modified_gmt":"2026-09-02T11:25:14","slug":"ponizeni-u-krause-studena-sprcha-pro-partnerku-znameho-komika","status":"publish","type":"post","link":"https:\/\/www.europesays.com\/cz\/199756\/","title":{"rendered":"Pon\u00ed\u017een\u00ed u Krause! Studen\u00e1 sprcha pro partnerku zn\u00e1m\u00e9ho komika"},"content":{"rendered":"<p>Kdy\u017e se <a class=\"celebrity celebwiki\" href=\"https:\/\/celebwiki.blesk.cz\/osobnost\/1296\/jan-kraus\/\" target=\"_blank\" rel=\"nofollow noopener\">Jan Kraus<\/a> ve sv\u00e9 show za\u010dal vypt\u00e1vat na <a class=\"celebrity celebwiki\" href=\"https:\/\/celebwiki.blesk.cz\/osobnost\/6969\/stepan-kozub\/\" target=\"_blank\" rel=\"nofollow noopener\">Kozubovo<\/a> soukrom\u00ed, herec prozradil, \u017ee je zadan\u00fd. \u201eM\u00e1m partnerku a je mi docela dob\u0159e,\u201c p\u0159iznal. Vztah podle n\u011bj ovliv\u0148uje i jeho tvorbu. \u201eTvo\u0159\u00ed se v\u011bt\u0161inou ze smutku a sentimentu. Ale my m\u00e1me tak\u00e9 smutn\u00e9 f\u00e1ze, tak\u017ee si zatvo\u0159\u00edm,\u201c \u0159ekl s nads\u00e1zkou.<\/p>\n<p style=\"text-align: center;\">Jsem \u00fapln\u011b v pohod\u011b, hraju divadlo a to\u010d\u00edm filmy, sv\u011b\u0159il Blesku \u0160t\u011bp\u00e1n Kozub<\/p>\n<p>    <a href=\"https:\/\/www.ahaonline.cz\/clanek\/zhave-drby\/237156\/fiasko-v-eteru-evropy-2-rozporuplne-vysilani-marese-s-kozubem.html\" rel=\"nofollow noopener\" target=\"_blank\"><\/p>\n<p>        <img decoding=\"async\" src=\"https:\/\/www.europesays.com\/cz\/wp-content\/uploads\/2026\/09\/1788348314_418_9953028.jpg\" alt=\"Fiasko v \u00e9teru Evropy 2: Rozporupln\u00e9 vys\u00edl\u00e1n\u00ed Mare\u0161e s Kozubem\" title=\"Fiasko v \u00e9teru Evropy 2: Rozporupln\u00e9 vys\u00edl\u00e1n\u00ed Mare\u0161e s Kozubem\" height=\"140\" width=\"220\" class=\"lazyload \" loading=\"lazy\" \/><\/p>\n<p>    <\/a><\/p>\n<p>N\u00e1sledn\u011b p\u0159i\u0161la \u0159e\u010d na partner\u010din p\u016fvod. Kozub prozradil, \u017ee stejn\u011b jako on poch\u00e1z\u00ed z Ostravy a jej\u00ed otec je Rom. \u201eJe to n\u011bkdy cel\u00e9 velmi \u017eivo\u010di\u0161n\u00e9,\u201c poznamenal. A pr\u00e1v\u011b toho se okam\u017eit\u011b chytil Krhut.<\/p>\n<p>\u201eTak\u017ee m\u00e1\u0161 takov\u00fd vztah na\u010derno,\u201c vyst\u0159elil na kamar\u00e1da. Kozub nezav\u00e1hal ani na vte\u0159inu a kontroval: \u201eTo je debil.\u201c Dvojice se n\u00e1sledn\u011b bavila t\u00edm, zda takov\u00fd vt\u00edpek v\u016fbec projde. Pro Kozubovu partnerku \u0161lo ka\u017edop\u00e1dn\u011b o po\u0159\u00e1dn\u011b ne\u010dekanou zm\u00ednku v televizn\u00edm vys\u00edl\u00e1n\u00ed.<\/p>\n<p style=\"text-align: center;\">\u0160t\u011bp\u00e1n Kozub a Ji\u0159\u00ed Krhut u Jana Krause<\/p>\n<p>Humor maj\u00ed bez z\u00e1bran<\/p>\n<p>Kozub s Krhutem ostatn\u011b b\u011bhem rozhovoru n\u011bkolikr\u00e1t uk\u00e1zali, \u017ee jejich humor nezn\u00e1 p\u0159\u00edli\u0161 mnoho tabu. \u0158e\u010d p\u0159i\u0161la i na jejich za\u010d\u00e1tky, kter\u00e9 spojila velmi smutn\u00e1 \u017eivotn\u00ed ud\u00e1lost. \u201eN\u00e1s vlastn\u011b spojila smrt,\u201c zavzpom\u00ednal Kozub. V dob\u011b, kdy jemu um\u00edral otec, Krhutovi odch\u00e1zela maminka.<\/p>\n<p style=\"text-align: center;\">\u0160t\u011bp\u00e1n Kozub: Dovolenou jsem si naordinoval!<\/p>\n<p>Ani tehdy ale podle sv\u00fdch slov nedok\u00e1zali p\u0159estat \u017eertovat. \u201eM\u00e1me r\u00e1di legraci skoro ze v\u0161eho, tak\u017ee jsme se u toho dok\u00e1zali i dob\u0159e pobavit. A potom za\u010daly vznikat p\u00edsni\u010dky,\u201c popsali. U Krause pak stihli probrat tak\u00e9 Ostravu, Krhutovu kari\u00e9ru u\u010ditele nebo Kozub\u016fv pohled na pou\u017e\u00edv\u00e1n\u00ed anglick\u00fdch v\u00fdraz\u016f v \u010de\u0161tin\u011b.<\/p>\n<p>    <a href=\"https:\/\/www.ahaonline.cz\/clanek\/zhave-drby\/237120\/ze-ho-hanba-nefackuje-kozub-ublizil-neckarovi-v-nejhorsi-chvili.html\" rel=\"nofollow noopener\" target=\"_blank\"><\/p>\n<p>        <img decoding=\"async\" src=\"https:\/\/www.europesays.com\/cz\/wp-content\/uploads\/2026\/09\/9952343-crop.jpg\" alt=\"\u017de ho hanba nefackuje... Kozub ubl\u00ed\u017eil Neck\u00e1\u0159ovi v nejhor\u0161\u00ed chv\u00edli!\" title=\"\u017de ho hanba nefackuje... Kozub ubl\u00ed\u017eil Neck\u00e1\u0159ovi v nejhor\u0161\u00ed chv\u00edli!\" height=\"140\" width=\"220\" class=\"lazyload \" loading=\"lazy\" \/><\/p>\n<p>    <\/a><\/p>\n","protected":false},"excerpt":{"rendered":"Kdy\u017e se Jan Kraus ve sv\u00e9 show za\u010dal vypt\u00e1vat na Kozubovo soukrom\u00ed, herec prozradil, \u017ee je zadan\u00fd. \u201eM\u00e1m&hellip;\n","protected":false},"author":2,"featured_media":199757,"comment_status":"","ping_status":"","sticky":false,"template":"","format":"standard","meta":{"footnotes":"","_share_on_mastodon":"0"},"categories":[14],"tags":[79,9771,3294,45800,3621,744,23410,16415,652,80,163],"class_list":["post-199756","post","type-post","status-publish","format-standard","has-post-thumbnail","category-zabava","tag-entertainment","tag-humor","tag-jan-kraus","tag-jiri-krhut","tag-kariera","tag-ostrava","tag-partnerka","tag-stepan-kozub","tag-vztahy","tag-zabava","tag-zhave-drby"],"share_on_mastodon":{"url":"https:\/\/pubeurope.com\/@cz\/117201202784887235","error":""},"_links":{"self":[{"href":"https:\/\/www.europesays.com\/cz\/wp-json\/wp\/v2\/posts\/199756","targetHints":{"allow":["GET"]}}],"collection":[{"href":"https:\/\/www.europesays.com\/cz\/wp-json\/wp\/v2\/posts"}],"about":[{"href":"https:\/\/www.europesays.com\/cz\/wp-json\/wp\/v2\/types\/post"}],"author":[{"embeddable":true,"href":"https:\/\/www.europesays.com\/cz\/wp-json\/wp\/v2\/users\/2"}],"replies":[{"embeddable":true,"href":"https:\/\/www.europesays.com\/cz\/wp-json\/wp\/v2\/comments?post=199756"}],"version-history":[{"count":0,"href":"https:\/\/www.europesays.com\/cz\/wp-json\/wp\/v2\/posts\/199756\/revisions"}],"wp:featuredmedia":[{"embeddable":true,"href":"https:\/\/www.europesays.com\/cz\/wp-json\/wp\/v2\/media\/199757"}],"wp:attachment":[{"href":"https:\/\/www.europesays.com\/cz\/wp-json\/wp\/v2\/media?parent=199756"}],"wp:term":[{"taxonomy":"category","embeddable":true,"href":"https:\/\/www.europesays.com\/cz\/wp-json\/wp\/v2\/categories?post=199756"},{"taxonomy":"post_tag","embeddable":true,"href":"https:\/\/www.europesays.com\/cz\/wp-json\/wp\/v2\/tags?post=199756"}],"curies":[{"name":"wp","href":"https:\/\/api.w.org\/{rel}","templated":true}]}}