{"id":199776,"date":"2026-09-02T11:48:16","date_gmt":"2026-09-02T11:48:16","guid":{"rendered":"https:\/\/www.europesays.com\/cz\/199776\/"},"modified":"2026-09-02T11:48:16","modified_gmt":"2026-09-02T11:48:16","slug":"vuelta-prisla-o-dalsi-velke-jmeno","status":"publish","type":"post","link":"https:\/\/www.europesays.com\/cz\/199776\/","title":{"rendered":"Vuelta p\u0159i\u0161la o\u00a0dal\u0161\u00ed velk\u00e9 jm\u00e9no"},"content":{"rendered":"<p class=\"b_bA\">Po zisku zelen\u00e9ho trikotu na Tour de France byl jedn\u00edm z\u00a0hlavn\u00edch adept\u016f na v\u00edt\u011bzstv\u00ed v\u00a0bodovac\u00ed sout\u011b\u017ei tak\u00e9 na z\u00e1v\u011bre\u010dn\u00e9 Grand Tour. Na Pedersenovi v\u0161ak bylo od za\u010d\u00e1tku zn\u00e1t, \u017ee m\u00e1 do ide\u00e1ln\u00ed formy daleko. Bral sice \u010dtvrt\u00e9 m\u00edsto ve druh\u00e9 etap\u011b, v\u00a0osm\u00e9 etap\u011b sprintoval druh\u00fd, ale jinak vid\u011bt nebyl.<\/p>\n<p class=\"b_bA\">Z pelotonu p\u0159ekvapiv\u011b odpadl v\u00a0\u00fatern\u00ed des\u00e1t\u00e9 etap\u011b, kter\u00e1 by mu za norm\u00e1ln\u00edch okolnost\u00ed byla \u0161it\u00e1 na m\u00edru. \u201eMoje nohy byly dobr\u00e9 maxim\u00e1ln\u011b tak na to, abych odpadl z\u00a0bal\u00edku. Nem\u011blo proto v\u00a0tuhle chv\u00edli p\u0159\u00edli\u0161 smysl \u00fapln\u011b se vy\u010derpat, kdy\u017e jsem v\u011bd\u011bl, \u017ee do z\u00e1v\u011bru stejn\u011b nebudu zasahovat,\u201c p\u0159ipou\u0161t\u011bl v\u00a0rozhovoru pro d\u00e1nskou televizi TV2.<\/p>\n<p class=\"b_bA\">\u201eJe z\u0159ejm\u00e9, \u017ee st\u00e1le n\u011bco nen\u00ed \u00fapln\u011b v\u00a0po\u0159\u00e1dku. Jinak bych i\u00a0ve \u0161patn\u00fd den dok\u00e1zal b\u00fdt v\u00a0takov\u00e9m fin\u00e1le vp\u0159edu. Tak\u017ee ano, v\u00a0tuto chv\u00edli n\u011bco nefunguje tak, jak by m\u011blo, ale v\u011b\u0159\u00edme, \u017ee se to zlep\u0161\u00ed,\u201c \u0159\u00edkal t\u0159icetilet\u00fd mistr sv\u011bta z\u00a0roku 2019.<\/p>\n<p><a data-dot=\"atm-link\" target=\"_self\" href=\"https:\/\/www.sport.cz\/clanek\/cyklistika-pogacar-je-po-operaci-doba-rekonvalescence-zustava-nejasna-5523539\" class=\"b_V g_ia\" rel=\"nofollow noopener\"><img fetchpriority=\"high\" height=\"2731\" width=\"3641\" src=\"https:\/\/www.europesays.com\/cz\/wp-content\/uploads\/2026\/09\/1788349695_101_2566.jpeg\" loading=\"eager\" decoding=\"sync\" class=\"b_B b_z\"\/><\/a><\/p>\n<p class=\"b_bA\">Vuelta u\u017e v\u00a0p\u0159edchoz\u00edch dnech p\u0159i\u0161la o\u00a0nejv\u011bt\u0161\u00edho favorita Tadeje Poga\u010dara a\u00a0dal\u0161\u00ed zaj\u00edmav\u00e1 jm\u00e9na jako Cian Uijtdebroeks, Joshua Tarling, Kaden Groves nebo Ben Turner. A\u00a0Pedersen se stal osmn\u00e1ct\u00fdm cyklistou, kter\u00fd ze z\u00e1vodu odstoupil. \u201ePo n\u011bkolika dnech, kdy Mads bojoval s\u00a0nemoc\u00ed, se nyn\u00ed zam\u011b\u0159\u00ed na \u00fapln\u00e9 zotaven\u00ed, ne\u017e obr\u00e1t\u00ed svou pozornost k\u00a0dal\u0161\u00edm c\u00edl\u016fm, kter\u00e9 ho v\u00a0t\u00e9to sezon\u011b \u010dekaj\u00ed,\u201c uvedla st\u00e1j Lidl-Trek.<\/p>\n<p class=\"b_bA\">Pedersen se nyn\u00ed bude chystat zejm\u00e9na na mistrovstv\u00ed sv\u011bta, kde bude 27.\u00a0z\u00e1\u0159\u00ed v\u00a0na\u0161lapan\u00e9 d\u00e1nsk\u00e9 sestav\u011b jedn\u00edm z\u00a0l\u00eddr\u016f.<\/p>\n<p>Vuelta 2026<\/p>\n<p class=\"b_bA\">V po\u0159ad\u00ed t\u0159et\u00ed cyklistick\u00fd etapov\u00fd z\u00e1vod z\u00a0elitn\u00ed s\u00e9rie <a data-dot=\"atm-link\" target=\"_blank\" href=\"https:\/\/www.sport.cz\/tag\/grand-tours-80977\" class=\"b_V\" rel=\"nofollow noopener\">Grand Tour<\/a> se jede od 22.\u00a0srpna do 13.\u00a0z\u00e1\u0159\u00ed 2026.\u00a0Nejv\u011bt\u0161\u00edm favoritem na v\u00edt\u011bzstv\u00ed byl slovinsk\u00fd z\u00e1vodn\u00edk <a data-dot=\"atm-link\" target=\"_blank\" href=\"https:\/\/www.sport.cz\/tag\/tadej-pogacar-108491\" class=\"b_V\" rel=\"nofollow noopener\">Tadej Poga\u010dar<\/a>, v\u00a0osm\u00e9 etap\u011b ale po p\u00e1du odstoupil. Na startu nechyb\u00ed ani \u010desk\u00fd z\u00e1stupce <a data-dot=\"atm-link\" target=\"_blank\" href=\"https:\/\/www.sport.cz\/tag\/jan-hirt-14605\" class=\"b_V\" rel=\"nofollow noopener\">Jan Hirt<\/a>.<\/p>\n<p><a data-dot=\"atm-link\" target=\"_self\" href=\"https:\/\/www.sport.cz\/clanek\/cyklistika-zivotni-triumf-na-vuelte-francouz-ovladl-desatou-etapu-mas-dal-vede-5524359\" class=\"b_V g_ia\" rel=\"nofollow noopener\"><img height=\"1198\" width=\"1598\" src=\"https:\/\/www.europesays.com\/cz\/wp-content\/uploads\/2026\/09\/1788349696_699_bastien-tronchon-cyklistika.jpeg\" loading=\"eager\" decoding=\"sync\" class=\"b_B b_z\"\/><\/a><\/p>\n","protected":false},"excerpt":{"rendered":"Po zisku zelen\u00e9ho trikotu na Tour de France byl jedn\u00edm z\u00a0hlavn\u00edch adept\u016f na v\u00edt\u011bzstv\u00ed v\u00a0bodovac\u00ed sout\u011b\u017ei tak\u00e9 na&hellip;\n","protected":false},"author":2,"featured_media":199777,"comment_status":"","ping_status":"","sticky":false,"template":"","format":"standard","meta":{"footnotes":"","_share_on_mastodon":"0"},"categories":[15],"tags":[4967,94,93,24093],"class_list":["post-199776","post","type-post","status-publish","format-standard","has-post-thumbnail","category-sport","tag-cyklistika","tag-sport","tag-sports","tag-vuelta-a-espana"],"share_on_mastodon":{"url":"https:\/\/pubeurope.com\/@cz\/117201293261284015","error":""},"_links":{"self":[{"href":"https:\/\/www.europesays.com\/cz\/wp-json\/wp\/v2\/posts\/199776","targetHints":{"allow":["GET"]}}],"collection":[{"href":"https:\/\/www.europesays.com\/cz\/wp-json\/wp\/v2\/posts"}],"about":[{"href":"https:\/\/www.europesays.com\/cz\/wp-json\/wp\/v2\/types\/post"}],"author":[{"embeddable":true,"href":"https:\/\/www.europesays.com\/cz\/wp-json\/wp\/v2\/users\/2"}],"replies":[{"embeddable":true,"href":"https:\/\/www.europesays.com\/cz\/wp-json\/wp\/v2\/comments?post=199776"}],"version-history":[{"count":0,"href":"https:\/\/www.europesays.com\/cz\/wp-json\/wp\/v2\/posts\/199776\/revisions"}],"wp:featuredmedia":[{"embeddable":true,"href":"https:\/\/www.europesays.com\/cz\/wp-json\/wp\/v2\/media\/199777"}],"wp:attachment":[{"href":"https:\/\/www.europesays.com\/cz\/wp-json\/wp\/v2\/media?parent=199776"}],"wp:term":[{"taxonomy":"category","embeddable":true,"href":"https:\/\/www.europesays.com\/cz\/wp-json\/wp\/v2\/categories?post=199776"},{"taxonomy":"post_tag","embeddable":true,"href":"https:\/\/www.europesays.com\/cz\/wp-json\/wp\/v2\/tags?post=199776"}],"curies":[{"name":"wp","href":"https:\/\/api.w.org\/{rel}","templated":true}]}}