{"id":199798,"date":"2026-09-02T12:04:10","date_gmt":"2026-09-02T12:04:10","guid":{"rendered":"https:\/\/www.europesays.com\/cz\/199798\/"},"modified":"2026-09-02T12:04:10","modified_gmt":"2026-09-02T12:04:10","slug":"v-kyjeve-se-strhla-prestrelka-mezi-cleny-ukrajinskych-tajnych-sluzeb","status":"publish","type":"post","link":"https:\/\/www.europesays.com\/cz\/199798\/","title":{"rendered":"V Kyjev\u011b se strhla p\u0159est\u0159elka mezi \u010dleny ukrajinsk\u00fdch tajn\u00fdch slu\u017eeb"},"content":{"rendered":"<p class=\"c_bB\">Zpr\u00e1vy o\u00a0p\u0159est\u0159elce \u010dlen\u016f ukrajinsk\u00fdch tajn\u00fdch slu\u017eeb v\u00a0Kyjev\u011b se na soci\u00e1ln\u00edch s\u00edt\u00edch za\u010daly objevovat ve st\u0159edu r\u00e1no, p\u00ed\u0161e server <a data-dot=\"atm-link\" target=\"_blank\" rel=\"noopener nofollow\" href=\"https:\/\/www.pravda.com.ua\/eng\/news\/2026\/09\/02\/8051467\/\" class=\"c_I\">Ukrajinska pravda<\/a>. Z\u00e1rove\u0148 s\u00a0prvn\u00edmi zpr\u00e1vami se za\u010dala \u0161\u00ed\u0159it spekulace, \u017ee je p\u0159est\u0159elka spojen\u00e1 se zmizen\u00edm Stepana Kaplunova, z\u00e1stupce velitele Rusk\u00e9ho dobrovolnick\u00e9ho sboru spadaj\u00edc\u00edho pod HUR.<\/p>\n<p lang=\"en\" dir=\"ltr\">\ud83c\uddfa\ud83c\udde6 \u203c\ufe0f **\ud835\udde5\ud835\uddd8\ud835\udde3\ud835\udde2\ud835\udde5\ud835\udde7\ud835\udde6 \ud835\udde2\ud835\uddd9 \ud835\udde6\ud835\uddd5\ud835\udde8-\ud835\uddda\ud835\udde8\ud835\udde5 \ud835\udde6\ud835\udddb\ud835\udde2\ud835\udde2\ud835\udde7\ud835\udde2\ud835\udde8\ud835\udde7 \ud835\udddc\ud835\udde1 \ud835\uddde\ud835\uddec\ud835\udddc\ud835\udde9, \ud835\udde2\ud835\uddd9\ud835\uddd9\ud835\udddc\ud835\uddd6\ud835\udddc\ud835\uddd4\ud835\udddf \ud835\uddd4\ud835\uddd6\ud835\uddd6\ud835\udde2\ud835\udde8\ud835\udde1\ud835\udde7\ud835\udde6 \ud835\udde6\ud835\udde7\ud835\udddc\ud835\udddf\ud835\udddf \ud835\uddd7\ud835\udde2\ud835\udde1&#8217;\ud835\udde7 \ud835\udde0\ud835\uddd4\ud835\udde7\ud835\uddd6\ud835\udddb<\/p>\n<p>\u26a0\ufe0f Gunfire broke out in Kyiv&#8217;s Berezniaky neighborhood, Dniprovskyi district. Ukrainska Pravda, citing its own sources, reports three GUR\u2026 <a href=\"https:\/\/t.co\/6Hs8OWemGT\" rel=\"nofollow\">pic.twitter.com\/6Hs8OWemGT<\/a><\/p>\n<p>\u2014 \ud83c\uddfa\ud83c\udde6 Vortex Report (@VortexReportX) <a href=\"https:\/\/x.com\/VortexReportX\/status\/2095090624038920684?ref_src=twsrc%5Etfw\" rel=\"nofollow\">September 2, 2026<\/a><\/p>\n<p class=\"c_bB\">Kaplunov byl podle Rusk\u00e9ho dobrovolnick\u00e9ho sboru v\u00a0\u00fater\u00fd nezn\u00e1m\u00fdmi pachateli unesen z\u00a0n\u00e1dvo\u0159\u00ed obytn\u00e9ho domu. Tento incident se nad\u00e1le vy\u0161et\u0159uje, p\u0159i\u010dem\u017e vy\u0161et\u0159ovatel\u00e9 jej je\u0161t\u011b pr\u00e1vn\u011b neklasifikovali.<\/p>\n<p class=\"c_bB\">A\u010dkoliv se situace na m\u00edst\u011b p\u0159est\u0159elky u\u017e relativn\u011b uklidnila, konfrontace mezi \u010dleny tajn\u00fdch slu\u017eeb st\u00e1le pokra\u010duje. Ukrajinsk\u00e1 policie proto oblast uzav\u0159ela a\u00a0nepou\u0161t\u00ed do n\u00ed civilisty. Odklon\u011bna z\u00a0n\u00ed byla i\u00a0ve\u0159ejn\u00e1 doprava. Na m\u00edsto mezit\u00edm dorazili vy\u0161et\u0159ovatel\u00e9 a\u00a0velitel Velitelstv\u00ed pro zvl\u00e1\u0161tn\u00ed operace Alfa, kter\u00e9 je sou\u010d\u00e1st\u00ed SBU.<\/p>\n<p class=\"c_bB\">SBU mezit\u00edm incident p\u0159iznala, ale v\u00a0ofici\u00e1ln\u00edm vyj\u00e1d\u0159en\u00ed tvrd\u00ed, \u017ee jej\u00ed d\u016fstojn\u00edci byli p\u0159i vy\u0161et\u0159ov\u00e1n\u00ed napadeni \u010dleny HUR. Jejich vy\u0161et\u0159ov\u00e1n\u00ed se \u00fadajn\u011b t\u00fdk\u00e1 teroristick\u00e9ho \u00fatoku pl\u00e1novan\u00e9ho ruskou Feder\u00e1ln\u00ed slu\u017ebou bezpe\u010dnosti (FSB). <\/p>\n<p class=\"c_bB\">\u201eJednotka z\u00a0Velitelstv\u00ed pro zvl\u00e1\u0161tn\u00ed operace Alfa byla nasazena, aby \u00fatok zastavila a\u00a0zajistila bezpe\u010dnost osob zapojen\u00fdch do vy\u0161et\u0159ov\u00e1n\u00ed. V\u00a0r\u00e1mci ukon\u010den\u00ed ozbrojen\u00e9ho odporu pou\u017eili jej\u00ed \u010dlenov\u00e9 zbran\u011b. N\u011bkte\u0159\u00ed z\u00a0t\u011bch, kte\u0159\u00ed odporovali, byli p\u0159i tomto incidentu zran\u011bni. \u00dato\u010dn\u00edci byli zadr\u017eeni,\u201c stoj\u00ed ve vyj\u00e1d\u0159en\u00ed SBU. <\/p>\n<p class=\"c_bB\">\u201eSituac\u00ed se te\u010f bude zab\u00fdvat St\u00e1tn\u00ed \u00fa\u0159ad pro vy\u0161et\u0159ov\u00e1n\u00ed. Je d\u016fle\u017eit\u00e9 zajistit pe\u010dliv\u00e9 a\u00a0nestrann\u00e9 vy\u0161et\u0159ov\u00e1n\u00ed, ale nikdo nem\u00e1 pr\u00e1vo beztrestn\u011b un\u00e1\u0161et voj\u00e1ky, st\u0159\u00edlet na ulic\u00edch na\u0161ich m\u011bst, nebo vyd\u00e1vat \u010di vykon\u00e1vat zlo\u010dinn\u00e9 rozkazy,\u201c okomentoval situaci \u0161\u00e9f ukrajinsk\u00e9 prezidentsk\u00e9 kancel\u00e1\u0159e a\u00a0b\u00fdval\u00fd velitel HUR Kyrylo Budanov. <\/p>\n<p><a data-dot=\"atm-link\" target=\"_self\" href=\"https:\/\/www.novinky.cz\/clanek\/valka-na-ukrajine-dalsi-utok-ponicil-obytne-vyskove-budovy-v-kyjeve-i-v-odese-na-miste-jsou-raneni-40595584\" class=\"c_I\" rel=\"nofollow noopener\"><img fetchpriority=\"high\" height=\"1125\" width=\"2000\" src=\"https:\/\/www.europesays.com\/cz\/wp-content\/uploads\/2026\/09\/2844.jpeg\" loading=\"eager\" decoding=\"sync\" class=\"c_t c_r\"\/><\/a><script async src=\"https:\/\/platform.twitter.com\/widgets.js\" charset=\"utf-8\"><\/script><\/p>\n","protected":false},"excerpt":{"rendered":"Zpr\u00e1vy o\u00a0p\u0159est\u0159elce \u010dlen\u016f ukrajinsk\u00fdch tajn\u00fdch slu\u017eeb v\u00a0Kyjev\u011b se na soci\u00e1ln\u00edch s\u00edt\u00edch za\u010daly objevovat ve st\u0159edu r\u00e1no, p\u00ed\u0161e server&hellip;\n","protected":false},"author":2,"featured_media":199799,"comment_status":"","ping_status":"","sticky":false,"template":"","format":"standard","meta":{"footnotes":"","_share_on_mastodon":"0"},"categories":[11],"tags":[1438,325,45804,31508,4600,54,110,611,53,52],"class_list":["post-199798","post","type-post","status-publish","format-standard","has-post-thumbnail","category-svet","tag-kyjev","tag-policie","tag-prestrelka","tag-rusky-dobrovolnicky-sbor-rdk","tag-sluzba-bezpecnosti-ukrajiny-sbu","tag-svet","tag-ukrajina","tag-unos","tag-world","tag-world-news"],"share_on_mastodon":{"url":"https:\/\/pubeurope.com\/@cz\/117201356150769829","error":""},"_links":{"self":[{"href":"https:\/\/www.europesays.com\/cz\/wp-json\/wp\/v2\/posts\/199798","targetHints":{"allow":["GET"]}}],"collection":[{"href":"https:\/\/www.europesays.com\/cz\/wp-json\/wp\/v2\/posts"}],"about":[{"href":"https:\/\/www.europesays.com\/cz\/wp-json\/wp\/v2\/types\/post"}],"author":[{"embeddable":true,"href":"https:\/\/www.europesays.com\/cz\/wp-json\/wp\/v2\/users\/2"}],"replies":[{"embeddable":true,"href":"https:\/\/www.europesays.com\/cz\/wp-json\/wp\/v2\/comments?post=199798"}],"version-history":[{"count":0,"href":"https:\/\/www.europesays.com\/cz\/wp-json\/wp\/v2\/posts\/199798\/revisions"}],"wp:featuredmedia":[{"embeddable":true,"href":"https:\/\/www.europesays.com\/cz\/wp-json\/wp\/v2\/media\/199799"}],"wp:attachment":[{"href":"https:\/\/www.europesays.com\/cz\/wp-json\/wp\/v2\/media?parent=199798"}],"wp:term":[{"taxonomy":"category","embeddable":true,"href":"https:\/\/www.europesays.com\/cz\/wp-json\/wp\/v2\/categories?post=199798"},{"taxonomy":"post_tag","embeddable":true,"href":"https:\/\/www.europesays.com\/cz\/wp-json\/wp\/v2\/tags?post=199798"}],"curies":[{"name":"wp","href":"https:\/\/api.w.org\/{rel}","templated":true}]}}