{"id":199854,"date":"2026-09-02T12:37:15","date_gmt":"2026-09-02T12:37:15","guid":{"rendered":"https:\/\/www.europesays.com\/cz\/199854\/"},"modified":"2026-09-02T12:37:15","modified_gmt":"2026-09-02T12:37:15","slug":"strach-o-zivot-neckare-bolestiva-slova-bratra","status":"publish","type":"post","link":"https:\/\/www.europesays.com\/cz\/199854\/","title":{"rendered":"Strach o \u017eivot Neck\u00e1\u0159e: Bolestiv\u00e1 slova bratra"},"content":{"rendered":"<p>\u201eAby v\u016fbec p\u0159e\u017eil\u201c<\/p>\n<p>Zpr\u00e1va o n\u00e1hl\u00e9m \u00famrt\u00ed <a class=\"celebrity celebwiki\" href=\"https:\/\/celebwiki.blesk.cz\/osobnost\/2635\/vaclav-neckar\/\" target=\"_blank\" rel=\"nofollow noopener\">V\u00e1clava Neck\u00e1\u0159e<\/a> mlad\u0161\u00edho zas\u00e1hla celou rodinu. Jeho otec se podle v\u0161eho se ztr\u00e1tou jedin\u00e9ho syna jen t\u011b\u017eko vyrovn\u00e1v\u00e1. Bratr Jan, kter\u00fd se o n\u011bj nyn\u00ed star\u00e1, nav\u00edc pro Blesk promluvil velmi znepokojiv\u011b. \u201eDote\u010f se m\u011b nikdo na nic neptal,\u201c uvedl nejprve. Na ot\u00e1zku, jak na tom jeho bratr po tragick\u00e9 ud\u00e1losti je, pak odpov\u011bd\u011bl je\u0161t\u011b otev\u0159en\u011bji: \u201eStar\u00e1m se, aby to bratr v\u016fbec p\u0159e\u017eil.\u201c Z\u00e1rove\u0148 dodal: \u201e\u0158e\u0161\u00ed se Va\u0161kovo zdrav\u00ed, to je nyn\u00ed nejd\u016fle\u017eit\u011bj\u0161\u00ed.\u201c<\/p>\n<p style=\"text-align: center;\">Bratr Neck\u00e1\u0159e Jan: Drsn\u00e1 slova o smrti V\u00e1clava!<\/p>\n<p style=\"text-align: center;\">\n<p>    <a href=\"https:\/\/www.ahaonline.cz\/clanek\/zhave-drby\/237120\/ze-ho-hanba-nefackuje-kozub-ublizil-neckarovi-v-nejhorsi-chvili.html\" rel=\"nofollow noopener\" target=\"_blank\"><\/p>\n<p>        <img decoding=\"async\" src=\"https:\/\/www.europesays.com\/cz\/wp-content\/uploads\/2026\/09\/1788352634_864_9952343-crop.jpg\" alt=\"\u017de ho hanba nefackuje... Kozub ubl\u00ed\u017eil Neck\u00e1\u0159ovi v nejhor\u0161\u00ed chv\u00edli!\" title=\"\u017de ho hanba nefackuje... Kozub ubl\u00ed\u017eil Neck\u00e1\u0159ovi v nejhor\u0161\u00ed chv\u00edli!\" height=\"140\" width=\"220\" class=\"lazyload \" loading=\"lazy\" \/><\/p>\n<p>    <\/a><\/p>\n<p>Syn byl jeho prav\u00e1 ruka<\/p>\n<p>Ztr\u00e1ta syna je pro Neck\u00e1\u0159e o to bolestiv\u011bj\u0161\u00ed, \u017ee mu byl dlouh\u00e1 l\u00e9ta nejen nejbli\u017e\u0161\u00edm \u010dlov\u011bkem, ale tak\u00e9 nepostradateln\u00fdm par\u0165\u00e1kem v pr\u00e1ci. V\u00e1clav mlad\u0161\u00ed fungoval jako jeho mana\u017eer, technik, zvuka\u0159 i bodyguard a doprov\u00e1zel ho na koncertech. Podle informac\u00ed CNN Prima NEWS nav\u00edc otec se synem a snachou sd\u00edleli spole\u010dn\u00fd d\u016fm a \u010d\u00e1st l\u00e9ta tr\u00e1vili na chalup\u011b v Jinc\u00edch.<\/p>\n<p>Jak Aha! popsala rodinn\u00e1 p\u0159\u00edtelkyn\u011b Helena Ryt\u00ed\u0159ov\u00e1, V\u00e1clav byl po synov\u011b smrti \u00fapln\u011b vyveden\u00fd z m\u00edry. \u201eVa\u0161\u00edk n\u00e1m um\u0159el\u2026 A jdu sp\u00e1t!\u201c m\u011bl podle n\u00ed \u0159\u00edct kr\u00e1tce pot\u00e9, co se o trag\u00e9dii dozv\u011bd\u011bl. N\u00e1sledn\u011b si m\u011bl vz\u00edt l\u00e9ky a necht\u011bl z\u016fstat vzh\u016fru. Bl\u00edzkost mezi otcem a synem p\u0159itom podle rodinn\u00fdch p\u0159\u00e1tel byla mimo\u0159\u00e1dn\u00e1 a V\u00e1clav se na n\u011bj v mnoha v\u011bcech siln\u011b spol\u00e9hal.<\/p>\n<p>Bratr u\u017e jednou pom\u00e1hal<\/p>\n<p>Jan Neck\u00e1\u0159 nav\u00edc nen\u00ed v roli \u010dlov\u011bka, kter\u00fd sv\u00e9ho bratra dr\u017e\u00ed nad vodou, poprv\u00e9. Po V\u00e1clavov\u011b t\u011b\u017ek\u00e9 mrtvici v roce 2002 mu v\u00fdrazn\u011b pom\u00e1hal s n\u00e1vratem do \u017eivota. Hl\u00eddal jeho j\u00eddeln\u00ed\u010dek, va\u0159il mu a motivoval ho k pohybu. Oporou mu byl tak\u00e9 po smrti man\u017eelky Jaroslavy v prosinci 2015.<\/p>\n<p>V\u00e1clavova rodina se nyn\u00ed sna\u017e\u00ed p\u0159edev\u0161\u00edm zvl\u00e1dnout bolestivou ztr\u00e1tu a postarat se o n\u011bj. Jak ostatn\u011b nazna\u010dil Jan, pr\u00e1v\u011b jeho zdrav\u00ed je v tuto chv\u00edli pro v\u0161echny nejd\u016fle\u017eit\u011bj\u0161\u00ed.<\/p>\n<p style=\"text-align: center;\">V\u00e1clav Neck\u00e1\u0159 v slz\u00e1ch: Zem\u0159el mu jedin\u00fd syn (\u202052)<\/p>\n<p>    <a href=\"https:\/\/www.ahaonline.cz\/clanek\/zhave-drby\/237100\/strach-o-neckare-po-smrti-syna-bracha-honza-promluvil.html\" rel=\"nofollow noopener\" target=\"_blank\"><\/p>\n<p>        <img decoding=\"async\" src=\"https:\/\/www.europesays.com\/cz\/wp-content\/uploads\/2026\/09\/9951799-crop.jpg\" alt=\"Strach o Neck\u00e1\u0159e po smrti syna: Br\u00e1cha Honza promluvil!\" title=\"Strach o Neck\u00e1\u0159e po smrti syna: Br\u00e1cha Honza promluvil!\" height=\"140\" width=\"220\" class=\"lazyload \" loading=\"lazy\" \/><\/p>\n<p>    <\/a><\/p>\n","protected":false},"excerpt":{"rendered":"\u201eAby v\u016fbec p\u0159e\u017eil\u201c Zpr\u00e1va o n\u00e1hl\u00e9m \u00famrt\u00ed V\u00e1clava Neck\u00e1\u0159e mlad\u0161\u00edho zas\u00e1hla celou rodinu. Jeho otec se podle v\u0161eho&hellip;\n","protected":false},"author":2,"featured_media":199855,"comment_status":"","ping_status":"","sticky":false,"template":"","format":"standard","meta":{"footnotes":"","_share_on_mastodon":"0"},"categories":[14],"tags":[24825,11246,79,12764,36754,336,1361,651,351,2977,11700,80,597,163,83],"class_list":["post-199854","post","type-post","status-publish","format-standard","has-post-thumbnail","category-zabava","tag-aha","tag-bratr","tag-entertainment","tag-jan-neckar","tag-jince","tag-obavy","tag-podpora","tag-rodina","tag-smrt","tag-strach","tag-vaclav-neckar","tag-zabava","tag-zdravi","tag-zhave-drby","tag-zpevak"],"share_on_mastodon":{"url":"https:\/\/pubeurope.com\/@cz\/117201485934430732","error":""},"_links":{"self":[{"href":"https:\/\/www.europesays.com\/cz\/wp-json\/wp\/v2\/posts\/199854","targetHints":{"allow":["GET"]}}],"collection":[{"href":"https:\/\/www.europesays.com\/cz\/wp-json\/wp\/v2\/posts"}],"about":[{"href":"https:\/\/www.europesays.com\/cz\/wp-json\/wp\/v2\/types\/post"}],"author":[{"embeddable":true,"href":"https:\/\/www.europesays.com\/cz\/wp-json\/wp\/v2\/users\/2"}],"replies":[{"embeddable":true,"href":"https:\/\/www.europesays.com\/cz\/wp-json\/wp\/v2\/comments?post=199854"}],"version-history":[{"count":0,"href":"https:\/\/www.europesays.com\/cz\/wp-json\/wp\/v2\/posts\/199854\/revisions"}],"wp:featuredmedia":[{"embeddable":true,"href":"https:\/\/www.europesays.com\/cz\/wp-json\/wp\/v2\/media\/199855"}],"wp:attachment":[{"href":"https:\/\/www.europesays.com\/cz\/wp-json\/wp\/v2\/media?parent=199854"}],"wp:term":[{"taxonomy":"category","embeddable":true,"href":"https:\/\/www.europesays.com\/cz\/wp-json\/wp\/v2\/categories?post=199854"},{"taxonomy":"post_tag","embeddable":true,"href":"https:\/\/www.europesays.com\/cz\/wp-json\/wp\/v2\/tags?post=199854"}],"curies":[{"name":"wp","href":"https:\/\/api.w.org\/{rel}","templated":true}]}}