{"id":199860,"date":"2026-09-02T12:42:14","date_gmt":"2026-09-02T12:42:14","guid":{"rendered":"https:\/\/www.europesays.com\/cz\/199860\/"},"modified":"2026-09-02T12:42:14","modified_gmt":"2026-09-02T12:42:14","slug":"andrej-babis-slavi-72-a-monika-nechybela-po-jeho-boku-rozesli-se-nebydli-spolu-ale-dal-vystupuji-jako-manzele","status":"publish","type":"post","link":"https:\/\/www.europesays.com\/cz\/199860\/","title":{"rendered":"Andrej Babi\u0161 slav\u00ed 72 a Monika nechyb\u011bla po jeho boku. Roze\u0161li se, nebydl\u00ed spolu, ale d\u00e1l vystupuj\u00ed jako man\u017eel\u00e9"},"content":{"rendered":"<p>Premi\u00e9r Andrej Babi\u0161 ve st\u0159edu slav\u00ed dvaasedmdes\u00e1t\u00e9 narozeniny. P\u0159edve\u010der sv\u00e9ho slavnostn\u00edho dne str\u00e1vil ve spole\u010dnosti man\u017eelky Moniky na zahajovac\u00edm koncert\u011b \u010cesk\u00e9 filharmonie. Dvojice tak potvrdila sv\u00e1 d\u0159\u00edv\u011bj\u0161\u00ed slova o tom, \u017ee rodina u nich z\u016fst\u00e1v\u00e1 na prvn\u00edm m\u00edst\u011b.<\/p>\n<p>Slavnostn\u00ed ve\u010der ve spole\u010dnosti klasick\u00e9 hudby<\/p>\n<p>Do pra\u017esk\u00e9ho Rudolfina dorazil p\u0159edseda vl\u00e1dy v elegantn\u00edm smokingu s \u010dern\u00fdm mot\u00fdlkem. Monika Babi\u0161ov\u00e1 pro tuto v\u00fdjime\u010dnou ud\u00e1lost zvolila pastelov\u011b \u017elut\u00e9 \u0161aty dopln\u011bn\u00e9 decentn\u00edmi zlat\u00fdmi n\u00e1u\u0161nicemi.<\/p>\n<p>Na soci\u00e1ln\u00edch s\u00edt\u00edch sd\u00edleli spole\u010dn\u00e9 fotografie ze slavnostn\u00edho p\u0159\u00edchodu s obrovskou kytic\u00ed. \u201eByl to kr\u00e1sn\u00fd ve\u010der a fantastick\u00fd z\u00e1\u017eitek jako v\u017edy,\u201c informoval Babi\u0161 sv\u00e9 p\u0159\u00edznivce na <a href=\"https:\/\/www.readzone.cz\/celebrity\/ze-socialnich-siti\/\" target=\"_blank\" rel=\"noopener follow nofollow\" data-wpel-link=\"internal\">soci\u00e1ln\u00edch s\u00edt\u00edch<\/a>.<\/p>\n<p>Na hudebn\u00edm programu figurovala d\u00edla Dmitrije \u0160ostakovi\u010de a Anton\u00edna Dvo\u0159\u00e1ka pod veden\u00edm dirigenta Semjona By\u010dkova. Na jin\u00e9 ned\u00e1vn\u00e9 spole\u010densk\u00e9 akci spojen\u00e9 s v\u00fdro\u010d\u00edm vietnamsk\u00e9 st\u00e1tnosti d\u011blala premi\u00e9rovi doprovod pro zm\u011bnu dcera Vivien.<\/p>\n<p>Svatba na farm\u011b a pevn\u00e9 rodinn\u00e9 vazby<\/p>\n<p>Man\u017eel\u00e9 se sezn\u00e1mili v roce 1992 v podniku Lovochemie v Lovosic\u00edch. Sv\u00e9 ano si \u0159ekli po p\u011btadvaceti letech vztahu koncem \u010dervence 2017 pod alt\u00e1nkem uprost\u0159ed rybn\u00edka na farm\u011b \u010cap\u00ed hn\u00edzdo. Nev\u011bsta tehdy obl\u00e9kla b\u00edl\u00e9 \u0161aty se z\u00e1vojem od zahrani\u010dn\u00ed n\u00e1vrh\u00e1\u0159ky a vlasy j\u00ed zdobila \u010delenka s diamanty.<\/p>\n<p>B\u011bhem oslavy za \u00fa\u010dasti dvou set host\u016f spole\u010dn\u011b zasadili strom symbolizuj\u00edc\u00ed jejich l\u00e1sku. Z vnit\u0159n\u00ed strany snubn\u00edch prsten\u016f si nechali vyr\u00fdt datum ob\u0159adu a vz\u00e1jemn\u00e9 inici\u00e1ly. P\u0159ed dv\u011bma lety man\u017eel\u00e9 ve\u0159ejnost p\u0159ekvapili ozn\u00e1men\u00edm o rozchodu. Po t\u0159ech dek\u00e1d\u00e1ch spole\u010dn\u00e9ho \u017eivota tehdy vydali prohl\u00e1\u0161en\u00ed o rozd\u011blen\u00ed osobn\u00edch cest s d\u016frazem na zachov\u00e1n\u00ed rodinn\u00e9 harmonie.<\/p>\n<p>Ka\u017edodenn\u00ed kontakt a p\u00e9\u010de o spole\u010dn\u00e9 d\u011bti<\/p>\n<p>Odlou\u010den\u00ed ov\u0161em neznamenalo definitivn\u00ed te\u010dku za jejich vztahem. \u201eRozvod nepl\u00e1nujeme,\u201c up\u0159esnil Babi\u0161 pozd\u011bji aktu\u00e1ln\u00ed rodinn\u00e9 situaci. V sou\u010dasnosti sice nebydl\u00ed ve stejn\u00e9 dom\u00e1cnosti, udr\u017euj\u00ed ale ka\u017edodenn\u00ed kontakt a maj\u00ed vytvo\u0159enou rodinnou komunika\u010dn\u00ed skupinu.<\/p>\n<p>D\u011bti Frederik a <a href=\"https:\/\/www.readzone.cz\/vivien-babisova-oslavila-26-let-prestoze-studovala-v-londyne-a-barcelone-zacala-v-agrofertu-od-zakladu\/\" target=\"_blank\" rel=\"noopener follow nofollow\" data-wpel-link=\"internal\">Vivien<\/a> pro n\u011b p\u0159edstavuj\u00ed absolutn\u00ed prioritu. Monika Babi\u0161ov\u00e1 se nyn\u00ed naplno v\u011bnuje vlastn\u00edmu podnik\u00e1n\u00ed a podle slov sv\u00e9ho mu\u017ee z n\u011bj m\u00e1 velkou radost.<\/p>\n<p>Minimalistick\u00fd domov a rychl\u00e1 ch\u016fze pro zdrav\u00ed<\/p>\n<p>Z\u00e1kladnu m\u00e1 Babi\u0161 vybudovanou v Pr\u016fhonic\u00edch u Prahy. Prostorn\u00e9mu ob\u00fdvac\u00edmu pokoji jeho rezidence dominuje masivn\u00ed schodi\u0161t\u011b se sklen\u011bn\u00fdm z\u00e1bradl\u00edm a nep\u0159ehl\u00e9dnuteln\u00fd lustr poskl\u00e1dan\u00fd z des\u00edtek kovov\u00fdch prvk\u016f. P\u0159\u00edmo pod schody vis\u00ed velk\u00fd obraz s anglick\u00fdm n\u00e1pisem We love dad. Toto dojemn\u00e9 um\u011bleck\u00e9 d\u00edlo dopl\u0148uj\u00ed otisky rukou jeho d\u011bt\u00ed.<\/p>\n<p>Pr\u00e1v\u011b u ko\u017een\u00fdch seda\u010dek a velk\u00e9ho stolu s \u0161achovnic\u00ed ob\u010das po\u0159\u00e1d\u00e1 v\u00edkendov\u00e1 pracovn\u00ed setk\u00e1n\u00ed s kolegy z vl\u00e1dy. V okol\u00ed bydli\u0161t\u011b tr\u00e1v\u00ed spoustu voln\u00e9ho \u010dasu aktivn\u011b. Sv\u00e9 p\u0159\u00edznivce ned\u00e1vno prost\u0159ednictv\u00edm soci\u00e1ln\u00edch s\u00edt\u00ed vyzval k pravideln\u00e9mu pohybu a doporu\u010dil jim rychlou ch\u016fzi v d\u00e9lce alespo\u0148 dvaceti a\u017e t\u0159iceti minut.<\/p>\n<p>S\u00e1m se ve sportovn\u00edm oble\u010den\u00ed se sluch\u00e1tky pravideln\u011b vyd\u00e1v\u00e1 na svi\u017en\u00e9 proch\u00e1zky pr\u016fhonick\u00fdm parkem. Do rozvoje samotn\u00e9 obce dlouhodob\u011b investuje. Postupn\u011b zde zrekonstruoval sokolovnu s fitness centrem, vybudoval restauraci Paloma, otev\u0159el \u010derpac\u00ed stanici s bistrem a anga\u017euje se ve v\u00fdstavb\u011b nov\u00fdch dom\u016f.<\/p>\n<p>Zdroj informac\u00ed: autorsk\u00e9 zpracov\u00e1n\u00ed redakce <a href=\"https:\/\/www.readzone.cz\/kontakty\/\" target=\"_blank\" rel=\"noopener noreferrer follow nofollow\" data-wpel-link=\"internal\">Readzone.cz<\/a> na z\u00e1klad\u011b ve\u0159ejn\u011b dostupn\u00fdch informac\u00ed z m\u00e9di\u00ed (<a href=\"https:\/\/www.instagram.com\/p\/DcxcX8zjeyw\/?hl=cs&amp;img_index=1\" target=\"_blank\" rel=\"noopener follow external nofollow\" data-wpel-link=\"external\">instagram<\/a>, <a href=\"https:\/\/www.novinky.cz\/clanek\/domaci-babis-se-rozvadi-40468625\" target=\"_blank\" rel=\"noopener follow external nofollow\" data-wpel-link=\"external\">novinky<\/a>, <a href=\"https:\/\/www.extra.cz\/rozvod-u-babisu-se-nekona-premier-odhalil-detaily-jejich-rozhodnuti-fdf7e\" target=\"_blank\" rel=\"noopener follow noreferrer nofollow\" data-wpel-link=\"exclude\">extra<\/a>).<script async src=\"\/\/www.instagram.com\/embed.js\"><\/script><\/p>\n","protected":false},"excerpt":{"rendered":"Premi\u00e9r Andrej Babi\u0161 ve st\u0159edu slav\u00ed dvaasedmdes\u00e1t\u00e9 narozeniny. P\u0159edve\u010der sv\u00e9ho slavnostn\u00edho dne str\u00e1vil ve spole\u010dnosti man\u017eelky Moniky na&hellip;\n","protected":false},"author":2,"featured_media":199861,"comment_status":"","ping_status":"","sticky":false,"template":"","format":"standard","meta":{"footnotes":"","_share_on_mastodon":"0"},"categories":[10],"tags":[266,1311,16120,17,21,2431,4471,8501,2241,16,4832,15606,651,21707,18,19,22,652,30808,20],"class_list":["post-199860","post","type-post","status-publish","format-standard","has-post-thumbnail","category-zpravy","tag-andrej-babis","tag-bydleni","tag-ceska-filharmonie","tag-headlines","tag-hlavni-udalosti","tag-influenceri","tag-luxus","tag-monika-babisova","tag-narozeniny","tag-news","tag-politici","tag-pruhonice","tag-rodina","tag-rudolfinum","tag-top-news","tag-top-stories","tag-udalosti-dne","tag-vztahy","tag-ze-socialnich-siti","tag-zpravy"],"share_on_mastodon":{"url":"https:\/\/pubeurope.com\/@cz\/117201505260493411","error":""},"_links":{"self":[{"href":"https:\/\/www.europesays.com\/cz\/wp-json\/wp\/v2\/posts\/199860","targetHints":{"allow":["GET"]}}],"collection":[{"href":"https:\/\/www.europesays.com\/cz\/wp-json\/wp\/v2\/posts"}],"about":[{"href":"https:\/\/www.europesays.com\/cz\/wp-json\/wp\/v2\/types\/post"}],"author":[{"embeddable":true,"href":"https:\/\/www.europesays.com\/cz\/wp-json\/wp\/v2\/users\/2"}],"replies":[{"embeddable":true,"href":"https:\/\/www.europesays.com\/cz\/wp-json\/wp\/v2\/comments?post=199860"}],"version-history":[{"count":0,"href":"https:\/\/www.europesays.com\/cz\/wp-json\/wp\/v2\/posts\/199860\/revisions"}],"wp:featuredmedia":[{"embeddable":true,"href":"https:\/\/www.europesays.com\/cz\/wp-json\/wp\/v2\/media\/199861"}],"wp:attachment":[{"href":"https:\/\/www.europesays.com\/cz\/wp-json\/wp\/v2\/media?parent=199860"}],"wp:term":[{"taxonomy":"category","embeddable":true,"href":"https:\/\/www.europesays.com\/cz\/wp-json\/wp\/v2\/categories?post=199860"},{"taxonomy":"post_tag","embeddable":true,"href":"https:\/\/www.europesays.com\/cz\/wp-json\/wp\/v2\/tags?post=199860"}],"curies":[{"name":"wp","href":"https:\/\/api.w.org\/{rel}","templated":true}]}}