{"id":199866,"date":"2026-09-02T12:46:30","date_gmt":"2026-09-02T12:46:30","guid":{"rendered":"https:\/\/www.europesays.com\/cz\/199866\/"},"modified":"2026-09-02T12:46:30","modified_gmt":"2026-09-02T12:46:30","slug":"pracharova-laska-havacova-stejne-prani-jako-ex-linda-docka-se","status":"publish","type":"post","link":"https:\/\/www.europesays.com\/cz\/199866\/","title":{"rendered":"Pracha\u0159ova l\u00e1ska Hav\u00e1\u010dov\u00e1: Stejn\u00e9 p\u0159\u00e1n\u00ed jako ex Linda &#8211; do\u010dk\u00e1 se?"},"content":{"rendered":"<p class=\"isSelectedEnd\"><a class=\"celebrity celebwiki\" href=\"https:\/\/celebwiki.blesk.cz\/osobnost\/4844\/sarah-havacova\/\" target=\"_blank\" rel=\"nofollow noopener\">Sarah Hav\u00e1\u010dov\u00e1<\/a> m\u00e1 za sebou po\u0159\u00e1dn\u011b nabit\u00e9 obdob\u00ed. Na za\u010d\u00e1tku z\u00e1\u0159\u00ed oslavila 36. narozeniny a z\u00e1rove\u0148 u\u017e je novoman\u017eelkou <a class=\"celebrity celebwiki\" href=\"https:\/\/celebwiki.blesk.cz\/osobnost\/1340\/david-prachar\/\" target=\"_blank\" rel=\"nofollow noopener\">Davida Pracha\u0159e<\/a>, kter\u00fd je o 31 let star\u0161\u00ed. Jejich vztah p\u0159itom nevznikl jen tak n\u00e1hodou. Jiskra mezi nimi p\u0159esko\u010dila b\u011bhem zkou\u0161en\u00ed divadeln\u00ed hry D\u011bdictv\u00ed, kterou Pracha\u0159 re\u017e\u00edroval a v n\u00ed\u017e Sarah ztv\u00e1rnila jednu z hlavn\u00edch rol\u00ed. Po zhruba dvou letech zn\u00e1mosti pak p\u0159i\u0161el velk\u00fd krok v podob\u011b svatby.<\/p>\n<p>Tou\u017e\u00ed po d\u00edt\u011bti<\/p>\n<p class=\"isSelectedEnd\">A zd\u00e1 se, \u017ee Sarah m\u00e1 s man\u017eelem velk\u00e9 pl\u00e1ny i do budoucna. Here\u010dka se toti\u017e netaj\u00ed touhou po mate\u0159stv\u00ed. V rozhovoru pro \u010dasopis Glanc otev\u0159en\u011b p\u0159iznala: \u201eT\u011b\u0161\u00edm se, a\u017e budu moct plnit mate\u0159sk\u00e9 povinnosti. Rodi\u010dovsk\u00e9. J\u00e1 tu roli chci naplnit, jen k n\u00ed mus\u00edm doj\u00edt.\u201c O tom, jak by si s Davidem p\u0159\u00edpadn\u011b rozd\u011blili p\u00e9\u010di o d\u00edt\u011b, u\u017e dokonce tak\u00e9 p\u0159em\u00fd\u0161lela. \u201eKdo bude m\u00edt v\u00edc \u010dasu, bude doma. Kdo bude m\u00edt v\u011bt\u0161\u00ed pr\u00e1ci nebo nab\u00eddku, bude pracovat,\u201c popsala svou p\u0159edstavu.<\/p>\n<p class=\"isSelectedEnd\" style=\"text-align: center;\">David Pracha\u0159 se o\u017eenil! Vzal si here\u010dku Sarah Hav\u00e1\u010dovou<\/p>\n<p>    <a href=\"https:\/\/www.ahaonline.cz\/clanek\/zhave-drby\/237097\/po-svatbe-s-pracharem-nezahali-zasadni-krok-havacove.html\" rel=\"nofollow noopener\" target=\"_blank\"><\/p>\n<p>        <img decoding=\"async\" src=\"https:\/\/www.europesays.com\/cz\/wp-content\/uploads\/2026\/09\/9951767-crop.jpg\" alt=\"Po svatb\u011b s Pracha\u0159em nezah\u00e1l\u00ed: Z\u00e1sadn\u00ed krok Hav\u00e1\u010dov\u00e9! \" title=\"Po svatb\u011b s Pracha\u0159em nezah\u00e1l\u00ed: Z\u00e1sadn\u00ed krok Hav\u00e1\u010dov\u00e9! \" height=\"140\" width=\"220\" class=\"lazyload \" loading=\"lazy\" \/><\/p>\n<p>    <\/a><\/p>\n<p class=\"isSelectedEnd\">Pracha\u0159 je p\u0159itom otcem u\u017e p\u011bti d\u011bt\u00ed. Z prvn\u00edho man\u017eelstv\u00ed s <a class=\"celebrity celebwiki\" href=\"https:\/\/celebwiki.blesk.cz\/osobnost\/1338\/dana-batulkova\/\" target=\"_blank\" rel=\"nofollow noopener\">Danou Batulkovou<\/a> m\u00e1 Jakuba a Marianu, s <a class=\"celebrity celebwiki\" href=\"https:\/\/celebwiki.blesk.cz\/osobnost\/1973\/linda-rybova\/\" target=\"_blank\" rel=\"nofollow noopener\">Lindou Rybovou<\/a> pak Roz\u00e1lii, Josef\u00ednu a Franti\u0161ka. Pokud by se Sarah jej\u00ed sen splnil, stal by se tak otcem u\u017e po\u0161est\u00e9.<\/p>\n<p>Ne\u017eije jen herectv\u00edm<\/p>\n<p class=\"isSelectedEnd\">Sarah ale rozhodn\u011b nen\u00ed \u017eenou, kter\u00e1 by se chystala jen usadit doma. Vedle herectv\u00ed se dlouhodob\u011b v\u011bnuje pomoci druh\u00fdm. B\u011bhem pandemie pracovala jako dobrovolnice v nemocnici, podporuje sirot\u010dinec v Tanzanii a po vypuknut\u00ed v\u00e1lky na Ukrajin\u011b se vyd\u00e1v\u00e1 do zem\u011b s humanit\u00e1rn\u00ed pomoc\u00ed.<\/p>\n<p class=\"isSelectedEnd\">Dokonce vstoupila do aktivn\u00edch z\u00e1loh arm\u00e1dy. N\u00e1ro\u010dn\u00fd \u010dty\u0159t\u00fddenn\u00ed v\u00fdcvik absolvovala spole\u010dn\u011b se svou mlad\u0161\u00ed sestrou Terezou. \u201eByly jsme v jedn\u00e9 \u010det\u011b a dostaly jsme spole\u010dn\u00fd pokoj. Ka\u017ed\u00e9 r\u00e1no jsme se hecovaly p\u00edsni\u010dkou Extreme Ways. Jednou t\u00e1hla v\u00edc ona, jindy j\u00e1. Slzy i sm\u00edch. Za ten m\u011bs\u00edc jsme si nikdy v \u017eivot\u011b nebyly bl\u00ed\u017e,\u201c zavzpom\u00ednala Sarah v po\u0159adu Show Jana Krause.<\/p>\n<p>L\u00e1ska z divadla<\/p>\n<p class=\"isSelectedEnd\">K herectv\u00ed p\u0159itom Sarah t\u00edhla u\u017e od d\u011btstv\u00ed. Jako jeden\u00e1ctilet\u00e1 za\u010dala chodit do dramatick\u00e9ho krou\u017eku a pozd\u011bji hr\u00e1la v amat\u00e9rsk\u00e9m divadle. Po gymn\u00e1ziu vystudovala \u010dinohern\u00ed herectv\u00ed na JAMU a profesion\u00e1ln\u00ed kari\u00e9ru odstartovala v ostravsk\u00e9m Divadle Petra Bezru\u010de. V Praze pak hostovala mimo jin\u00e9 v M\u011bstsk\u00fdch divadlech pra\u017esk\u00fdch a na Nov\u00e9 sc\u00e9n\u011b N\u00e1rodn\u00edho divadla.<\/p>\n<p class=\"isSelectedEnd\" style=\"text-align: center;\">Sarah Hav\u00e1\u010dov\u00e1: Prvn\u00ed slova o \u00fadajn\u00e9m vztahu s Pracha\u0159em!<\/p>\n<p>Pr\u00e1v\u011b divadlo se j\u00ed nakonec stalo osudn\u00fdm i v soukrom\u00ed. Pracha\u0159 byl u vzniku Divadla Verze, kde se zkou\u0161elo jejich spole\u010dn\u00e9 D\u011bdictv\u00ed, a podle informac\u00ed, kter\u00e9 u\u017e d\u0159\u00edve p\u0159inesla m\u00e9dia, pr\u00e1v\u011b tam jejich vztah za\u010dal. Dnes u\u017e je z hereck\u00fdch koleg\u016f man\u017eelsk\u00fd p\u00e1r. A pokud Sarah skute\u010dn\u011b jednou p\u0159iv\u00edt\u00e1 na sv\u011bt\u011b vytou\u017een\u00e9ho potomka, \u010dek\u00e1 je dal\u0161\u00ed velk\u00e1 \u017eivotn\u00ed role.<\/p>\n<p>    <a href=\"https:\/\/www.ahaonline.cz\/clanek\/zhave-drby\/236792\/vau-knez-havacove-a-prachare-promluvil-o-materstvi-sarah.html\" rel=\"nofollow noopener\" target=\"_blank\"><\/p>\n<p>        <img decoding=\"async\" src=\"https:\/\/www.europesays.com\/cz\/wp-content\/uploads\/2026\/09\/9627913.jpg\" alt=\"VAU! Kn\u011bz Hav\u00e1\u010dov\u00e9 a Pracha\u0159e promluvil o mate\u0159stv\u00ed Sarah\" title=\"VAU! Kn\u011bz Hav\u00e1\u010dov\u00e9 a Pracha\u0159e promluvil o mate\u0159stv\u00ed Sarah\" height=\"140\" width=\"220\" class=\"lazyload \" loading=\"lazy\" \/><\/p>\n<p>    <\/a><\/p>\n","protected":false},"excerpt":{"rendered":"Sarah Hav\u00e1\u010dov\u00e1 m\u00e1 za sebou po\u0159\u00e1dn\u011b nabit\u00e9 obdob\u00ed. Na za\u010d\u00e1tku z\u00e1\u0159\u00ed oslavila 36. narozeniny a z\u00e1rove\u0148 u\u017e je&hellip;\n","protected":false},"author":2,"featured_media":199867,"comment_status":"","ping_status":"","sticky":false,"template":"","format":"standard","meta":{"footnotes":"","_share_on_mastodon":"0"},"categories":[14],"tags":[426,444,428,79,349,1577,1539,651,425,1776,80,163],"class_list":["post-199866","post","type-post","status-publish","format-standard","has-post-thumbnail","category-zabava","tag-david-prachar","tag-deti","tag-divadlo","tag-entertainment","tag-herec","tag-herecka","tag-herectvi","tag-rodina","tag-sarah-havacova","tag-svatba","tag-zabava","tag-zhave-drby"],"share_on_mastodon":{"url":"https:\/\/pubeurope.com\/@cz\/117201520881637884","error":""},"_links":{"self":[{"href":"https:\/\/www.europesays.com\/cz\/wp-json\/wp\/v2\/posts\/199866","targetHints":{"allow":["GET"]}}],"collection":[{"href":"https:\/\/www.europesays.com\/cz\/wp-json\/wp\/v2\/posts"}],"about":[{"href":"https:\/\/www.europesays.com\/cz\/wp-json\/wp\/v2\/types\/post"}],"author":[{"embeddable":true,"href":"https:\/\/www.europesays.com\/cz\/wp-json\/wp\/v2\/users\/2"}],"replies":[{"embeddable":true,"href":"https:\/\/www.europesays.com\/cz\/wp-json\/wp\/v2\/comments?post=199866"}],"version-history":[{"count":0,"href":"https:\/\/www.europesays.com\/cz\/wp-json\/wp\/v2\/posts\/199866\/revisions"}],"wp:featuredmedia":[{"embeddable":true,"href":"https:\/\/www.europesays.com\/cz\/wp-json\/wp\/v2\/media\/199867"}],"wp:attachment":[{"href":"https:\/\/www.europesays.com\/cz\/wp-json\/wp\/v2\/media?parent=199866"}],"wp:term":[{"taxonomy":"category","embeddable":true,"href":"https:\/\/www.europesays.com\/cz\/wp-json\/wp\/v2\/categories?post=199866"},{"taxonomy":"post_tag","embeddable":true,"href":"https:\/\/www.europesays.com\/cz\/wp-json\/wp\/v2\/tags?post=199866"}],"curies":[{"name":"wp","href":"https:\/\/api.w.org\/{rel}","templated":true}]}}