{"id":199926,"date":"2026-09-02T13:37:09","date_gmt":"2026-09-02T13:37:09","guid":{"rendered":"https:\/\/www.europesays.com\/cz\/199926\/"},"modified":"2026-09-02T13:37:09","modified_gmt":"2026-09-02T13:37:09","slug":"v-prostejove-se-stretl-osobni-vlak-s-popelarskym-vozem-osm-zranenych","status":"publish","type":"post","link":"https:\/\/www.europesays.com\/cz\/199926\/","title":{"rendered":"V Prost\u011bjov\u011b se st\u0159etl osobn\u00ed vlak s popel\u00e1\u0159sk\u00fdm vozem, osm zran\u011bn\u00fdch"},"content":{"rendered":"<p>\n                                        Motorov\u00fd v\u016fz vykolejil.                                    <\/p>\n<p>Na \u017eelezni\u010dn\u00edm p\u0159ejezdu v Prost\u011bjov\u011b se st\u0159etl osobn\u00ed vlak \u010cesk\u00fdch drah s popel\u00e1\u0159sk\u00fdm vozem. Motorov\u00fd v\u016fz p\u0159i nehod\u011b \u010d\u00e1ste\u010dn\u011b vykolejil. Podle mluv\u010d\u00edho Spr\u00e1vy \u017eeleznic pro mimo\u0159\u00e1dnosti Martina Kavky se zranilo osm lid\u00ed v\u010detn\u011b strojvedouc\u00edho, t\u0159i z nich byli v aut\u011b. Hasi\u010di informuj\u00ed o sedmi zran\u011bn\u00fdch.<\/p>\n<p>\u0160lo o spoj Os 13809, jedouc\u00ed z \u010cervenky do Prost\u011bjova. K nehod\u011b do\u0161lo v \u00faseku Kostelec na Han\u00e9 \u2013 Prost\u011bjov, hl. n.<\/p>\n<p>Provoz na trati 306 je po nehod\u011b zastaven\u00fd. \u010cesk\u00e9 dr\u00e1hy zaji\u0161\u0165uj\u00ed mezi Prost\u011bjovem a Kostelcem na Han\u00e9 n\u00e1hradn\u00ed autobusovou dopravu, \u010d\u00e1st spoj\u016f je od\u0159eknuta.<\/p>\n<p>Na m\u00edst\u011b zasahuj\u00ed slo\u017eky integrovan\u00e9ho z\u00e1chrann\u00e9ho syst\u00e9mu v\u010detn\u011b hasi\u010d\u016f Spr\u00e1vy \u017eeleznic a t\u0159\u00ed jednotek HZS Olomouck\u00e9ho kraje. U nehody p\u0159ist\u00e1l i vrtuln\u00edk z\u00e1chran\u00e1\u0159\u016f.<\/p>\n<p><a href=\"https:\/\/zdopravy.cz\/wp-content\/uploads\/2026\/09\/c4761720-0e2a-4905-ba4e-d574d64daa3c.jpg\" rel=\"nofollow noopener\" target=\"_blank\"><img loading=\"lazy\" decoding=\"async\" aria-describedby=\"caption-attachment-297527\" class=\"size-medium wp-image-297527\" src=\"https:\/\/www.europesays.com\/cz\/wp-content\/uploads\/2026\/09\/c4761720-0e2a-4905-ba4e-d574d64daa3c-300x212.jpg\" alt=\"Nehoda v Prost\u011bjov\u011b. Zdroj: Hasi\u010di S\u017d\" width=\"300\" height=\"212\"  \/><\/a><\/p>\n<p id=\"caption-attachment-297527\" class=\"wp-caption-text\">Nehoda v Prost\u011bjov\u011b.<br \/>Zdroj: Hasi\u010di S\u017d<\/p>\n<p>Po zadokumentov\u00e1n\u00ed nehody polici\u00ed budou hasi\u010di odstra\u0148ovat popel\u00e1\u0159sk\u00fd v\u016fz z koleji\u0161t\u011b a nakolejovat vlak. Spr\u00e1va \u017eeleznic p\u0159edpokl\u00e1d\u00e1 obnoven\u00ed provozu kolem 17:30, \u010cesk\u00e9 dr\u00e1hy maj\u00ed mimo\u0159\u00e1dnost zat\u00edm vedenou do 18:00.<\/p>\n<p>Podle policist\u016f \u0161lo o p\u0159ejezd P6545. Ulice Za Kosteleckou je v m\u00edst\u011b nehody uzav\u0159ena.<\/p>\n<p>                                                        Tagy<\/p>\n<p>                                                                                                                                                                                                                            <a href=\"https:\/\/zdopravy.cz\/tag\/cd\/\" type=\"button\" class=\"btn btn-secondary mb-1 btn-sm\" rel=\"nofollow noopener\" target=\"_blank\"><br \/>\n                                                                \u010dd                                                            <\/a><br \/>\n                                                                                                                                                                                                                                <a href=\"https:\/\/zdopravy.cz\/tag\/ceske-drahy\/\" type=\"button\" class=\"btn btn-secondary mb-1 btn-sm\" rel=\"nofollow noopener\" target=\"_blank\"><br \/>\n                                                                \u010cesk\u00e9 dr\u00e1hy                                                            <\/a><br \/>\n                                                                                                                                                                                                                                <a href=\"https:\/\/zdopravy.cz\/tag\/nehody-na-prejezdech\/\" type=\"button\" class=\"btn btn-secondary mb-1 btn-sm\" rel=\"nofollow noopener\" target=\"_blank\"><br \/>\n                                                                nehody na p\u0159ejezdech                                                            <\/a><br \/>\n                                                                                                                                                                                                                                                                                                                                            <a href=\"https:\/\/zdopravy.cz\/tag\/sprava-zeleznic\/\" type=\"button\" class=\"btn btn-secondary mb-1 btn-sm\" rel=\"nofollow noopener\" target=\"_blank\"><br \/>\n                                                                Spr\u00e1va \u017eeleznic                                                            <\/a><br \/>\n                                                                                                                                                                                                                                <a href=\"https:\/\/zdopravy.cz\/tag\/stret-nakladniho-auta-s-vlakem\/\" type=\"button\" class=\"btn btn-secondary mb-1 btn-sm\" rel=\"nofollow noopener\" target=\"_blank\"><br \/>\n                                                                st\u0159et n\u00e1kladn\u00edho auta s vlakem                                                            <\/a><br \/>\n                                                                                                                                                                                                                                <a href=\"https:\/\/zdopravy.cz\/tag\/stretnuti-vlaku-a-nakladniho-auta\/\" type=\"button\" class=\"btn btn-secondary mb-1 btn-sm\" rel=\"nofollow noopener\" target=\"_blank\"><br \/>\n                                                                st\u0159etnut\u00ed vlaku a n\u00e1kladn\u00edho auta                                                            <\/a><br \/>\n                                                                                                                                                                                                                                <a href=\"https:\/\/zdopravy.cz\/tag\/sz\/\" type=\"button\" class=\"btn btn-secondary mb-1 btn-sm\" rel=\"nofollow noopener\" target=\"_blank\"><br \/>\n                                                                S\u017d                                                            <\/a><\/p>\n<p>                                                <a href=\"https:\/\/zdopravy.cz\/na-prostejovsku-se-stretnul-osobni-vlak-s-popelarskym-vozem-ctyri-zraneni-297489\/?comments=1#comments\" class=\"ml-3 text-body mb-3 mt-4 d-inline-block\" rel=\"nofollow noopener\" target=\"_blank\"><\/p>\n<p>                                                    7 koment\u00e1\u0159\u016f                                                <\/a><\/p>\n","protected":false},"excerpt":{"rendered":"Motorov\u00fd v\u016fz vykolejil. Na \u017eelezni\u010dn\u00edm p\u0159ejezdu v Prost\u011bjov\u011b se st\u0159etl osobn\u00ed vlak \u010cesk\u00fdch drah s popel\u00e1\u0159sk\u00fdm vozem. Motorov\u00fd&hellip;\n","protected":false},"author":2,"featured_media":199927,"comment_status":"","ping_status":"","sticky":false,"template":"","format":"standard","meta":{"footnotes":"","_share_on_mastodon":"0"},"categories":[7],"tags":[4815,43,568,42,41,40,29392,119,535,45827,45828,7791],"class_list":["post-199926","post","type-post","status-publish","format-standard","has-post-thumbnail","category-cesko","tag-cd","tag-ceska-republika","tag-ceske-drahy","tag-cesko","tag-czech-republic","tag-czechia","tag-nehody-na-prejezdech","tag-seznam","tag-sprava-zeleznic","tag-stret-nakladniho-auta-s-vlakem","tag-stretnuti-vlaku-a-nakladniho-auta","tag-sz"],"share_on_mastodon":{"url":"https:\/\/pubeurope.com\/@cz\/117201721652882973","error":""},"_links":{"self":[{"href":"https:\/\/www.europesays.com\/cz\/wp-json\/wp\/v2\/posts\/199926","targetHints":{"allow":["GET"]}}],"collection":[{"href":"https:\/\/www.europesays.com\/cz\/wp-json\/wp\/v2\/posts"}],"about":[{"href":"https:\/\/www.europesays.com\/cz\/wp-json\/wp\/v2\/types\/post"}],"author":[{"embeddable":true,"href":"https:\/\/www.europesays.com\/cz\/wp-json\/wp\/v2\/users\/2"}],"replies":[{"embeddable":true,"href":"https:\/\/www.europesays.com\/cz\/wp-json\/wp\/v2\/comments?post=199926"}],"version-history":[{"count":0,"href":"https:\/\/www.europesays.com\/cz\/wp-json\/wp\/v2\/posts\/199926\/revisions"}],"wp:featuredmedia":[{"embeddable":true,"href":"https:\/\/www.europesays.com\/cz\/wp-json\/wp\/v2\/media\/199927"}],"wp:attachment":[{"href":"https:\/\/www.europesays.com\/cz\/wp-json\/wp\/v2\/media?parent=199926"}],"wp:term":[{"taxonomy":"category","embeddable":true,"href":"https:\/\/www.europesays.com\/cz\/wp-json\/wp\/v2\/categories?post=199926"},{"taxonomy":"post_tag","embeddable":true,"href":"https:\/\/www.europesays.com\/cz\/wp-json\/wp\/v2\/tags?post=199926"}],"curies":[{"name":"wp","href":"https:\/\/api.w.org\/{rel}","templated":true}]}}