{"id":199960,"date":"2026-09-02T14:07:13","date_gmt":"2026-09-02T14:07:13","guid":{"rendered":"https:\/\/www.europesays.com\/cz\/199960\/"},"modified":"2026-09-02T14:07:13","modified_gmt":"2026-09-02T14:07:13","slug":"leto-bylo-v-cesku-jedno-z-nejsussich-v-historii-mereni","status":"publish","type":"post","link":"https:\/\/www.europesays.com\/cz\/199960\/","title":{"rendered":"L\u00e9to bylo v\u00a0\u010cesku jedno z\u00a0nejsu\u0161\u0161\u00edch v\u00a0historii m\u011b\u0159en\u00ed"},"content":{"rendered":"<p class=\"c_bB\">Za leto\u0161n\u00ed \u010derven a\u017e srpen (meteorologick\u00e9 l\u00e9to) spadlo v\u00a0\u010cesku v\u00a0pr\u016fm\u011bru 193\u00a0mm sr\u00e1\u017eek, co\u017e odpov\u00edd\u00e1 78\u00a0% klimatologick\u00e9ho norm\u00e1lu z\u00a0let 1991\u00a0a\u017e 2020. <\/p>\n<p class=\"c_bB\">\u00dahrny sr\u00e1\u017eek v\u0161ak byly prostorov\u011b nevyrovnan\u00e9. V\u00edce pr\u0161elo v\u00a0\u010cech\u00e1ch (206\u00a0mm) ne\u017e na Morav\u011b a\u00a0ve Slezsku (165\u00a0mm). Nejm\u00e9n\u011b pr\u0161elo v\u00a0Jihomoravsk\u00e9m kraji (116\u00a0mm), kde nam\u011b\u0159ili jen 54\u00a0% sr\u00e1\u017eek oproti pr\u016fm\u011bru z\u00a0let 1991\u00a0a\u017e 2020.\u00a0Stanice Kucha\u0159ovice m\u011bla jen 74\u00a0mm, co\u017e je 37\u00a0% norm\u00e1lu. <\/p>\n<p><img fetchpriority=\"high\" height=\"1448\"   width=\"2048\" src=\"https:\/\/www.europesays.com\/cz\/wp-content\/uploads\/2026\/09\/1788358030_880_pocasi-leto-klima.jpeg\" loading=\"eager\" decoding=\"sync\" class=\"c_t c_r\"\/>Foto: \u010cHM\u00da<\/p>\n<p class=\"c_bB\">Kolik napr\u0161elo letos v\u00a0l\u00e9t\u011b<\/p>\n<p class=\"c_bB\">Nejv\u00edce naopak pr\u0161elo v\u00a0Libereck\u00e9m kraji (276\u00a0mm), kter\u00fd se dostal zhruba na 100\u00a0% norm\u00e1lu. Nejv\u00edce de\u0161tiv\u00e9 byly horsk\u00e9 stanice v\u00a0Krkono\u0161\u00edch a\u00a0Jizersk\u00fdch hor\u00e1ch, nap\u0159\u00edklad Labsk\u00e1 bouda nam\u011b\u0159ila za m\u011bs\u00edce \u010derven a\u017e srpen 483\u00a0mm sr\u00e1\u017eek, co\u017e odpov\u00edd\u00e1 97\u00a0% norm\u00e1lu. <\/p>\n<p class=\"c_bB\">Z letn\u00edch m\u011bs\u00edc\u016f byl nejsu\u0161\u0161\u00ed \u010dervenec, kdy v\u00a0pr\u016fm\u011bru napadlo jen 51\u00a0mm, co\u017e je 57\u00a0% norm\u00e1lu. V\u00a0\u010dervnu spadlo 71\u00a0mm (87\u00a0% norm\u00e1lu) a\u00a0v srpnu v\u00a0pr\u016fm\u011bru napr\u0161elo stejn\u00e9 mno\u017estv\u00ed, ale oproti klimatologick\u00e9mu norm\u00e1lu za srpen je to 91\u00a0%. <\/p>\n<p class=\"c_bB\">Celkov\u011b pr\u0161elo m\u00e9n\u011b v\u00a0ji\u017en\u00ed \u010d\u00e1sti \u010ceska. \u010casto zde nam\u011b\u0159ili m\u00e9n\u011b ne\u017e 50\u00a0% obvykl\u00e9ho \u00fahrnu. Naopak v\u00edce ne\u017e 100\u00a0% obvykl\u00fdch sr\u00e1\u017eek zaznamenaly oblasti na pomez\u00ed st\u0159edn\u00edch \u010cech, v\u00fdchodn\u00edch \u010cech a\u00a0Libereck\u00e9ho kraje. <\/p>\n<p class=\"c_bB\">\u201eP\u0159es 100\u00a0% letn\u00edho sr\u00e1\u017ekov\u00e9ho norm\u00e1lu pak spadlo ojedin\u011ble i\u00a0jinde a\u00a0to na stanic\u00edch, kam se v\u00a0l\u00e9t\u011b \u201atrefila\u2018 bou\u0159ka doprov\u00e1zen\u00e1 v\u00fdrazn\u00fdm sr\u00e1\u017ekov\u00fdm \u00fahrnem,\u201c dod\u00e1vaj\u00ed <a data-dot=\"atm-link\" target=\"_blank\" rel=\"noopener nofollow\" href=\"https:\/\/www.facebook.com\/chmi.cz\/posts\/pfbid0txcHQPmLdW5tVkXrmxBaZzCiR7a1fQjKiGyNZ4bmmnypnCpefwd7nu9ZViW6M8FCl\" class=\"c_I\">klimatologov\u00e9<\/a>. <\/p>\n<p class=\"c_bB\">Celkov\u00fd deficit sr\u00e1\u017eek od za\u010d\u00e1tku roku je v\u00a0pr\u016fm\u011bru na \u00fazem\u00ed \u010ceska 134\u00a0mm a\u00a0rok 2026\u00a0se po skon\u010den\u00ed srpna za\u0159adil zat\u00edm jako 3.\u00a0sr\u00e1\u017ekov\u011b nejchud\u0161\u00ed po letech 2018\u00a0a\u00a02003.\u00a0M\u016f\u017ee za to tak\u00e9 <a data-dot=\"atm-link\" target=\"_blank\" href=\"https:\/\/www.novinky.cz\/clanek\/pocasi-letosni-jaro-v-cesku-bylo-nejsussi-v-historii-mereni-40581081\" class=\"c_I\" rel=\"nofollow noopener\">nejsu\u0161\u0161\u00ed jaro<\/a> v\u00a0historii m\u011b\u0159en\u00ed. <\/p>\n<p><img height=\"1315\"   width=\"2048\" src=\"https:\/\/www.europesays.com\/cz\/wp-content\/uploads\/2026\/09\/pocasi-sucho-dest.jpeg\" loading=\"eager\" decoding=\"sync\" class=\"c_t c_r\"\/>Foto: \u010cHM\u00da<\/p>\n<p class=\"c_bB\">Leto\u0161n\u00ed rok je po konci srpna 3.\u00a0sr\u00e1\u017ekov\u011b nejchud\u0161\u00ed v\u00a0historii m\u011b\u0159en\u00ed<\/p>\n<p class=\"c_bB\">Loni po skon\u010den\u00ed l\u00e9ta byla situace velmi podobn\u00e1, kdy byl rok pr\u016fb\u011b\u017en\u011b na 4.\u00a0\u2013 5.\u00a0m\u00edst\u011b v\u00a0\u017eeb\u0159\u00ed\u010dku sr\u00e1\u017ekov\u011b nejchud\u0161\u00edch rok\u016f od roku 1961. <\/p>\n<p>Sucho zhor\u0161uj\u00ed extr\u00e9mn\u00ed vedra<\/p>\n<p class=\"c_bB\">Krom\u011b meteorologick\u00e9ho sucha tr\u00e1p\u00ed letos \u010cesko tak\u00e9 p\u016fdn\u00ed sucho a\u00a0je tak\u00e9 m\u00e1lo vody v\u00a0\u0159ek\u00e1ch. Krom\u011b nedostatku de\u0161t\u011b za to mohou i\u00a0extr\u00e9mn\u011b vysok\u00e9 teploty, kter\u00e9 zvy\u0161uj\u00ed v\u00fdpar vody z\u00a0krajiny. <\/p>\n<p class=\"c_bB\">\u010cesko za\u017eilo druh\u00e9 nejteplej\u0161\u00ed l\u00e9to v\u00a0historii m\u011b\u0159en\u00ed s\u00a0pr\u016fm\u011brnou teplotou 19,4\u00a0\u00b0C. V\u00a0\u010dervnu byla p\u0159ekon\u00e1na nejvy\u0161\u0161\u00ed teplota v\u00a0historii na\u0161\u00ed zem\u011b, kdy\u017e v\u00a0Doksanech nam\u011b\u0159ili 41,9\u00a0\u00b0C. Celkem v\u00a0p\u011bti dnech letos v\u00a0l\u00e9t\u011b teplota vystoupala nad 40\u00a0\u00b0C. <\/p>\n<p class=\"c_bB\">Letos v\u00a0l\u00e9t\u011b byl zaznamen\u00e1n tak\u00e9 rekordn\u00ed po\u010det tropick\u00fdch noc\u00ed (teplota v\u00a0noci neklesla pod 20\u00a0\u00b0C). Celkem jich bylo 35.\u00a0Velmi vysok\u00fd byl i\u00a0po\u010det tropick\u00fdch dn\u00ed (teplota nad 30\u00a0\u00b0C), kter\u00fdch bylo zaznamen\u00e1no 51. <\/p>\n<p><img height=\"1148\"   width=\"2048\" src=\"https:\/\/www.europesays.com\/cz\/wp-content\/uploads\/2026\/09\/1788358031_462_pocasi-leto-klima.jpeg\" loading=\"eager\" decoding=\"sync\" class=\"c_t c_r\"\/>Foto: \u010cHM\u00da<\/p>\n<p class=\"c_bB\">Pr\u016fm\u011brn\u00e1 teplota vzduchu v\u00a0l\u00e9t\u011b v\u00a0\u010cesku<\/p>\n<p><img height=\"1220\"   width=\"2048\" src=\"https:\/\/www.europesays.com\/cz\/wp-content\/uploads\/2026\/09\/pocasi-teploty-leto.jpeg\" loading=\"eager\" decoding=\"sync\" class=\"c_t c_r\"\/>Foto: \u010cHM\u00da<\/p>\n<p class=\"c_bB\">Pr\u016fm\u011brn\u00e9 denn\u00ed teploty letos v\u00a0l\u00e9t\u011b v\u00a0porovn\u00e1n\u00ed s\u00a0dal\u0161\u00edmi roky a\u00a0dlouhodob\u00fdm pr\u016fm\u011brem<\/p>\n<p><img height=\"1164\"   width=\"2048\" src=\"https:\/\/www.europesays.com\/cz\/wp-content\/uploads\/2026\/09\/1788358032_447_pocasi-leto-klima.jpeg\" loading=\"eager\" decoding=\"sync\" class=\"c_t c_r\"\/>Foto: \u010cHM\u00da<\/p>\n<p class=\"c_bB\">Pr\u016fm\u011brn\u00e9 sr\u00e1\u017eky v\u00a0l\u00e9t\u011b v\u00a0\u010cesku<\/p>\n<p><a data-dot=\"atm-link\" target=\"_self\" href=\"https:\/\/www.novinky.cz\/clanek\/pocasi-cesko-zazilo-druhe-nejteplejsi-leto-rekordy-padaly-jako-nikdy-driv-40595485\" class=\"c_I\" rel=\"nofollow noopener\"><img height=\"2304\" width=\"4096\" src=\"https:\/\/www.europesays.com\/cz\/wp-content\/uploads\/2026\/09\/1788358033_886_b19d.jpeg\" loading=\"eager\" decoding=\"sync\" class=\"c_t c_r\"\/><\/a><\/p>\n","protected":false},"excerpt":{"rendered":"Za leto\u0161n\u00ed \u010derven a\u017e srpen (meteorologick\u00e9 l\u00e9to) spadlo v\u00a0\u010cesku v\u00a0pr\u016fm\u011bru 193\u00a0mm sr\u00e1\u017eek, co\u017e odpov\u00edd\u00e1 78\u00a0% klimatologick\u00e9ho norm\u00e1lu z\u00a0let&hellip;\n","protected":false},"author":2,"featured_media":199961,"comment_status":"","ping_status":"","sticky":false,"template":"","format":"standard","meta":{"footnotes":"","_share_on_mastodon":"0"},"categories":[10],"tags":[3710,3659,17,21,13179,16,255,7031,18,19,22,20],"class_list":["post-199960","post","type-post","status-publish","format-standard","has-post-thumbnail","category-zpravy","tag-cesky-hydrometeorologicky-ustav-chmu","tag-dest","tag-headlines","tag-hlavni-udalosti","tag-leto","tag-news","tag-pocasi","tag-sucho","tag-top-news","tag-top-stories","tag-udalosti-dne","tag-zpravy"],"share_on_mastodon":{"url":"https:\/\/pubeurope.com\/@cz\/117201839298614595","error":""},"_links":{"self":[{"href":"https:\/\/www.europesays.com\/cz\/wp-json\/wp\/v2\/posts\/199960","targetHints":{"allow":["GET"]}}],"collection":[{"href":"https:\/\/www.europesays.com\/cz\/wp-json\/wp\/v2\/posts"}],"about":[{"href":"https:\/\/www.europesays.com\/cz\/wp-json\/wp\/v2\/types\/post"}],"author":[{"embeddable":true,"href":"https:\/\/www.europesays.com\/cz\/wp-json\/wp\/v2\/users\/2"}],"replies":[{"embeddable":true,"href":"https:\/\/www.europesays.com\/cz\/wp-json\/wp\/v2\/comments?post=199960"}],"version-history":[{"count":0,"href":"https:\/\/www.europesays.com\/cz\/wp-json\/wp\/v2\/posts\/199960\/revisions"}],"wp:featuredmedia":[{"embeddable":true,"href":"https:\/\/www.europesays.com\/cz\/wp-json\/wp\/v2\/media\/199961"}],"wp:attachment":[{"href":"https:\/\/www.europesays.com\/cz\/wp-json\/wp\/v2\/media?parent=199960"}],"wp:term":[{"taxonomy":"category","embeddable":true,"href":"https:\/\/www.europesays.com\/cz\/wp-json\/wp\/v2\/categories?post=199960"},{"taxonomy":"post_tag","embeddable":true,"href":"https:\/\/www.europesays.com\/cz\/wp-json\/wp\/v2\/tags?post=199960"}],"curies":[{"name":"wp","href":"https:\/\/api.w.org\/{rel}","templated":true}]}}