{"id":200014,"date":"2026-09-02T14:54:14","date_gmt":"2026-09-02T14:54:14","guid":{"rendered":"https:\/\/www.europesays.com\/cz\/200014\/"},"modified":"2026-09-02T14:54:14","modified_gmt":"2026-09-02T14:54:14","slug":"estonsky-parlament-zvolil-pravnicku-madiseovou-prezidentkou-zeme","status":"publish","type":"post","link":"https:\/\/www.europesays.com\/cz\/200014\/","title":{"rendered":"Estonsk\u00fd parlament zvolil pr\u00e1vni\u010dku Madiseovou prezidentkou zem\u011b"},"content":{"rendered":"<p class=\"e_bX\">Estonsk\u00fd parlament ve st\u0159edu zvolil \u00fastavn\u00ed pr\u00e1vni\u010dku a\u00a0ombudsmanku \u00dclle Madiseovou prezidentkou t\u00e9to pobaltsk\u00e9 zem\u011b. Stane se druhou \u017eenou, kter\u00e1 bude vykon\u00e1vat tuto p\u0159ev\u00e1\u017en\u011b ceremoni\u00e1ln\u00ed funkci. Informovaly o\u00a0tom agentury Reuters a\u00a0DPA.<\/p>\n<p class=\"e_bX\">Jednapades\u00e1tilet\u00e1 Madiseov\u00e1 je od roku 2015\u00a0estonskou ombudsmankou. V\u00a0\u010dele zem\u011b bude st\u00e1t p\u0159\u00ed\u0161t\u00edch p\u011bt let, p\u0159i\u010dem\u017e \u00fa\u0159adu se ujme 12.\u00a0\u0159\u00edjna. Nahrad\u00ed Alara Karise, kter\u00fd se o\u00a0druh\u00e9 funk\u010dn\u00ed obdob\u00ed rozhodl neuch\u00e1zet.<\/p>\n<p class=\"e_bX\">V Estonsku prezidenta vol\u00ed Riigikogu, tedy parlament. Madiseov\u00e1 kandidovala bez soupe\u0159e, proto\u017ee \u017e\u00e1dn\u00fd dal\u0161\u00ed kandid\u00e1t nez\u00edskal dostate\u010dnou podporu poslanc\u016f pot\u0159ebnou k\u00a0registraci. Ji\u017e v\u00a0prvn\u00edm kole se j\u00ed poda\u0159ilo z\u00edskat dvout\u0159etinovou v\u011bt\u0161inu poslanc\u016f nutnou pro zvolen\u00ed.<\/p>\n<p class=\"e_bX\">Madiseov\u00e1 se stane druhou estonskou prezidentkou po Kersti Kaljulaidov\u00e9, kter\u00e1 zast\u00e1vala funkci hlavy st\u00e1tu v\u00a0letech 2016\u00a0a\u017e 2021.<\/p>\n<p class=\"e_bX\">V projevu Madiseov\u00e1 sl\u00edbila, \u017ee se jako prezidentka bude zasazovat o\u00a0blaho Estonska, kter\u00e9 podle n\u00ed p\u0159edstavuje prvn\u00ed linii obrany cel\u00e9 Evropy a\u00a0svobodn\u00e9ho Z\u00e1padu, uvedla agentura DPA.<\/p>\n<p class=\"e_bX\">Estonsko, zem\u011b s\u00a01,4\u00a0milionu obyvatel soused\u00edc\u00ed s\u00a0Ruskem, pat\u0159\u00ed v\u00a0NATO i\u00a0Evropsk\u00e9 unii k\u00a0nejv\u00fdrazn\u011bj\u0161\u00edm podporovatel\u016fm Ruskem napaden\u00e9 Ukrajiny a\u00a0ke kritik\u016fm Moskvy. Letos pl\u00e1nuje na obranu vynalo\u017eit 5,4\u00a0procenta hrub\u00e9ho dom\u00e1c\u00edho produktu (HDP), \u010d\u00edm\u017e se \u0159ad\u00ed mezi zem\u011b s\u00a0nejvy\u0161\u0161\u00edmi v\u00fddaji na obranu v\u00a0obou organizac\u00edch, p\u0159ipomn\u011bla agentura Reuters.<\/p>\n<p><a data-dot=\"mol-article-card-media\" aria-hidden=\"true\" tabindex=\"-1\" href=\"https:\/\/www.seznamzpravy.cz\/clanek\/zahranicni-estonsko-planuje-zakazat-nakup-nemovitosti-rusum-a-belorusum-310043\" class=\"e_n f_l8\" rel=\"nofollow noopener\" target=\"_blank\"><img fetchpriority=\"high\" height=\"1884\"   width=\"3350\" src=\"https:\/\/www.europesays.com\/cz\/wp-content\/uploads\/2026\/09\/tallin-estonsko.jpeg\" loading=\"eager\" decoding=\"sync\" class=\"e_aa e_Z\"\/><\/a><a data-dot=\"mol-article-card-media\" aria-hidden=\"true\" tabindex=\"-1\" href=\"https:\/\/www.seznamzpravy.cz\/clanek\/zahranicni-rusko-uzavrelo-hranicni-prechody-pro-vlaky-s-estonskem-lotysskem-a-finskem-309840\" class=\"e_n f_l8\" rel=\"nofollow noopener\" target=\"_blank\"><img height=\"562\"   width=\"1000\" src=\"https:\/\/www.europesays.com\/cz\/wp-content\/uploads\/2026\/09\/rusko-estonsko-hranice-ivangorod.jpeg\" loading=\"eager\" decoding=\"sync\" class=\"e_aa e_Z\"\/><\/a><\/p>\n","protected":false},"excerpt":{"rendered":"Estonsk\u00fd parlament ve st\u0159edu zvolil \u00fastavn\u00ed pr\u00e1vni\u010dku a\u00a0ombudsmanku \u00dclle Madiseovou prezidentkou t\u00e9to pobaltsk\u00e9 zem\u011b. Stane se druhou \u017eenou,&hellip;\n","protected":false},"author":2,"featured_media":200015,"comment_status":"","ping_status":"","sticky":false,"template":"","format":"standard","meta":{"footnotes":"","_share_on_mastodon":"0"},"categories":[11],"tags":[267,1288,580,54,53,52],"class_list":["post-200014","post","type-post","status-publish","format-standard","has-post-thumbnail","category-svet","tag-estonsko","tag-parlament","tag-prezident","tag-svet","tag-world","tag-world-news"],"share_on_mastodon":{"url":"https:\/\/pubeurope.com\/@cz\/117202024635653458","error":""},"_links":{"self":[{"href":"https:\/\/www.europesays.com\/cz\/wp-json\/wp\/v2\/posts\/200014","targetHints":{"allow":["GET"]}}],"collection":[{"href":"https:\/\/www.europesays.com\/cz\/wp-json\/wp\/v2\/posts"}],"about":[{"href":"https:\/\/www.europesays.com\/cz\/wp-json\/wp\/v2\/types\/post"}],"author":[{"embeddable":true,"href":"https:\/\/www.europesays.com\/cz\/wp-json\/wp\/v2\/users\/2"}],"replies":[{"embeddable":true,"href":"https:\/\/www.europesays.com\/cz\/wp-json\/wp\/v2\/comments?post=200014"}],"version-history":[{"count":0,"href":"https:\/\/www.europesays.com\/cz\/wp-json\/wp\/v2\/posts\/200014\/revisions"}],"wp:featuredmedia":[{"embeddable":true,"href":"https:\/\/www.europesays.com\/cz\/wp-json\/wp\/v2\/media\/200015"}],"wp:attachment":[{"href":"https:\/\/www.europesays.com\/cz\/wp-json\/wp\/v2\/media?parent=200014"}],"wp:term":[{"taxonomy":"category","embeddable":true,"href":"https:\/\/www.europesays.com\/cz\/wp-json\/wp\/v2\/categories?post=200014"},{"taxonomy":"post_tag","embeddable":true,"href":"https:\/\/www.europesays.com\/cz\/wp-json\/wp\/v2\/tags?post=200014"}],"curies":[{"name":"wp","href":"https:\/\/api.w.org\/{rel}","templated":true}]}}