{"id":200020,"date":"2026-09-02T15:03:17","date_gmt":"2026-09-02T15:03:17","guid":{"rendered":"https:\/\/www.europesays.com\/cz\/200020\/"},"modified":"2026-09-02T15:03:17","modified_gmt":"2026-09-02T15:03:17","slug":"provozovatel-taxisluzby-uber-propusti-deset-procent-zamestnancu","status":"publish","type":"post","link":"https:\/\/www.europesays.com\/cz\/200020\/","title":{"rendered":"Provozovatel taxislu\u017eby Uber propust\u00ed deset procent zam\u011bstnanc\u016f"},"content":{"rendered":"<p class=\"e_bX\">Americk\u00fd provozovatel taxislu\u017eby Uber propust\u00ed celosv\u011btov\u011b deset procent zam\u011bstnanc\u016f, tedy zhruba 3300\u00a0lid\u00ed. Firma proch\u00e1z\u00ed rozs\u00e1hlou restrukturalizac\u00ed, pot\u0159ebuje sn\u00ed\u017eit po\u010det \u00farovn\u00ed \u0159\u00edzen\u00ed a\u00a0p\u0159esm\u011brovat v\u00fddaje do oblast\u00ed sd\u00edlen\u00ed j\u00edzd, rozvozu a\u00a0provozu robotick\u00fdch taxi. Podle agentury <a data-dot=\"atm-link\" target=\"_blank\" rel=\"noopener nofollow\" href=\"https:\/\/www.bloomberg.com\/news\/articles\/2026-09-02\/uber-to-cut-3-300-jobs-in-company-overhaul-to-reduce-management-layers\" class=\"e_n\">Bloomberg<\/a> to vypl\u00fdv\u00e1 z\u00a0e-mailu, kter\u00fd napsal gener\u00e1ln\u00ed \u0159editel firmy Dara Khosrowshahi.<\/p>\n<p class=\"e_bX\">Podle \u0161\u00e9fa firmy r\u016fst Uberu v\u00a0posledn\u00edch letech p\u0159inesl \u201ev\u00edce \u00farovn\u00ed, v\u00edce koordinace, rozt\u0159\u00ed\u0161t\u011bn\u011bj\u0161\u00ed vlastnickou strukturu\u201c. Spole\u010dnost si podle n\u011bj v\u00a0n\u011bkter\u00fdch p\u0159\u00edpadech zat\u00edm tak\u00e9 udr\u017eela uspo\u0159\u00e1d\u00e1n\u00ed, kter\u00e1 d\u00e1vala smysl v\u00a0dob\u011b, kdy byla men\u0161\u00ed, p\u0159i sou\u010dasn\u00e9m rozsahu v\u0161ak pr\u00fd u\u017e neslou\u017e\u00ed dob\u0159e.<\/p>\n<p class=\"e_bX\">Opat\u0159en\u00ed si klade za c\u00edl sn\u00ed\u017eit po\u010det mana\u017eer\u016f ve firm\u011b o\u00a020\u00a0procent, uvedl podle agentury z\u00e1stupce firmy. N\u011bkte\u0159\u00ed z\u00a0nich by m\u011bli p\u0159ej\u00edt na pozice \u0159adov\u00fdch pracovn\u00edk\u016f. \u0160krty se ale dotknou i\u00a0zam\u011bstnanc\u016f, kte\u0159\u00ed nepracuj\u00ed jako mana\u017ee\u0159i.<\/p>\n<p class=\"e_bX\">Uber tak\u00e9 omez\u00ed po\u010det t\u00fdm\u016f, je\u017e maj\u00ed pouze jednoho \u010di dva \u010dleny. Klesne i\u00a0po\u010det zam\u011bstnanc\u016f, kte\u0159\u00ed jsou v\u00a0hierarchii v\u00edce ne\u017e sedm \u00farovn\u00ed pod gener\u00e1ln\u00edm \u0159editelem.<\/p>\n<p class=\"e_bX\">Uber se na rozd\u00edl od velk\u00fdch technologick\u00fdch spole\u010dnost\u00ed, kter\u00e9 v\u00a0posledn\u00edch letech opakovan\u011b propou\u0161t\u011bly v\u00a0z\u00e1jmu masivn\u00edch investic do um\u011bl\u00e9 inteligence (AI), rozs\u00e1hl\u00e9mu sni\u017eov\u00e1n\u00ed po\u010dtu zam\u011bstnanc\u016f vyh\u00fdbal. V\u00a0kv\u011btnu firma ozn\u00e1mila, \u017ee zpomal\u00ed tempo n\u00e1boru nov\u00fdch pracovn\u00edk\u016f. Ve st\u0159edu ozn\u00e1men\u00e9 \u0161krty sn\u00ed\u017e\u00ed celkov\u00fd po\u010det zam\u011bstnanc\u016f Uberu t\u011bsn\u011b pod hranici 30\u00a0tis\u00edc, co\u017e odpov\u00edd\u00e1 stavu z\u00a0roku 2021, p\u00ed\u0161e Bloomberg.<\/p>\n<p><a data-dot=\"mol-article-card-media\" aria-hidden=\"true\" tabindex=\"-1\" href=\"https:\/\/www.seznamzpravy.cz\/clanek\/ekonomika-byznys-trendy-analyzy-pripravte-si-penezenky-ai-rychle-zdrazuje-a-levna-uz-nikdy-nebude-310860\" class=\"e_n f_l8\" rel=\"nofollow noopener\" target=\"_blank\"><img fetchpriority=\"high\" height=\"576\"   width=\"1024\" src=\"https:\/\/www.europesays.com\/cz\/wp-content\/uploads\/2026\/09\/ai.jpeg\" loading=\"eager\" decoding=\"sync\" class=\"e_aa e_Z\"\/><\/a><a data-dot=\"mol-article-card-media\" aria-hidden=\"true\" tabindex=\"-1\" href=\"https:\/\/www.seznamzpravy.cz\/clanek\/ekonomika-firmy-byznys-startupy-technologie-v-mnichove-zacina-jezdit-robotaxi-projekt-podporuji-nvidia-ci-uber-307731\" class=\"e_n f_l8\" rel=\"nofollow noopener\" target=\"_blank\"><img height=\"1152\"   width=\"2048\" src=\"https:\/\/www.europesays.com\/cz\/wp-content\/uploads\/2026\/09\/robotaxi-samoriditelne-taxi.webp\" loading=\"eager\" decoding=\"sync\" class=\"e_aa e_Z\"\/><\/a><\/p>\n","protected":false},"excerpt":{"rendered":"Americk\u00fd provozovatel taxislu\u017eby Uber propust\u00ed celosv\u011btov\u011b deset procent zam\u011bstnanc\u016f, tedy zhruba 3300\u00a0lid\u00ed. Firma proch\u00e1z\u00ed rozs\u00e1hlou restrukturalizac\u00ed, pot\u0159ebuje sn\u00ed\u017eit&hellip;\n","protected":false},"author":2,"featured_media":200021,"comment_status":"","ping_status":"","sticky":false,"template":"","format":"standard","meta":{"footnotes":"","_share_on_mastodon":"0"},"categories":[15],"tags":[1197,9134,94,93,1651,4207,113],"class_list":["post-200020","post","type-post","status-publish","format-standard","has-post-thumbnail","category-sport","tag-firmy","tag-skrty","tag-sport","tag-sports","tag-taxisluzba","tag-uber","tag-usa"],"share_on_mastodon":{"url":"https:\/\/pubeurope.com\/@cz\/117202059890294464","error":""},"_links":{"self":[{"href":"https:\/\/www.europesays.com\/cz\/wp-json\/wp\/v2\/posts\/200020","targetHints":{"allow":["GET"]}}],"collection":[{"href":"https:\/\/www.europesays.com\/cz\/wp-json\/wp\/v2\/posts"}],"about":[{"href":"https:\/\/www.europesays.com\/cz\/wp-json\/wp\/v2\/types\/post"}],"author":[{"embeddable":true,"href":"https:\/\/www.europesays.com\/cz\/wp-json\/wp\/v2\/users\/2"}],"replies":[{"embeddable":true,"href":"https:\/\/www.europesays.com\/cz\/wp-json\/wp\/v2\/comments?post=200020"}],"version-history":[{"count":0,"href":"https:\/\/www.europesays.com\/cz\/wp-json\/wp\/v2\/posts\/200020\/revisions"}],"wp:featuredmedia":[{"embeddable":true,"href":"https:\/\/www.europesays.com\/cz\/wp-json\/wp\/v2\/media\/200021"}],"wp:attachment":[{"href":"https:\/\/www.europesays.com\/cz\/wp-json\/wp\/v2\/media?parent=200020"}],"wp:term":[{"taxonomy":"category","embeddable":true,"href":"https:\/\/www.europesays.com\/cz\/wp-json\/wp\/v2\/categories?post=200020"},{"taxonomy":"post_tag","embeddable":true,"href":"https:\/\/www.europesays.com\/cz\/wp-json\/wp\/v2\/tags?post=200020"}],"curies":[{"name":"wp","href":"https:\/\/api.w.org\/{rel}","templated":true}]}}