{"id":200042,"date":"2026-09-02T15:18:14","date_gmt":"2026-09-02T15:18:14","guid":{"rendered":"https:\/\/www.europesays.com\/cz\/200042\/"},"modified":"2026-09-02T15:18:14","modified_gmt":"2026-09-02T15:18:14","slug":"mladistvy-bodl-partnera-sve-matky-nozem-do-bricha-za-vrazdu-dostal-35-roku","status":"publish","type":"post","link":"https:\/\/www.europesays.com\/cz\/200042\/","title":{"rendered":"Mladistv\u00fd bodl partnera sv\u00e9 matky no\u017eem do b\u0159icha, za vra\u017edu dostal 3,5\u00a0roku"},"content":{"rendered":"<p class=\"c_bB\">Z\u00e1chranka vyj\u00ed\u017ed\u011bla do jednoho z\u00a0panelov\u00fdch dom\u016f v\u00a0Chrudimi letos 10.\u00a0\u00fanora p\u0159ed osmou hodinou ve\u010der. Do nemocnice odv\u00e1\u017eeli mu\u017ee s\u00a0bodn\u00fdm poran\u011bn\u00edm v\u00a0oblasti b\u0159icha. Incidentu p\u0159edch\u00e1zel p\u0159ev\u00e1\u017en\u011b verb\u00e1ln\u00ed konflikt ob\u017ealovan\u00e9ho s\u00a0vlastn\u00ed matkou. Jej\u00ed p\u0159\u00edtel, kter\u00fd byl zran\u011bn, se v\u00a0t\u00e9to h\u00e1dce p\u0159iklonil na stranu partnerky.<\/p>\n<p class=\"c_bB\">Jak vyplynulo ze slov p\u0159edsedkyn\u011b trestn\u00edho sen\u00e1tu Brigity Ko\u0161inov\u00e9, spor postupn\u011b od slov p\u0159e\u0161el do strk\u00e1n\u00ed, kter\u00e9 vyprovokovala matka. Ob\u017ealovan\u00fd pak ode\u0161el do sv\u00e9ho pokoje. Zde si ale vzal n\u016f\u017e s\u00a0\u010depel\u00ed t\u00e9m\u011b\u0159 dvacet centimetr\u016f, vr\u00e1til se zp\u011bt a\u00a0po\u0161kozen\u00e9ho posl\u00e9ze bodl do b\u0159icha.<\/p>\n<p class=\"c_bB\">Vzhledem k\u00a0v\u011bku ob\u017ealovan\u00e9ho prob\u00edhalo hlavn\u00ed l\u00ed\u010den\u00ed za zav\u0159en\u00fdmi dve\u0159mi, ve\u0159ejn\u00e9 bylo pouze vyhl\u00e1\u0161en\u00ed rozsudku. Na informace byli z\u00a0tohoto d\u016fvodu od po\u010d\u00e1tku pom\u011brn\u011b skoup\u00ed i\u00a0policist\u00e9. <\/p>\n<p><a data-dot=\"atm-link\" target=\"_self\" href=\"https:\/\/www.novinky.cz\/clanek\/krimi-v-chrudimi-napadli-cloveka-zraneneho-odvazel-vrtulnik-40561993\" class=\"c_I\" rel=\"nofollow noopener\"><img fetchpriority=\"high\" height=\"851\" width=\"1514\" src=\"https:\/\/www.europesays.com\/cz\/wp-content\/uploads\/2026\/09\/policie-prepadeni.jpeg\" loading=\"eager\" decoding=\"sync\" class=\"c_t c_r\"\/><\/a><\/p>\n<p class=\"c_bB\">\u201eK napaden\u00ed mezi dv\u011bma osobami, kter\u00e9 se znaly, do\u0161lo v\u00a0byt\u011b. Jednu jsme na m\u00edst\u011b zadr\u017eeli, druh\u00e1 v\u00a0nemocnici podlehla sv\u00fdm zran\u011bn\u00edm. Kriminalist\u00e9 zah\u00e1jili \u00fakony v\u00a0trestn\u00edm \u0159\u00edzen\u00ed pro podez\u0159en\u00ed z\u00a0trestn\u00e9ho \u010dinu vra\u017edy. Vzhledem k\u00a0v\u011bku jedn\u00e9 z\u00a0osob nebudeme k\u00a0p\u0159\u00edpadu poskytovat \u017e\u00e1dn\u00e9 dal\u0161\u00ed informace,\u201c uvedla policie druh\u00fd den po \u010dinu.<\/p>\n<p class=\"c_bB\">Obhajoba se v\u00a0pr\u016fb\u011bhu procesu sna\u017eila dos\u00e1hnout zm\u011bny kvalifikace skutku z\u00a0vra\u017edy na zabit\u00ed s\u00a0t\u00edm, \u017ee ne\u0161lo o\u00a0promy\u0161len\u00fd \u010din. Ob\u017ealovan\u00fd pr\u00fd necht\u011bl mu\u017ei ubl\u00ed\u017eit, jednal ve strachu. Podle p\u0159edsedkyn\u011b sen\u00e1tu v\u0161ak musel b\u00fdt srozum\u011bn s\u00a0t\u00edm, \u017ee bodnut\u00ed do b\u0159icha m\u016f\u017ee zp\u016fsobit smrt.<\/p>\n<p class=\"c_bB\">\u201eSoud rozum\u00ed, \u017ee tu nebyl p\u0159\u00edm\u00fd \u00famysl po\u0161kozen\u00e9ho zab\u00edt, ale mladistv\u00fd si musel b\u00fdt v\u011bdom, \u017ee po \u00fatoku takov\u00e9 intenzity m\u016f\u017ee smrt nastat,\u201c uvedla soudkyn\u011b Ko\u0161inov\u00e1.<\/p>\n<p class=\"c_bB\">Podle vyj\u00e1d\u0159en\u00ed znalc\u016f byly ovl\u00e1dac\u00ed schopnosti ob\u017ealovan\u00e9ho sn\u00ed\u017eeny asi o\u00a0t\u0159etinu. Nebylo to tedy tolik, aby jeho stav mohl b\u00fdt charakterizov\u00e1n jako smysl\u016f zbaven\u00fd.<\/p>\n<p class=\"c_bB\">Znalci ale tak\u00e9 zm\u00ednili, \u017ee se nejedn\u00e1 o\u00a0typick\u00e9ho pachatele tohoto typu trestn\u00e9 \u010dinnosti. Ob\u017ealovan\u00fd je inteligentn\u00ed, rozumn\u00fd. Na druh\u00e9 stran\u011b podle soudu nelze p\u0159ehl\u00e9dnout skute\u010dnost, \u017ee jeho rukou zem\u0159el \u010dlov\u011bk. Nav\u00edc ten, kter\u00fd mu prokazateln\u011b neubli\u017eoval. Jen \u017eil s\u00a0jeho matkou, kter\u00e1 sv\u00e9ho syna \u00fadajn\u011b dlouhodob\u011b dehonestovala, ubli\u017eovala mu a\u00a0poni\u017eovala ho. <\/p>\n<p class=\"c_bB\">I jej\u00ed dlouhodob\u011b neempatick\u00e9 jedn\u00e1n\u00ed soud p\u0159i sv\u00e9m rozhodov\u00e1n\u00ed zohlednil.<\/p>\n<p><a data-dot=\"atm-link\" target=\"_self\" href=\"https:\/\/www.novinky.cz\/clanek\/krimi-obrat-v-kauze-smrti-trilete-viktorky-otce-uz-nevini-z-vrazdy-ale-z-opilstvi-40595152\" class=\"c_I\" rel=\"nofollow noopener\"><img height=\"1780\" width=\"3164\" src=\"https:\/\/www.europesays.com\/cz\/wp-content\/uploads\/2026\/09\/hasici-policie-xpolicie-xhasici.jpeg\" loading=\"eager\" decoding=\"sync\" class=\"c_t c_r\"\/><\/a><\/p>\n","protected":false},"excerpt":{"rendered":"Z\u00e1chranka vyj\u00ed\u017ed\u011bla do jednoho z\u00a0panelov\u00fdch dom\u016f v\u00a0Chrudimi letos 10.\u00a0\u00fanora p\u0159ed osmou hodinou ve\u010der. Do nemocnice odv\u00e1\u017eeli mu\u017ee s\u00a0bodn\u00fdm&hellip;\n","protected":false},"author":2,"featured_media":200043,"comment_status":"","ping_status":"","sticky":false,"template":"","format":"standard","meta":{"footnotes":"","_share_on_mastodon":"0"},"categories":[7],"tags":[43,42,6340,41,40,13716,2501,1644],"class_list":["post-200042","post","type-post","status-publish","format-standard","has-post-thumbnail","category-cesko","tag-ceska-republika","tag-cesko","tag-chrudim","tag-czech-republic","tag-czechia","tag-krajsky-soud","tag-pardubice","tag-vrazda"],"share_on_mastodon":{"url":"https:\/\/pubeurope.com\/@cz\/117202118831249840","error":""},"_links":{"self":[{"href":"https:\/\/www.europesays.com\/cz\/wp-json\/wp\/v2\/posts\/200042","targetHints":{"allow":["GET"]}}],"collection":[{"href":"https:\/\/www.europesays.com\/cz\/wp-json\/wp\/v2\/posts"}],"about":[{"href":"https:\/\/www.europesays.com\/cz\/wp-json\/wp\/v2\/types\/post"}],"author":[{"embeddable":true,"href":"https:\/\/www.europesays.com\/cz\/wp-json\/wp\/v2\/users\/2"}],"replies":[{"embeddable":true,"href":"https:\/\/www.europesays.com\/cz\/wp-json\/wp\/v2\/comments?post=200042"}],"version-history":[{"count":0,"href":"https:\/\/www.europesays.com\/cz\/wp-json\/wp\/v2\/posts\/200042\/revisions"}],"wp:featuredmedia":[{"embeddable":true,"href":"https:\/\/www.europesays.com\/cz\/wp-json\/wp\/v2\/media\/200043"}],"wp:attachment":[{"href":"https:\/\/www.europesays.com\/cz\/wp-json\/wp\/v2\/media?parent=200042"}],"wp:term":[{"taxonomy":"category","embeddable":true,"href":"https:\/\/www.europesays.com\/cz\/wp-json\/wp\/v2\/categories?post=200042"},{"taxonomy":"post_tag","embeddable":true,"href":"https:\/\/www.europesays.com\/cz\/wp-json\/wp\/v2\/tags?post=200042"}],"curies":[{"name":"wp","href":"https:\/\/api.w.org\/{rel}","templated":true}]}}