{"id":200056,"date":"2026-09-02T15:27:12","date_gmt":"2026-09-02T15:27:12","guid":{"rendered":"https:\/\/www.europesays.com\/cz\/200056\/"},"modified":"2026-09-02T15:27:12","modified_gmt":"2026-09-02T15:27:12","slug":"ublizeni-na-zdravi-z-nedbalosti-nehodu-zbrusu-noveho-obrnence-tadeas-resi-policie-aktualne-cz","status":"publish","type":"post","link":"https:\/\/www.europesays.com\/cz\/200056\/","title":{"rendered":"Ubl\u00ed\u017een\u00ed na zdrav\u00ed z nedbalosti? Nehodu zbrusu nov\u00e9ho obrn\u011bnce Tadeas \u0159e\u0161\u00ed policie \u2013 Aktu\u00e1ln\u011b.cz"},"content":{"rendered":"<p>K nehod\u011b do\u0161lo v brzk\u00e9m odpoledni b\u011bhem masov\u011b nav\u0161t\u011bvovan\u00e9 akce Tankov\u00fd den v are\u00e1lu Vojensk\u00e9ho technick\u00e9ho muzea v Le\u0161anech. A to jen p\u00e1r des\u00edtek minut pot\u00e9, co se obrn\u011bnec Tadeas 4\u00d74 v sobotu 29. srpna v r\u00e1mci ofici\u00e1ln\u00edho programu p\u0159edvedl tis\u00edcovk\u00e1m p\u0159ihl\u00ed\u017eej\u00edc\u00edch. <\/p>\n<p>\u0158idi\u010d nejd\u0159\u00edv s obrn\u011bncem vystoupal na pahrbek a nejsp\u00ed\u0161 ve velk\u00e9 rychlosti pak po jeho sjezdu za\u010dal volantem to\u010dit doleva. Tadeas se nejd\u0159\u00edve dostal jen na dv\u011b kola, chv\u00edli nato se cel\u00fd p\u0159ev\u00e1\u017eil a z\u016fstal le\u017eet na prav\u00e9m boku. <\/p>\n<p><img decoding=\"async\" alt=\"Vozidlo Tadeas 4x4 nevybralo levoto\u010divou zat\u00e1\u010dku po sjezdu z n\u011bkolik metr\u016f vysok\u00e9ho pahrbku a p\u0159evr\u00e1tilo se na prav\u00fd bok.\" class=\"e-ui-image__img\" loading=\"lazy\" src=\"https:\/\/www.europesays.com\/cz\/wp-content\/uploads\/2026\/09\/img_4855.jpg\" \/><\/p>\n<p>Vozidlo Tadeas 4&#215;4 nevybralo levoto\u010divou zat\u00e1\u010dku po sjezdu z n\u011bkolik metr\u016f vysok\u00e9ho pahrbku a p\u0159evr\u00e1tilo se na prav\u00fd bok.Foto: Facebook \/ SDH Krhanice 1895<\/p>\n<p>Jak zjistilo Aktu\u00e1ln\u011b.cz, nehodu nyn\u00ed prov\u011b\u0159uje policie z obvodn\u00edho odd\u011blen\u00ed Bene\u0161ov, a to pro podez\u0159en\u00ed ze sp\u00e1ch\u00e1n\u00ed p\u0159e\u010dinu (m\u00e9n\u011b z\u00e1va\u017en\u00e1 kategorie trestn\u00e9ho \u010dinu, pozn. red.) ubl\u00ed\u017een\u00ed na zdrav\u00ed z nedbalosti. <\/p>\n<p>\u201eSamotn\u00e9 prov\u011b\u0159ov\u00e1n\u00ed je na po\u010d\u00e1tku, kdy policist\u00e9 budou zji\u0161\u0165ovat, z jak\u00fdch p\u0159\u00ed\u010din k hav\u00e1rii do\u0161lo a do jak\u00e9 m\u00edry se na n\u00ed pod\u00edlel \u0159idi\u010d a zp\u016fsob jeho j\u00edzdy. Do t\u00e9to chv\u00edle nebyla zji\u0161t\u011bna \u017e\u00e1dn\u00e1 z\u00e1vada na vozidle,\u201c popisuje Schneeweissov\u00e1.<\/p>\n<p>Pokud se prok\u00e1\u017ee, \u017ee za nehodu m\u016f\u017ee \u0159idi\u010d, dle legislativy mu hroz\u00ed a\u017e t\u0159i roky v\u011bzen\u00ed a z\u00e1kaz \u010dinnosti. Hned po sobotn\u00edm incidentu policie informovala, \u017ee dechov\u00e1 zkou\u0161ka na alkohol byla u 33let\u00e9ho mu\u017ee za volantem negativn\u00ed.<\/p>\n<p>N\u011bkolik lid\u00ed o\u0161et\u0159ili z\u00e1chran\u00e1\u0159i<\/p>\n<p>Vojensk\u00fd historick\u00fd \u00fastav Praha, pod n\u011bho\u017e technick\u00e9 muzeum v Le\u0161anech pat\u0159\u00ed, v sobotu 29. srpna informoval, \u017ee k p\u0159evr\u00e1cen\u00ed vozidla spole\u010dnosti Tatra Defence Vehicle pat\u0159\u00edc\u00edho do koncernu CSG miliard\u00e1\u0159e Michala Strnada do\u0161lo p\u0159i p\u0159edv\u00e1d\u011bc\u00ed j\u00edzd\u011b pro televizn\u00ed \u0161t\u00e1b.<\/p>\n<p>V\u011bt\u0161ina lid\u00ed u\u017e v tu chv\u00edli ze zabahn\u011bn\u00e9 ar\u00e9ny ode\u0161la do jin\u00fdch \u010d\u00e1st\u00ed rozs\u00e1hl\u00e9ho are\u00e1lu le\u0161ansk\u00e9ho technick\u00e9ho muzea.<\/p>\n<p>Krom\u011b \u0159idi\u010de uvnit\u0159 obrn\u011bnce sed\u011bli dva dosp\u011bl\u00ed a s nimi dvojice nezletil\u00fdch d\u011bt\u00ed. N\u011bkolik lid\u00ed museli p\u0159ivolan\u00ed z\u00e1chran\u00e1\u0159i o\u0161et\u0159it. Vojensk\u00fd historick\u00fd \u00fastav informoval, \u017ee zran\u011bn\u00ed utrp\u011bl i zam\u011bstnanec spole\u010dnosti Tatra Defence Vehicle.<\/p>\n<p>\u201eU zran\u011bn\u00fdch osob budeme \u010dekat na l\u00e9ka\u0159sk\u00e9 zpr\u00e1vy, nicm\u00e9n\u011b jejich zran\u011bn\u00ed jsou leh\u010d\u00edho charakteru,\u201c p\u0159ibli\u017euje nyn\u00ed st\u0159edo\u010desk\u00e1 policejn\u00ed mluv\u010d\u00ed Barbora Schneeweissov\u00e1. <\/p>\n<p>\u201eCestuj\u00edc\u00ed byli \u0159\u00e1dn\u011b p\u0159ipout\u00e1ni a jejich p\u0159epravov\u00e1n\u00ed bylo v souladu s bezpe\u010dnostn\u00edmi pravidly,\u201c doplnila.<\/p>\n<p>\u201eP\u0159\u00ed\u010dinou nehody nebyla technick\u00e1 z\u00e1vada, vozidlo bylo i po nehod\u011b poj\u00edzdn\u00e9 a \u0161kody na n\u011bm byly minim\u00e1ln\u00ed. V\u00edce se k nehod\u011b nebudeme po dobu jej\u00edho \u0161et\u0159en\u00ed vyjad\u0159ovat,\u201c prohl\u00e1sil Andrej \u010c\u00edrtek, mluv\u010d\u00ed CSG.<\/p>\n<p>Upraven\u00fd podvozek<\/p>\n<p>Spole\u010dnost Tatra Defence Vehicle p\u016fvodn\u011b stav\u011bla vozidlo Tadeas na \u0161estikolov\u00e9m podvozku, krom\u011b \u010dty\u0159kolov\u00e9 verze m\u016f\u017ee podle webu v\u00fdrobce fungovat i na platform\u011b 8\u00d78. Re\u00e1ln\u00e9 je, \u017ee CSG sv\u00e9ho nov\u00e9ho Tadease 4\u00d74 p\u0159ihl\u00e1s\u00ed do dlouho chystan\u00e9ho kontraktu \u010desk\u00e9ho vojska.<\/p>\n<p>V n\u011bm si ozbrojen\u00e9 s\u00edly cht\u011bj\u00ed po\u0159\u00eddit 185 \u010dty\u0159kolov\u00fdch obrn\u011bnc\u016f za 25 miliard korun. Z arm\u00e1dn\u00edch anal\u00fdz n\u011bkolikr\u00e1t vy\u0161lo jako ide\u00e1ln\u00ed \u0159e\u0161en\u00ed australsk\u00e9 vozidlo Bushmaster, obrana chce v\u0161ak v otev\u0159en\u00e9m tendru d\u00e1t prostor co nej\u0161ir\u0161\u00edmu spektru v\u00fdrobc\u016f.<\/p>\n<p>\u201eNezve\u0159ej\u0148ujeme informace o p\u0159\u00edpadn\u00fdch budouc\u00edch komer\u010dn\u00edch nab\u00eddk\u00e1ch na\u0161ich produkt\u016f,\u201c \u0159ekl za CSG mluv\u010d\u00ed \u010c\u00edrtek.<\/p>\n","protected":false},"excerpt":{"rendered":"K nehod\u011b do\u0161lo v brzk\u00e9m odpoledni b\u011bhem masov\u011b nav\u0161t\u011bvovan\u00e9 akce Tankov\u00fd den v are\u00e1lu Vojensk\u00e9ho technick\u00e9ho muzea v&hellip;\n","protected":false},"author":2,"featured_media":200057,"comment_status":"","ping_status":"","sticky":false,"template":"","format":"standard","meta":{"footnotes":"","_share_on_mastodon":"0"},"categories":[7],"tags":[940,43,42,41,40,1834,734,4932,11740,40328,9208,29342],"class_list":["post-200056","post","type-post","status-publish","format-standard","has-post-thumbnail","category-cesko","tag-armada","tag-ceska-republika","tag-cesko","tag-czech-republic","tag-czechia","tag-czechoslovak-group","tag-hasici","tag-ministerstvo-obrany-cr","tag-muzeum","tag-sazava","tag-tank","tag-vojensky-historicky-ustav"],"share_on_mastodon":{"url":"https:\/\/pubeurope.com\/@cz\/117202154067026609","error":""},"_links":{"self":[{"href":"https:\/\/www.europesays.com\/cz\/wp-json\/wp\/v2\/posts\/200056","targetHints":{"allow":["GET"]}}],"collection":[{"href":"https:\/\/www.europesays.com\/cz\/wp-json\/wp\/v2\/posts"}],"about":[{"href":"https:\/\/www.europesays.com\/cz\/wp-json\/wp\/v2\/types\/post"}],"author":[{"embeddable":true,"href":"https:\/\/www.europesays.com\/cz\/wp-json\/wp\/v2\/users\/2"}],"replies":[{"embeddable":true,"href":"https:\/\/www.europesays.com\/cz\/wp-json\/wp\/v2\/comments?post=200056"}],"version-history":[{"count":0,"href":"https:\/\/www.europesays.com\/cz\/wp-json\/wp\/v2\/posts\/200056\/revisions"}],"wp:featuredmedia":[{"embeddable":true,"href":"https:\/\/www.europesays.com\/cz\/wp-json\/wp\/v2\/media\/200057"}],"wp:attachment":[{"href":"https:\/\/www.europesays.com\/cz\/wp-json\/wp\/v2\/media?parent=200056"}],"wp:term":[{"taxonomy":"category","embeddable":true,"href":"https:\/\/www.europesays.com\/cz\/wp-json\/wp\/v2\/categories?post=200056"},{"taxonomy":"post_tag","embeddable":true,"href":"https:\/\/www.europesays.com\/cz\/wp-json\/wp\/v2\/tags?post=200056"}],"curies":[{"name":"wp","href":"https:\/\/api.w.org\/{rel}","templated":true}]}}