{"id":200088,"date":"2026-09-02T15:51:16","date_gmt":"2026-09-02T15:51:16","guid":{"rendered":"https:\/\/www.europesays.com\/cz\/200088\/"},"modified":"2026-09-02T15:51:16","modified_gmt":"2026-09-02T15:51:16","slug":"soukromi-herce-frantiska-hanuse-se-synem-ktery-spachal-sebevrazdu-mel-komplikovany-vztah","status":"publish","type":"post","link":"https:\/\/www.europesays.com\/cz\/200088\/","title":{"rendered":"Soukrom\u00ed herce Franti\u0161ka Hanuse: Se synem, kter\u00fd sp\u00e1chal sebevra\u017edu, m\u011bl komplikovan\u00fd vztah"},"content":{"rendered":"<p>\n                        Herec Franti\u0161ek Hanus p\u0159ed kamerou ztv\u00e1rnil mnoho rol\u00ed, z\u0159ejm\u011b nejv\u00edc ho proslavila postava vedouc\u00edho poles\u00ed ve filmech Na pytl\u00e1ck\u00e9 stezce nebo Za trnkov\u00fdm ke\u0159em, v nich\u017e zaz\u00e1\u0159ila d\u011btsk\u00e1 hereck\u00e1 hv\u011bzda Tom\u00e1\u0161 Hol\u00fd. Zem\u0159el ve v\u011bku 75 let. 2. z\u00e1\u0159\u00ed od jeho smrti uplynulo 35 let. Jak\u00e9 bylo jeho soukrom\u00ed?\n                    <\/p>\n<p>Franti\u0161ek Hanus, rod\u00e1k z Vala\u0161sk\u00e9ho Mezi\u0159\u00ed\u010d\u00ed, se narodil do u\u010ditelsk\u00e9 rodiny. Od d\u011btstv\u00ed r\u00e1d zp\u00edval a tan\u010dil. P\u016fvodn\u011b tou\u017eil b\u00fdt \u0159ezb\u00e1\u0159em, uva\u017eoval tak\u00e9 o studiu l\u00e9ka\u0159stv\u00ed nebo p\u0159\u00edrodn\u00edch v\u011bd, nakonec se ale vydal na Pra\u017eskou konzervato\u0159, kterou absolvoval v roce 1941. Na studia si p\u0159ivyd\u011bl\u00e1val prodejem vlastn\u00edch d\u0159ev\u011bn\u00fdch figurek nebo jako d\u011bln\u00edk na pile.<\/p>\n<p>\u010cT\u011aTE TAK\u00c9: <a target=\"_blank\" href=\"https:\/\/cnn.iprima.cz\/show-time\/herec-petr-hanus-vrah-v-dile-krev-v-serialu-dobrodruzstvi-kriminalistiky-spachal-sebevrazdu-520379\" rel=\"nofollow noopener\">Herec Petr Hanus, p\u0159edstavitel vraha v d\u00edle Krev v seri\u00e1lu Dobrodru\u017estv\u00ed kriminalistiky, sp\u00e1chal sebevra\u017edu<\/a><\/p>\n<p>P\u0159ed kamerou Hanus debutoval kr\u00e1tce po studi\u00edch v roce 1941 ve filmu Pra\u017esk\u00fd flamendr. O \u010dty\u0159i roky pozd\u011bji zaz\u00e1\u0159il v poeticky lad\u011bn\u00e9m filmu \u0158eka \u010daruje re\u017eis\u00e9ra V\u00e1clava Kr\u0161ky. Ob\u011b tyto role mu zajistily velkou popularitu. Zpo\u010d\u00e1tku b\u00fdval obsazov\u00e1n do rol\u00ed energick\u00fdch, budovatelsky nalad\u011bn\u00fdch mlad\u00edk\u016f pln\u00fdch el\u00e1nu a optimismu, v pozd\u011bj\u0161\u00edch letech do rol\u00ed starostliv\u00fdch otc\u016f, \u00fa\u0159edn\u00edk\u016f a funkcion\u00e1\u0159\u016f.<\/p>\n<p>Zahr\u00e1l si nap\u0159\u00edklad ve filmech: Za trnkov\u00fdm ke\u0159em, Na pytl\u00e1ck\u00e9 stezce, Pan Vok odch\u00e1z\u00ed, Ten svetr si nesvl\u00edkej, T\u0159et\u00ed princ, Smrt \u010dern\u00e9ho kr\u00e1le, D\u00e1ma na kolej\u00edch, Byl jednou jeden kr\u00e1l, Posledn\u00ed mohyk\u00e1n, Py\u0161n\u00e1 princezna. Epizodn\u00ed role v seri\u00e1lech: T\u0159icet p\u0159\u00edpad\u016f majora Zemana, H\u0159\u00ed\u0161n\u00ed lid\u00e9 m\u011bsta pra\u017esk\u00e9ho, Ve znamen\u00ed Merkura, Arabela \u010di Mal\u00fd pitaval z velk\u00e9ho m\u011bsta.<\/p>\n<p class=\"intro-title-mobile\">\n        \u010ct\u011bte tak\u00e9\n    <\/p>\n<p>        <a href=\"https:\/\/cnn.iprima.cz\/show-time\/hvezda-komedii-a-pohadek-frantisek-peterka-konec-zivota-protrpel-modlil-se-aby-zemrel-494285\" class=\"image-link\" rel=\"nofollow noopener\" target=\"_blank\"><\/p>\n<p>            <img decoding=\"async\" loading=\"lazy\" class=\"image\" src=\"https:\/\/www.europesays.com\/cz\/wp-content\/uploads\/2026\/09\/74be70a0831baa3878311c0d79012452.jpg\" alt=\"Konec \u017eivota str\u00e1vil herec Franti\u0161ek Peterka po nemocnic\u00edch. \"\/><\/p>\n<p>            <\/a><\/p>\n<p class=\"intro-title-desktop\">\n            \u010ct\u011bte tak\u00e9\n        <\/p>\n<p>                <a href=\"https:\/\/cnn.iprima.cz\/show-time\/hvezda-komedii-a-pohadek-frantisek-peterka-konec-zivota-protrpel-modlil-se-aby-zemrel-494285\" class=\"title-link\" rel=\"nofollow noopener\" target=\"_blank\"><\/p>\n<p class=\"title\">\n                Hv\u011bzda komedi\u00ed a poh\u00e1dek Franti\u0161ek Peterka konec \u017eivota protrp\u011bl. Modlil se, aby zem\u0159el\n            <\/p>\n<p>        <\/a><\/p>\n<p>                                                                                                29. pro 2025, 06:19<\/p>\n<p>                6 min \u010dten\u00ed<\/p>\n<p>Nejv\u011bt\u0161\u00ed \u010d\u00e1st sv\u00e9 divadeln\u00ed kari\u00e9ry pro\u017eil v Divadle na Vinohradech, kde se mu dost\u00e1valo v\u00fdznamn\u00fdch rol\u00ed. Uplatnil se tak\u00e9 v dabingu a v rozhlase. R\u00e1d hr\u00e1val na kytaru, zp\u00edval a propagoval vala\u0161sk\u00fd lidov\u00fd folklor. V roce 1972 byl jmenov\u00e1n zaslou\u017eil\u00fdm um\u011blcem.<\/p>\n<p>Syn Petr, kter\u00fd byl hercem, sp\u00e1chal sebevra\u017edu<\/p>\n<p>B\u011bhem \u017eivota se Franti\u0161ek Hanus o\u017eenil dvakr\u00e1t. S prvn\u00ed man\u017eelkou m\u011bl dva syny: Franti\u0161ka a <a target=\"_blank\" href=\"https:\/\/cnn.iprima.cz\/show-time\/herec-petr-hanus-vrah-v-dile-krev-v-serialu-dobrodruzstvi-kriminalistiky-spachal-sebevrazdu-520379\" rel=\"nofollow noopener\">Petra<\/a>, kter\u00fd se stal rovn\u011b\u017e \u00fasp\u011b\u0161n\u00fdm hercem. Nejv\u00edce ho proslavil seri\u00e1l Dobrodru\u017estv\u00ed kriminalistiky, d\u00edl Krev, v n\u011bm\u017e ztv\u00e1rnil postavu Klementa, besti\u00e1ln\u00edho vraha mal\u00fdch d\u011bt\u00ed. Sv\u016fj \u017eivot ukon\u010dil dobrovoln\u011b, kdy\u017e ve sv\u00fdch t\u0159iapades\u00e1ti letech sp\u00e1chal sebevra\u017edu. \u201eJeho rodi\u010de, podobn\u011b jako moji, se rozvedli. Co\u017e t\u011b\u017ece nesl, a jeho vztah se slavn\u00fdm otcem byl, m\u00edrn\u011b \u0159e\u010deno, komplikovan\u00fd. M\u011bl jsem to podobn\u011b, tak\u017ee jsme si rozum\u011bli,\u201c prozradil redaktorovi webu CNN Prima NEWS Petr\u016fv dlouholet\u00fd divadeln\u00ed kolega a bl\u00edzk\u00fd kamar\u00e1d, herec Jan Dvo\u0159\u00e1k.<\/p>\n<p>S druhou man\u017eelkou Danielou m\u011bl Franti\u0161ek Hanus dv\u011b dcery, Janu, kterou p\u0159ijal za svou v batolec\u00edm v\u011bku, a Barboru. Zem\u0159el 2. z\u00e1\u0159\u00ed 1991 ve v\u011bku 75 let.<\/p>\n<p>MOHLO V\u00c1M UNIKNOUT: <a target=\"_blank\" href=\"https:\/\/cnn.iprima.cz\/show-time\/herec-vavra-uzival-leky-po-nichz-zhubl-30-kg-jak-dnes-zije-predstavitel-filmovych-drsnaku-490563\" rel=\"nofollow noopener\">Herec Milo\u0161 V\u00e1vra, drs\u0148\u00e1k z film\u016f L\u00e1ska z pas\u00e1\u017ee a Kamar\u00e1d do de\u0161t\u011b, se zm\u011bnil k nepozn\u00e1n\u00ed. Co dnes d\u011bl\u00e1?<\/a><\/p>\n<p class=\"!text-semibold-14-14 !text-black mb-0 mt-2\">\n                David v r\u00e1mci CNN Prima NEWS p\u00ed\u0161e p\u0159edev\u0161\u00edm o d\u011bn\u00ed na dom\u00e1c\u00ed sc\u00e9n\u011b. (david.lastovka@iprima.cz)\n            <\/p>\n","protected":false},"excerpt":{"rendered":"Herec Franti\u0161ek Hanus p\u0159ed kamerou ztv\u00e1rnil mnoho rol\u00ed, z\u0159ejm\u011b nejv\u00edc ho proslavila postava vedouc\u00edho poles\u00ed ve filmech Na&hellip;\n","protected":false},"author":2,"featured_media":200089,"comment_status":"","ping_status":"","sticky":false,"template":"","format":"standard","meta":{"footnotes":"","_share_on_mastodon":"0"},"categories":[14],"tags":[1538,79,4000,45843,349,9634,45844,1448,3874,9638,8397,649,15302,1682,9639,5313,1332,80,9635],"class_list":["post-200088","post","type-post","status-publish","format-standard","has-post-thumbnail","category-zabava","tag-celebrity","tag-entertainment","tag-film","tag-frantisek-hanus","tag-herec","tag-hodnoty","tag-ker","tag-kultura","tag-sebevrazda","tag-smrt-a-umirani","tag-spolecenska-rubrika","tag-spolecnost","tag-tomas-holy","tag-umeni","tag-umeni-a-zabava","tag-valasske-mezirici","tag-vztah","tag-zabava","tag-zabava-a-media"],"share_on_mastodon":{"url":"https:\/\/pubeurope.com\/@cz\/117202248696004730","error":""},"_links":{"self":[{"href":"https:\/\/www.europesays.com\/cz\/wp-json\/wp\/v2\/posts\/200088","targetHints":{"allow":["GET"]}}],"collection":[{"href":"https:\/\/www.europesays.com\/cz\/wp-json\/wp\/v2\/posts"}],"about":[{"href":"https:\/\/www.europesays.com\/cz\/wp-json\/wp\/v2\/types\/post"}],"author":[{"embeddable":true,"href":"https:\/\/www.europesays.com\/cz\/wp-json\/wp\/v2\/users\/2"}],"replies":[{"embeddable":true,"href":"https:\/\/www.europesays.com\/cz\/wp-json\/wp\/v2\/comments?post=200088"}],"version-history":[{"count":0,"href":"https:\/\/www.europesays.com\/cz\/wp-json\/wp\/v2\/posts\/200088\/revisions"}],"wp:featuredmedia":[{"embeddable":true,"href":"https:\/\/www.europesays.com\/cz\/wp-json\/wp\/v2\/media\/200089"}],"wp:attachment":[{"href":"https:\/\/www.europesays.com\/cz\/wp-json\/wp\/v2\/media?parent=200088"}],"wp:term":[{"taxonomy":"category","embeddable":true,"href":"https:\/\/www.europesays.com\/cz\/wp-json\/wp\/v2\/categories?post=200088"},{"taxonomy":"post_tag","embeddable":true,"href":"https:\/\/www.europesays.com\/cz\/wp-json\/wp\/v2\/tags?post=200088"}],"curies":[{"name":"wp","href":"https:\/\/api.w.org\/{rel}","templated":true}]}}