{"id":200102,"date":"2026-09-02T16:03:20","date_gmt":"2026-09-02T16:03:20","guid":{"rendered":"https:\/\/www.europesays.com\/cz\/200102\/"},"modified":"2026-09-02T16:03:20","modified_gmt":"2026-09-02T16:03:20","slug":"dve-lode-se-srazily-u-istanbulu-posadka-jedne-z-nich-se-nehlasi-aktualne-cz","status":"publish","type":"post","link":"https:\/\/www.europesays.com\/cz\/200102\/","title":{"rendered":"Dv\u011b lod\u011b se srazily u Istanbulu, pos\u00e1dk\u00e1 jedn\u00e9 z nich se nehl\u00e1s\u00ed \u2013 Aktu\u00e1ln\u011b.cz"},"content":{"rendered":"<p>Lod\u011b se srazily v 03:00 m\u00edstn\u00edho \u010dasu (02:00 SEL\u010c). Jedn\u00edm z plavidel byl tanker na chemick\u00e9 produkty Alsu, druh\u00fdm byla n\u00e1kladn\u00ed lo\u010f na sypk\u00fd n\u00e1klad Tugberk Imamoglu. Alsu m\u00ed\u0159ila do Egejsk\u00e9ho mo\u0159e, Tugberk Imamoglu pak do \u010cern\u00e9ho mo\u0159e.<\/p>\n<p>S deseti\u010dlennou pos\u00e1dkou n\u00e1kladn\u00ed lod\u011b se \u00fa\u0159ady nemohou spojit, proto do oblasti sr\u00e1\u017eky vyslaly z\u00e1chran\u00e1\u0159e s vrtuln\u00edky k z\u00e1chrann\u00e9 a p\u00e1trac\u00ed operaci.<\/p>\n","protected":false},"excerpt":{"rendered":"Lod\u011b se srazily v 03:00 m\u00edstn\u00edho \u010dasu (02:00 SEL\u010c). Jedn\u00edm z plavidel byl tanker na chemick\u00e9 produkty Alsu,&hellip;\n","protected":false},"author":2,"featured_media":200103,"comment_status":"","ping_status":"","sticky":false,"template":"","format":"standard","meta":{"footnotes":"","_share_on_mastodon":"0"},"categories":[11],"tags":[8425,4102,54,4771,53,52],"class_list":["post-200102","post","type-post","status-publish","format-standard","has-post-thumbnail","category-svet","tag-lod","tag-nehoda","tag-svet","tag-turecko","tag-world","tag-world-news"],"share_on_mastodon":{"url":"https:\/\/pubeurope.com\/@cz\/117202295452329464","error":""},"_links":{"self":[{"href":"https:\/\/www.europesays.com\/cz\/wp-json\/wp\/v2\/posts\/200102","targetHints":{"allow":["GET"]}}],"collection":[{"href":"https:\/\/www.europesays.com\/cz\/wp-json\/wp\/v2\/posts"}],"about":[{"href":"https:\/\/www.europesays.com\/cz\/wp-json\/wp\/v2\/types\/post"}],"author":[{"embeddable":true,"href":"https:\/\/www.europesays.com\/cz\/wp-json\/wp\/v2\/users\/2"}],"replies":[{"embeddable":true,"href":"https:\/\/www.europesays.com\/cz\/wp-json\/wp\/v2\/comments?post=200102"}],"version-history":[{"count":0,"href":"https:\/\/www.europesays.com\/cz\/wp-json\/wp\/v2\/posts\/200102\/revisions"}],"wp:featuredmedia":[{"embeddable":true,"href":"https:\/\/www.europesays.com\/cz\/wp-json\/wp\/v2\/media\/200103"}],"wp:attachment":[{"href":"https:\/\/www.europesays.com\/cz\/wp-json\/wp\/v2\/media?parent=200102"}],"wp:term":[{"taxonomy":"category","embeddable":true,"href":"https:\/\/www.europesays.com\/cz\/wp-json\/wp\/v2\/categories?post=200102"},{"taxonomy":"post_tag","embeddable":true,"href":"https:\/\/www.europesays.com\/cz\/wp-json\/wp\/v2\/tags?post=200102"}],"curies":[{"name":"wp","href":"https:\/\/api.w.org\/{rel}","templated":true}]}}