{"id":200126,"date":"2026-09-02T16:25:13","date_gmt":"2026-09-02T16:25:13","guid":{"rendered":"https:\/\/www.europesays.com\/cz\/200126\/"},"modified":"2026-09-02T16:25:13","modified_gmt":"2026-09-02T16:25:13","slug":"monika-babisova-vyrazila-s-andrejem-na-koncert-ceske-filharmonie-lide-ji-v-komentarich-miluji-i-zatracuji-expres-cz","status":"publish","type":"post","link":"https:\/\/www.europesays.com\/cz\/200126\/","title":{"rendered":"Monika Babi\u0161ov\u00e1 vyrazila s Andrejem na koncert \u010cesk\u00e9 filharmonie. Lid\u00e9 ji v koment\u00e1\u0159\u00edch miluj\u00ed i zatracuj\u00ed &#8211; Expres.cz"},"content":{"rendered":"<p><a href=\"https:\/\/news.google.com\/rss\/articles\/CBMi3gFBVV95cUxPYWxkOTVYcTllM3BBX2NHN19meVRoeEx3SU05czNaNEZla0hWekNLQ2Z0bUJNTmlTajBqU0Z1eUdiUmY0T0tuaXl2NW9PTTQwVnlVWC12UmVwSXZqdHA5RkdfeEFqLXNqeGhTZGJoUUVuVXpQRG4zT1ROck5FN044VWx1VHRUczRjU0tkV2t6UUF1U3MwWVM5THpiVERqcVF5aFJ1bm5sS2xjamQxeWZMeTdLeU9ZQjBnVzZpTTgtTU5Mb05zdDM2ZFoxdjhpUHpkeGc4UFJ4amo2dlhNdVE?oc=5\" target=\"_blank\" rel=\"nofollow noopener\">Monika Babi\u0161ov\u00e1 vyrazila s Andrejem na koncert \u010cesk\u00e9 filharmonie. Lid\u00e9 ji v koment\u00e1\u0159\u00edch miluj\u00ed i zatracuj\u00ed<\/a>&nbsp;&nbsp;Expres.cz<a href=\"https:\/\/news.google.com\/rss\/articles\/CBMimwFBVV95cUxOOTlmUVVWTGw0UDVGUUxQLVlHalZENy1QSmw2cnItSlJ6cXN0V29teVIyOWlwSk42Wmh2cXdSOHlua1N1QVJOVnZfeEkzRVBBcmFWX3FEQnJjRXdBSmIyVE9yU09ZUHh3V2FRVExURF93V2hMUVZVOVRvemdKY0NqVENPS0VDRXpLMmpCMVd5dEdvX1ZuMDNNR0ZHaw?oc=5\" target=\"_blank\" rel=\"nofollow noopener\">V\u0161echno nejlep\u0161\u00ed k narozenin\u00e1m, Andreji! A n\u00e1m siln\u00fd \u017ealudek a pevn\u00e9 nervy<\/a>&nbsp;&nbsp;forum 24<a href=\"https:\/\/news.google.com\/rss\/articles\/CBMisgFBVV95cUxQWm5KWEJZbFJZZlFWcjRYWWlvNDZ0dlhQNHlId29mM01waXlpZkMzRkpqYkZhcGhrR1JLcFJWTXBrWm9FZjdSOU5ET21TeGJiZmVZX2p6MWxVV2dnbzJSLXFJdjVwdFFMTkVZWnlscmhrN2ZpRTBPZzhFSWtORFBnaHBZcktiaW9qc1QyM09JZGlhQWZkWlVsTDZuOUdYcVpwbElMWUlTSkpoUjQ1TnNXMll3?oc=5\" target=\"_blank\" rel=\"nofollow noopener\">Galerie: Monika Babi\u0161ov\u00e1 zast\u00ednila premi\u00e9ra. V \u0161atech vypadala jako hollywoodsk\u00e1 hv\u011bzda<\/a>&nbsp;&nbsp;Extra.cz<a href=\"https:\/\/news.google.com\/rss\/articles\/CBMi2AFBVV95cUxPOVBKLXV0Rll0bG9OMEJ2azJRWFAxV1Q4WWNxR1lid0RmUmxnZE5pUlQxTXg0VnM2OTY1Rm1Tbm5jLVFDQVF2b0tPMWpwVUZsMUdJaER6dXg2dkp2Q1FoYjRkdUowVWtMWXpkOVZSM1pFVUV1QTNQSFpoR2ZpSk5YV1FIczRBdDRoMFJqLXRJNVQ0RzRySHlRQUJRM3p0RlhBUnhKTk4zYzBvaUhXQ0JyNmVEUFlqbHkwR00xT09XNTJtb2dSTXJCUkI5Q1VuT1BfTTdKRVpxY0w?oc=5\" target=\"_blank\" rel=\"nofollow noopener\">Tahle \u017eena v\u00ed, co si obl\u00e9knout: Monika Babi\u0161ov\u00e1 uchv\u00e1tila fanou\u0161ky v luxusn\u00edch kan\u00e1rkov\u00fdch \u0161atech<\/a>&nbsp;&nbsp;Super.cz<a href=\"https:\/\/news.google.com\/rss\/articles\/CBMi3wFBVV95cUxOX0lKcS1aQmtmQ0tOUjNwU2JLeGpfQmpjYmQzTnVLRlhOMFZ6ZF85UGR5U3J1U2Z3NDg3NzFoeFdUSlQ3V2I5N0IyUG9MUFdaLWFhMEltVmpOOWJoMEJaMlNjVzViZW8xS2xUNGlDeS1qb1VDX3NEbloyUC1qQ2diUVpLWUFPcmlFUFZjR01VbTRKM3FqOEN5WEtJaDRwTWRFc3ZTdjB4djk4M3lENUdBSU1DWW43VWpia1JoMllDOHA0Ym14V0owNnZTeHFZa0hzZmtLbUhpck1CQnp5U25B?oc=5\" target=\"_blank\" rel=\"nofollow noopener\">Monika Babi\u0161ov\u00e1 zast\u00ednila Andreje Babi\u0161e: V luxusn\u00ed r\u00f3b\u011b za des\u00edtky tis\u00edc v\u0161em vyrazila dech<\/a>&nbsp;&nbsp;M\u00e9dium.cz<\/p>\n","protected":false},"excerpt":{"rendered":"Monika Babi\u0161ov\u00e1 vyrazila s Andrejem na koncert \u010cesk\u00e9 filharmonie. Lid\u00e9 ji v koment\u00e1\u0159\u00edch miluj\u00ed i zatracuj\u00ed&nbsp;&nbsp;Expres.czV\u0161echno nejlep\u0161\u00ed k&hellip;\n","protected":false},"author":2,"featured_media":200127,"comment_status":"","ping_status":"","sticky":false,"template":"","format":"standard","meta":{"footnotes":"","_share_on_mastodon":"0"},"categories":[7],"tags":[266,43,42,41,40,8501,21707],"class_list":["post-200126","post","type-post","status-publish","format-standard","has-post-thumbnail","category-cesko","tag-andrej-babis","tag-ceska-republika","tag-cesko","tag-czech-republic","tag-czechia","tag-monika-babisova","tag-rudolfinum"],"share_on_mastodon":{"url":"https:\/\/pubeurope.com\/@cz\/117202381979999201","error":""},"_links":{"self":[{"href":"https:\/\/www.europesays.com\/cz\/wp-json\/wp\/v2\/posts\/200126","targetHints":{"allow":["GET"]}}],"collection":[{"href":"https:\/\/www.europesays.com\/cz\/wp-json\/wp\/v2\/posts"}],"about":[{"href":"https:\/\/www.europesays.com\/cz\/wp-json\/wp\/v2\/types\/post"}],"author":[{"embeddable":true,"href":"https:\/\/www.europesays.com\/cz\/wp-json\/wp\/v2\/users\/2"}],"replies":[{"embeddable":true,"href":"https:\/\/www.europesays.com\/cz\/wp-json\/wp\/v2\/comments?post=200126"}],"version-history":[{"count":0,"href":"https:\/\/www.europesays.com\/cz\/wp-json\/wp\/v2\/posts\/200126\/revisions"}],"wp:featuredmedia":[{"embeddable":true,"href":"https:\/\/www.europesays.com\/cz\/wp-json\/wp\/v2\/media\/200127"}],"wp:attachment":[{"href":"https:\/\/www.europesays.com\/cz\/wp-json\/wp\/v2\/media?parent=200126"}],"wp:term":[{"taxonomy":"category","embeddable":true,"href":"https:\/\/www.europesays.com\/cz\/wp-json\/wp\/v2\/categories?post=200126"},{"taxonomy":"post_tag","embeddable":true,"href":"https:\/\/www.europesays.com\/cz\/wp-json\/wp\/v2\/tags?post=200126"}],"curies":[{"name":"wp","href":"https:\/\/api.w.org\/{rel}","templated":true}]}}