{"id":200138,"date":"2026-09-02T16:37:37","date_gmt":"2026-09-02T16:37:37","guid":{"rendered":"https:\/\/www.europesays.com\/cz\/200138\/"},"modified":"2026-09-02T16:37:37","modified_gmt":"2026-09-02T16:37:37","slug":"deste-nestacily-pudni-sucho-trapi-hlavne-moravu","status":"publish","type":"post","link":"https:\/\/www.europesays.com\/cz\/200138\/","title":{"rendered":"De\u0161t\u011b nesta\u010dily. P\u016fdn\u00ed sucho tr\u00e1p\u00ed hlavn\u011b Moravu"},"content":{"rendered":"<p class=\"c_bB\">Za posledn\u00edch 10\u00a0dn\u00ed \u010cesko za\u017eilo n\u011bkolik epizod v\u00fdrazn\u011bj\u0161\u00edch sr\u00e1\u017eek, ale v\u011bt\u0161ina de\u0161t\u011b spadla v\u00a0\u010cech\u00e1ch, kde ojedin\u011ble napr\u0161elo a\u017e 100\u00a0mm. Sucho d\u00edky tomu nen\u00ed v\u00a0\u010cech\u00e1ch v\u00a0povrchov\u00e9 vrstv\u011b p\u016fdy pozorov\u00e1no skoro nikde. Na Morav\u011b ov\u0161em na n\u011bkter\u00fdch m\u00edstech nepr\u0161elo v\u016fbec.<\/p>\n<p class=\"c_bB\">\u201eNa pomez\u00ed Vyso\u010diny a\u00a0Jihomoravsk\u00e9ho kraje sice intenzita sucha m\u00edrn\u011b poklesla, nad\u00e1le zde v\u0161ak pozorujeme v\u00fdjime\u010dn\u00e9 sucho, zejm\u00e9na na Vyso\u010din\u011b, kde je m\u00edsty a\u017e extr\u00e9mn\u00ed. Stejn\u011b tak se extr\u00e9mn\u00ed sucho m\u00edsty vyskytuje na Hodon\u00ednsku nebo B\u0159eclavsku,\u201c informuje <a data-dot=\"atm-link\" target=\"_blank\" rel=\"noopener nofollow\" href=\"https:\/\/www.intersucho.cz\/cs\/ceska-republika\/aktualni-stav-intenzita-sucha\/\" class=\"c_I\">web Intersucho<\/a> o\u00a0stavu v\u00a0povrchov\u00e9 vrstv\u011b p\u016fdy (do 40\u00a0cm). <\/p>\n<p class=\"c_bB\">\u201eSucho z\u016fst\u00e1v\u00e1 i\u00a0v \u010cech\u00e1ch ve spodn\u00ed vrstv\u011b p\u016fdy 40\u00a0a\u017e 100\u00a0cm, ale zat\u00edm to v\u00a0\u010cech\u00e1ch nen\u00ed tak z\u00e1sadn\u00ed odchylka od b\u011b\u017en\u00e9ho stavu. Na Morav\u011b to d\u00e1le z\u016fst\u00e1v\u00e1 ve \u0161patn\u00e9m stavu, proto\u017ee tam tolik sr\u00e1\u017eek nebylo,\u201c \u0159ekl Novink\u00e1m Pavel Zahradn\u00ed\u010dek z\u00a0t\u00fdmu Intersucho. <\/p>\n<p class=\"c_bB\">V cel\u00e9m p\u016fdn\u00edm profilu se k\u00a030.\u00a0srpnu vyskytovala odchylka od obvykl\u00e9ho stavu zhruba na 48\u00a0procentech \u00fazem\u00ed. <\/p>\n<p><img fetchpriority=\"high\" height=\"1417\"   width=\"2126\" src=\"https:\/\/www.europesays.com\/cz\/wp-content\/uploads\/2026\/09\/pocasi-sucho.png\" loading=\"eager\" decoding=\"sync\" class=\"c_t c_r\"\/>Foto: Intersucho<\/p>\n<p class=\"c_bB\">Stav p\u016fdn\u00edho sucha ke konci srpna<\/p>\n<p>Hydrologick\u00e9 sucho<\/p>\n<p class=\"c_bB\">V posledn\u00edch 10\u00a0dnech n\u011bkolikr\u00e1t v\u00fdrazn\u011bji pr\u0161elo zejm\u00e9na v\u00a0p\u00e1su od jihoz\u00e1padn\u00edch \u010cech, p\u0159es st\u0159edn\u00ed \u010cechy a\u017e do oblasti severov\u00fdchodn\u00edch \u010cech. \u201eTam je situace nad hranic\u00ed hydrologick\u00e9ho sucha. A\u00a0neo\u010dek\u00e1v\u00e1 se, \u017ee by se to m\u011blo zm\u011bnit, i\u00a0d\u00edky ni\u017e\u0161\u00edmu v\u00fdparu na podzim,\u201c popsal situaci Novink\u00e1m hydrolog Martin Pecha z\u00a0\u010cesk\u00e9ho hydrometeorologick\u00e9ho \u00fastavu (\u010cHM\u00da). <\/p>\n<p class=\"c_bB\">V jin\u00fdch oblastech naopak hydrologick\u00e9 sucho st\u00e1le trv\u00e1. Situace je \u0161patn\u00e1 nejen na Morav\u011b, ale i\u00a0na Vyso\u010din\u011b, v\u00a0oblasti \u0160umavy nebo Podkru\u0161noho\u0159\u00ed. <\/p>\n<p class=\"c_bB\">Podle Pechy u\u017e jsme v\u0161ak za nejhor\u0161\u00edmi stavy. N\u011bkde sice nenapr\u0161elo skoro nic, ale do \u0159ek se aspo\u0148 n\u011bco dostalo. Na p\u0159elomu srpna a\u00a0z\u00e1\u0159\u00ed u\u017e tak \u0159eky v\u011bt\u0161inou nejsou na historick\u00fdch minimech, jak tomu \u010dasto bylo v\u00a0prvn\u00ed polovin\u011b srpna. <\/p>\n<p class=\"c_bB\">Na podzemn\u00edch vod\u00e1ch se ov\u0161em sr\u00e1\u017eky v\u00a0posledn\u00edch dnech prakticky neprojevily. Stavy jsou tak \u010dasto <a data-dot=\"atm-link\" target=\"_blank\" rel=\"noopener nofollow\" href=\"https:\/\/hydro.chmi.cz\/hpps\/pzv?id=melkevrty&amp;key=map&amp;sx=1722724.5&amp;sy=6415123.5&amp;sz=1\" class=\"c_I\">mimo\u0159\u00e1dn\u011b podnorm\u00e1ln\u00ed<\/a>. \u201eV\u00fdjimkou jsou oblasti, kde spadlo 70\u00a0a\u017e 100\u00a0mm, tam se zlep\u0161ila situace i\u00a0v podzemn\u00edch vod\u00e1ch, t\u0159eba na Bene\u0161ovsku,\u201c \u0159\u00edk\u00e1 Pecha. <\/p>\n<p>V\u00fdhled sucha<\/p>\n<p class=\"c_bB\">V nejbli\u017e\u0161\u00edch dnech se neo\u010dek\u00e1vaj\u00ed \u017e\u00e1dn\u00e9 vydatn\u00e9 sr\u00e1\u017eky. Jen v\u00a0p\u00e1tek a\u00a0v sobotu by mohlo zapr\u0161et, ale \u00fahrny podle p\u0159edpov\u011bd\u00ed nebudou p\u0159\u00edli\u0161 vysok\u00e9. Z\u00e1rove\u0148 by m\u011bly b\u00fdt minim\u00e1ln\u011b do p\u00e1tku nadpr\u016fm\u011brn\u00e9 teploty. <\/p>\n<p class=\"c_bB\">\u201eP\u0159edpokl\u00e1d\u00e1 se, \u017ee se sucho bude roz\u0161i\u0159ovat, ale ne do tak \u0161patn\u00e9ho stavu, jak\u00fd byl t\u0159eba p\u0159ed m\u011bs\u00edcem. Situace se bude zhor\u0161ovat, ale ne nijak dramaticky,\u201c \u0159\u00edk\u00e1 Zahradn\u00ed\u010dek. <\/p>\n<p class=\"c_bB\">Aby se stav \u0159ek vr\u00e1til do norm\u00e1lu a\u00a0doplnily se z\u00e1soby v\u00a0podzemn\u00edch vod\u00e1ch, bude pot\u0159eba, aby zapr\u0161elo v\u00fdrazn\u011bji. <\/p>\n<p class=\"c_bB\">\u201eTam, kde spadne 10\u00a0a\u017e 20\u00a0mm, tam se do podzem\u00ed nedostane skoro nic. Vezme to p\u016fda a\u00a0vegetace, n\u011bco odte\u010de a\u00a0n\u011bco se odpa\u0159\u00ed,\u201c \u0159\u00edk\u00e1 Pecha. Dod\u00e1v\u00e1, \u017ee pokud spadne v\u00a0tomto t\u00fddnu kolem 10\u00a0mm, pom\u016f\u017ee to v\u00a0m\u00edstech, kde je vlh\u010deji, ale t\u0159eba na jihu Moravy se to hydrologicky neprojev\u00ed v\u016fbec. <\/p>\n<p class=\"c_bB\">I proto je v\u00a0platnosti <a data-dot=\"atm-link\" target=\"_blank\" rel=\"noopener nofollow\" href=\"https:\/\/hamr.chmi.cz\/hamr-JS\/vystraha.html\" class=\"c_I\">v\u00fdstraha<\/a> p\u0159ed hydrologick\u00fdm suchem st\u00e1le ve v\u011bt\u0161in\u011b \u010ceska. <\/p>\n<p><img height=\"902\"   width=\"1565\" src=\"https:\/\/www.europesays.com\/cz\/wp-content\/uploads\/2026\/09\/1788367056_812_pocasi-sucho.png\" loading=\"eager\" decoding=\"sync\" class=\"c_t c_r\"\/>Foto: \u010cHM\u00da<\/p>\n<p class=\"c_bB\">V\u00fdstraha p\u0159ed hydrologick\u00fdm suchem<\/p>\n<p><a data-dot=\"atm-link\" target=\"_self\" href=\"https:\/\/www.novinky.cz\/clanek\/ekonomika-chleba-podrazi-uz-asi-na-podzim-zdrazovani-psenice-zene-nahoru-cenu-mouky-40595089\" class=\"c_I\" rel=\"nofollow noopener\"><img height=\"4045\" width=\"7192\" src=\"https:\/\/www.europesays.com\/cz\/wp-content\/uploads\/2026\/09\/pecivo-pekar-nakupy.jpeg\" loading=\"eager\" decoding=\"sync\" class=\"c_t c_r\"\/><\/a><\/p>\n","protected":false},"excerpt":{"rendered":"Za posledn\u00edch 10\u00a0dn\u00ed \u010cesko za\u017eilo n\u011bkolik epizod v\u00fdrazn\u011bj\u0161\u00edch sr\u00e1\u017eek, ale v\u011bt\u0161ina de\u0161t\u011b spadla v\u00a0\u010cech\u00e1ch, kde ojedin\u011ble napr\u0161elo a\u017e&hellip;\n","protected":false},"author":2,"featured_media":200139,"comment_status":"","ping_status":"","sticky":false,"template":"","format":"standard","meta":{"footnotes":"","_share_on_mastodon":"0"},"categories":[7],"tags":[43,42,41,40,3659,159,255,7031],"class_list":["post-200138","post","type-post","status-publish","format-standard","has-post-thumbnail","category-cesko","tag-ceska-republika","tag-cesko","tag-czech-republic","tag-czechia","tag-dest","tag-klima","tag-pocasi","tag-sucho"],"share_on_mastodon":{"url":"https:\/\/pubeurope.com\/@cz\/117202429716574654","error":""},"_links":{"self":[{"href":"https:\/\/www.europesays.com\/cz\/wp-json\/wp\/v2\/posts\/200138","targetHints":{"allow":["GET"]}}],"collection":[{"href":"https:\/\/www.europesays.com\/cz\/wp-json\/wp\/v2\/posts"}],"about":[{"href":"https:\/\/www.europesays.com\/cz\/wp-json\/wp\/v2\/types\/post"}],"author":[{"embeddable":true,"href":"https:\/\/www.europesays.com\/cz\/wp-json\/wp\/v2\/users\/2"}],"replies":[{"embeddable":true,"href":"https:\/\/www.europesays.com\/cz\/wp-json\/wp\/v2\/comments?post=200138"}],"version-history":[{"count":0,"href":"https:\/\/www.europesays.com\/cz\/wp-json\/wp\/v2\/posts\/200138\/revisions"}],"wp:featuredmedia":[{"embeddable":true,"href":"https:\/\/www.europesays.com\/cz\/wp-json\/wp\/v2\/media\/200139"}],"wp:attachment":[{"href":"https:\/\/www.europesays.com\/cz\/wp-json\/wp\/v2\/media?parent=200138"}],"wp:term":[{"taxonomy":"category","embeddable":true,"href":"https:\/\/www.europesays.com\/cz\/wp-json\/wp\/v2\/categories?post=200138"},{"taxonomy":"post_tag","embeddable":true,"href":"https:\/\/www.europesays.com\/cz\/wp-json\/wp\/v2\/tags?post=200138"}],"curies":[{"name":"wp","href":"https:\/\/api.w.org\/{rel}","templated":true}]}}