{"id":200146,"date":"2026-09-02T16:41:13","date_gmt":"2026-09-02T16:41:13","guid":{"rendered":"https:\/\/www.europesays.com\/cz\/200146\/"},"modified":"2026-09-02T16:41:13","modified_gmt":"2026-09-02T16:41:13","slug":"danska-restaurace-pokutuje-zakazniky-za-nesnezene-maso","status":"publish","type":"post","link":"https:\/\/www.europesays.com\/cz\/200146\/","title":{"rendered":"D\u00e1nsk\u00e1 restaurace pokutuje z\u00e1kazn\u00edky za nesn\u011bzen\u00e9 maso"},"content":{"rendered":"<p class=\"c_bB\">Restaurace Kulhuset, kter\u00e1 funguje jako takzvan\u00fd \u201eall-you-can-eat\u201c podnik (\u201esn\u011bz, kolik m\u016f\u017ee\u0161\u201c), se t\u00edmto zp\u016fsobem sna\u017e\u00ed omezit pl\u00fdtv\u00e1n\u00ed potravinami a\u00a0zejm\u00e9na masem.<\/p>\n<p class=\"c_bB\">Majitel Mikail \u00d8zcan si v\u00a0rozhovoru pro televizi <a data-dot=\"atm-link\" target=\"_blank\" rel=\"noopener nofollow\" href=\"https:\/\/nyheder.tv2.dk\/samfund\/2026-09-01-restaurant-afkraever-kunder-gebyr-for-uspist-koed\" class=\"c_I\">TV 2\u00a0Kosmopol<\/a> post\u011b\u017eoval, \u017ee n\u011bkte\u0159\u00ed host\u00e9 zneu\u017e\u00edvaj\u00ed situace, kdy za pau\u0161\u00e1ln\u00ed poplatek mohou konzumovat maso v\u00a0neomezen\u00e9m mno\u017estv\u00ed. Vzpomn\u011bl si na p\u0159\u00edpad, kdy host nesn\u011bdl deset kousk\u016f masa, co\u017e odpov\u00edd\u00e1 a\u017e jednomu kilogramu.<\/p>\n<p class=\"c_bB\">\u201eZafungovalo to skv\u011ble. Mno\u017estv\u00ed nesn\u011bzen\u00e9ho masa, kter\u00e9 tak kon\u010d\u00ed jako potravinov\u00fd odpad, se v\u00fdrazn\u011b sn\u00ed\u017eilo,\u201c \u0159ekl Mikail. Je to podle n\u011bj \u00fa\u010dinn\u011bj\u0161\u00ed, ne\u017e kdyby person\u00e1l z\u00e1kazn\u00edk\u016fm p\u0159ipom\u00ednal, aby si nebrali v\u00edce, ne\u017e zkonzumuj\u00ed.<\/p>\n<p><a data-dot=\"atm-link\" target=\"_self\" href=\"https:\/\/www.novinky.cz\/clanek\/koktejl-francouz-koupil-v-restauraci-ziveho-humra-za-sedm-tisic-pustil-ho-do-more-40592373\" class=\"c_I\" rel=\"nofollow noopener\"><img fetchpriority=\"high\" height=\"2066\" width=\"3673\" src=\"https:\/\/www.europesays.com\/cz\/wp-content\/uploads\/2026\/09\/humr.jpeg\" loading=\"eager\" decoding=\"sync\" class=\"c_t c_r\"\/><\/a><\/p>\n<p class=\"c_bB\">\u201eM\u00e1me v\u00a0nab\u00eddce 15\u00a0druh\u016f masa a\u00a0ch\u00e1peme, \u017ee \u010dlov\u011bk m\u016f\u017ee podlehnout poku\u0161en\u00ed a\u00a0nabrat si v\u00edce, ne\u017e sn\u00ed. N\u00e1\u0161 koncept ale zn\u00ed \u201asn\u011bz, co m\u016f\u017ee\u0161\u2018, nikoli \u201avyho\u010f, co m\u016f\u017ee\u0161\u2018,\u201c vysv\u011btlil majitel podniku.<\/p>\n<p class=\"c_bB\">Na soci\u00e1ln\u00edch s\u00edt\u00edch na\u0161el Mikail zast\u00e1nce, ale na\u0161li se i\u00a0mnoz\u00ed kritici. \u201ePro\u010d si to \u00fa\u010dtujete? Lid\u00e9 si to p\u0159edem zaplatili,\u201c nam\u00edtl jeden u\u017eivatel. Jin\u00fd ozna\u010dil pokuty za nesn\u011bzen\u00e9 maso za \u201eodporn\u00e9\u201c.<\/p>\n<p class=\"c_bB\">Majitel restaurace kritiku ch\u00e1pe a\u00a0sna\u017e\u00ed se vysv\u011btlovat, \u017ee poplatek ne\u00fa\u010dtuje proto, aby zbohatl, ale aby zamezil pl\u00fdtv\u00e1n\u00ed. Od pokut pr\u00fd neustoup\u00ed.<\/p>\n<p><a data-dot=\"atm-link\" target=\"_self\" href=\"https:\/\/www.novinky.cz\/clanek\/cestovani-restaurace-na-ibize-uctovala-hostum-poplatek-za-poveseni-prirucnich-tasek-stovku-za-kus-40534672\" class=\"c_I\" rel=\"nofollow noopener\"><img height=\"1012\" width=\"1800\" src=\"https:\/\/www.europesays.com\/cz\/wp-content\/uploads\/2026\/09\/platba.jpeg\" loading=\"eager\" decoding=\"sync\" class=\"c_t c_r\"\/><\/a><\/p>\n","protected":false},"excerpt":{"rendered":"Restaurace Kulhuset, kter\u00e1 funguje jako takzvan\u00fd \u201eall-you-can-eat\u201c podnik (\u201esn\u011bz, kolik m\u016f\u017ee\u0161\u201c), se t\u00edmto zp\u016fsobem sna\u017e\u00ed omezit pl\u00fdtv\u00e1n\u00ed potravinami&hellip;\n","protected":false},"author":2,"featured_media":200147,"comment_status":"","ping_status":"","sticky":false,"template":"","format":"standard","meta":{"footnotes":"","_share_on_mastodon":"0"},"categories":[15],"tags":[338,5751,2058,1958,94,93],"class_list":["post-200146","post","type-post","status-publish","format-standard","has-post-thumbnail","category-sport","tag-dansko","tag-maso","tag-pokuta","tag-restaurace","tag-sport","tag-sports"],"share_on_mastodon":{"url":"https:\/\/pubeurope.com\/@cz\/117202445265501812","error":""},"_links":{"self":[{"href":"https:\/\/www.europesays.com\/cz\/wp-json\/wp\/v2\/posts\/200146","targetHints":{"allow":["GET"]}}],"collection":[{"href":"https:\/\/www.europesays.com\/cz\/wp-json\/wp\/v2\/posts"}],"about":[{"href":"https:\/\/www.europesays.com\/cz\/wp-json\/wp\/v2\/types\/post"}],"author":[{"embeddable":true,"href":"https:\/\/www.europesays.com\/cz\/wp-json\/wp\/v2\/users\/2"}],"replies":[{"embeddable":true,"href":"https:\/\/www.europesays.com\/cz\/wp-json\/wp\/v2\/comments?post=200146"}],"version-history":[{"count":0,"href":"https:\/\/www.europesays.com\/cz\/wp-json\/wp\/v2\/posts\/200146\/revisions"}],"wp:featuredmedia":[{"embeddable":true,"href":"https:\/\/www.europesays.com\/cz\/wp-json\/wp\/v2\/media\/200147"}],"wp:attachment":[{"href":"https:\/\/www.europesays.com\/cz\/wp-json\/wp\/v2\/media?parent=200146"}],"wp:term":[{"taxonomy":"category","embeddable":true,"href":"https:\/\/www.europesays.com\/cz\/wp-json\/wp\/v2\/categories?post=200146"},{"taxonomy":"post_tag","embeddable":true,"href":"https:\/\/www.europesays.com\/cz\/wp-json\/wp\/v2\/tags?post=200146"}],"curies":[{"name":"wp","href":"https:\/\/api.w.org\/{rel}","templated":true}]}}