{"id":200150,"date":"2026-09-02T16:45:19","date_gmt":"2026-09-02T16:45:19","guid":{"rendered":"https:\/\/www.europesays.com\/cz\/200150\/"},"modified":"2026-09-02T16:45:19","modified_gmt":"2026-09-02T16:45:19","slug":"pristi-mesice-budou-napinave-varuje-polsky-premier-varsava-vysetruje-nekolik-novych-podezreni-na-ruskou-sabotaz-hospodarske-noviny","status":"publish","type":"post","link":"https:\/\/www.europesays.com\/cz\/200150\/","title":{"rendered":"P\u0159\u00ed\u0161t\u00ed m\u011bs\u00edce budou nap\u00ednav\u00e9, varuje polsk\u00fd premi\u00e9r. Var\u0161ava vy\u0161et\u0159uje n\u011bkolik nov\u00fdch podez\u0159en\u00ed na ruskou sabot\u00e1\u017e &#8211; Hospod\u00e1\u0159sk\u00e9 noviny"},"content":{"rendered":"<p><a href=\"https:\/\/news.google.com\/rss\/articles\/CBMi4gFBVV95cUxQa19pTUZzblg5SlkzUm12YW1KNl8wdDZVb1ozRTlQU3JCZGlhQ3lZZUhUdFVwemNMYnRIU2xtOVpxRHVQRUE5enMxNWRWMGt6aG4xMzVOTXhNOWhrdnBTcVpyS2ZCLWJrSWVKOWtjd0xfWTdVZUJPeHVTYzFPWjI5RnpiZmotam9xRXUxZ21FdkNOM04yRUp5aTVHZVRLcmlHMkRPVWhCOF9qNG5laTVxZFRfVndVeGxsdkJiSkk2dnNHRnBqQXBpdXBxUmtlMFVJcjVRZ1BrVmhEQU1BTFRZeVFB?oc=5\" target=\"_blank\" rel=\"nofollow noopener\">P\u0159\u00ed\u0161t\u00ed m\u011bs\u00edce budou nap\u00ednav\u00e9, varuje polsk\u00fd premi\u00e9r. Var\u0161ava vy\u0161et\u0159uje n\u011bkolik nov\u00fdch podez\u0159en\u00ed na ruskou sabot\u00e1\u017e<\/a>&nbsp;&nbsp;Hospod\u00e1\u0159sk\u00e9 noviny<a href=\"https:\/\/news.google.com\/rss\/articles\/CBMihwFBVV95cUxNR3JpNHh5d2M0dUxWb2d6VmJWcmN6T2VjSTZCekJNNlI3UVhoQmhESFpIQ2lGQTJhQWdlcnFWNHVPTnRFZnp1ZHljMGkxZ25OeVZmOWdhNjJyQUYtUVh5aG90c3ZGNUpNbU5oMUUzZ1A5WVRHU0tZaEpORnBpbDZNZkZKZF9qRzQ?oc=5\" target=\"_blank\" rel=\"nofollow noopener\">P\u011bt procent HDP nen\u00ed \u00fa\u010detn\u00ed c\u00edl. Jde o z\u00e1sadn\u00ed zm\u011bnu NATO, \u0159\u00edk\u00e1 \u010desk\u00fd velvyslanec Koneck\u00fd<\/a>&nbsp;&nbsp;Echo24<a href=\"https:\/\/news.google.com\/rss\/articles\/CBMiuwFBVV95cUxNc1FJdjdmaGlsX2VncUZ5dkx4Yko4azl6WXlJVnUwRVZNcmRGTjJWWGl0MU4zLXZzYjY4cmx6eUxNN2JZQWNwVGpLbF9mSHFBVzdKbjBDSUQ1UHZ2bXpRcGtqcXYwMl9OeDY5VjV0YjdPN0w0ZE1TQ29fai12aGdxT0ZCbzJIV1YyOEZFa2laZU11TDByaDB4dUZiT1Z1OTQ2SERtMEdhQXZSaWxlWURVRlhhTl85ODVBZVB3?oc=5\" target=\"_blank\" rel=\"nofollow noopener\">Dal\u0161\u00ed p\u016flrok bude rozhoduj\u00edc\u00ed, varoval Tusk po jedn\u00e1n\u00ed s Ruttem<\/a>&nbsp;&nbsp;Novinky<a href=\"https:\/\/news.google.com\/rss\/articles\/CBMiugFBVV95cUxNUmF2NDYzTWtmMnROSmtlc1d4NC1VMHMzSEhmUnF1QjhUUV9yZGQ0Ti1VYWFNc2pHcGtGU2RQTUJoMDBUcW9OVnF5MlRhVTM4ZTVjZEhUMHBoQ0ZDb2VoTzk3VTNXNGZILVJUN0NhLU5LX3JpUl96TTNsRTI3RFhGSnFOTjRQTm15amFRaXRLMGY1QkVNV29tbmxGRUlQLWk3OXkzRjRPbFJ0VlQ1LUhqSUFXbzh0QU9wOHc?oc=5\" target=\"_blank\" rel=\"nofollow noopener\">Polsk\u00fd ministr: V\u00edme, co Putin pl\u00e1nuje. Mus\u00edme urychlit p\u0159\u00edpravy na obranu<\/a>&nbsp;&nbsp;TN.cz<a href=\"https:\/\/news.google.com\/rss\/articles\/CBMivwFBVV95cUxPVzdlN1ZBLTFoZlFKZ2RnTF9YbDY5RldiVFl5OTVlV1M1eHlSekdoeG11Q3pJRHkydV9zX05HOEI4X3Z2LTBGcFZrcXUxc29kQTNObWpWSzBpTVhRWm10Ny1UenFYQW8xSVFLYllpUkthNmo4S2xWelJlMDltUEUzWE1tOXM2d2Ffd2cxa1VEMUlLYTBKLS1CcWVkMmNtRDE3RVF0OWVOSEdvaHFlYUFPZ19kbFg4MWpDdk54MmNyRQ?oc=5\" target=\"_blank\" rel=\"nofollow noopener\">Finsk\u00fd prezident Stubb nev\u011b\u0159\u00ed, \u017ee by Rusko za\u00fato\u010dilo na \u010dlenskou zemi NATO<\/a>&nbsp;&nbsp;\u010cT24<\/p>\n","protected":false},"excerpt":{"rendered":"P\u0159\u00ed\u0161t\u00ed m\u011bs\u00edce budou nap\u00ednav\u00e9, varuje polsk\u00fd premi\u00e9r. Var\u0161ava vy\u0161et\u0159uje n\u011bkolik nov\u00fdch podez\u0159en\u00ed na ruskou sabot\u00e1\u017e&nbsp;&nbsp;Hospod\u00e1\u0159sk\u00e9 novinyP\u011bt procent HDP&hellip;\n","protected":false},"author":2,"featured_media":200151,"comment_status":"","ping_status":"","sticky":false,"template":"","format":"standard","meta":{"footnotes":"","_share_on_mastodon":"0"},"categories":[11],"tags":[895,117,735,61,54,645,53,52],"class_list":["post-200150","post","type-post","status-publish","format-standard","has-post-thumbnail","category-svet","tag-nato","tag-polsko","tag-pozar","tag-rusko","tag-svet","tag-valka","tag-world","tag-world-news"],"share_on_mastodon":{"url":"https:\/\/pubeurope.com\/@cz\/117202460829926165","error":""},"_links":{"self":[{"href":"https:\/\/www.europesays.com\/cz\/wp-json\/wp\/v2\/posts\/200150","targetHints":{"allow":["GET"]}}],"collection":[{"href":"https:\/\/www.europesays.com\/cz\/wp-json\/wp\/v2\/posts"}],"about":[{"href":"https:\/\/www.europesays.com\/cz\/wp-json\/wp\/v2\/types\/post"}],"author":[{"embeddable":true,"href":"https:\/\/www.europesays.com\/cz\/wp-json\/wp\/v2\/users\/2"}],"replies":[{"embeddable":true,"href":"https:\/\/www.europesays.com\/cz\/wp-json\/wp\/v2\/comments?post=200150"}],"version-history":[{"count":0,"href":"https:\/\/www.europesays.com\/cz\/wp-json\/wp\/v2\/posts\/200150\/revisions"}],"wp:featuredmedia":[{"embeddable":true,"href":"https:\/\/www.europesays.com\/cz\/wp-json\/wp\/v2\/media\/200151"}],"wp:attachment":[{"href":"https:\/\/www.europesays.com\/cz\/wp-json\/wp\/v2\/media?parent=200150"}],"wp:term":[{"taxonomy":"category","embeddable":true,"href":"https:\/\/www.europesays.com\/cz\/wp-json\/wp\/v2\/categories?post=200150"},{"taxonomy":"post_tag","embeddable":true,"href":"https:\/\/www.europesays.com\/cz\/wp-json\/wp\/v2\/tags?post=200150"}],"curies":[{"name":"wp","href":"https:\/\/api.w.org\/{rel}","templated":true}]}}