{"id":200196,"date":"2026-09-02T17:23:09","date_gmt":"2026-09-02T17:23:09","guid":{"rendered":"https:\/\/www.europesays.com\/cz\/200196\/"},"modified":"2026-09-02T17:23:09","modified_gmt":"2026-09-02T17:23:09","slug":"volby-v-sasku-anhaltsku-afd-v-pruzkumu-drtive-vede-muze-ziskat-az-43-procent","status":"publish","type":"post","link":"https:\/\/www.europesays.com\/cz\/200196\/","title":{"rendered":"Volby v\u00a0Sasku-Anhaltsku: AfD v\u00a0pr\u016fzkumu drtiv\u011b vede, m\u016f\u017ee z\u00edskat a\u017e 43\u00a0procent"},"content":{"rendered":"<p class=\"c_bB\">Pro \u0161\u00e9fa CDU a\u00a0sou\u010dasn\u00e9ho spolkov\u00e9ho kancl\u00e9\u0159e Friedricha Merze to je ho\u0159k\u00e1 por\u00e1\u017eka. Rozd\u00edl mezi ob\u011bma stranami se op\u011bt zv\u011bt\u0161il v\u00a0porovn\u00e1n\u00ed s\u00a0p\u0159edchoz\u00edmi pr\u016fzkumy ve\u0159ejn\u00e9ho m\u00edn\u011bn\u00ed. Nepomohla ani jeho pond\u011bln\u00ed n\u00e1v\u0161t\u011bva Saska-Anhaltska a\u00a0jeho \u201emobilizace\u201c. \u201eSasko-Anhaltsko se nesm\u00ed st\u00e1t pokusn\u00fdm polem pro rozhn\u011bvan\u00e9 ob\u010dany!\u201c h\u0159\u00edmal a\u00a0varoval p\u0159ed rizikem ekonomick\u00e9ho \u00fapadku.<\/p>\n<p class=\"c_bB\">Nyn\u011bj\u0161\u00ed pr\u016fzkum ale skon\u010dil tot\u00e1ln\u00edm propad\u00e1kem pro sou\u010dasn\u00e9ho zemsk\u00e9ho premi\u00e9ra Svena Schulzeho, kter\u00fd se sna\u017e\u00ed post obh\u00e1jit. Volilo by ho pouh\u00fdch 28\u00a0procent obyvatel. Kandid\u00e1tovi AfD, p\u011btat\u0159icetilet\u00e9mu Ulrichu Siegmundovi, by dalo hlas 39\u00a0procent voli\u010d\u016f. V\u00a0p\u0159edchoz\u00edch pr\u016fzkumech \u00fa\u0159aduj\u00edc\u00ed zemsk\u00fd premi\u00e9r st\u00e1le vedl. V\u00a0posledn\u00edm, kter\u00fd byl pro ve\u0159ejnopr\u00e1vn\u00ed televizi ZDF, vedl Schulze 48\u00a0procenty proti Siegmundovi s\u00a032\u00a0procenty.<\/p>\n<p class=\"c_bB\">Volebn\u00ed ned\u011ble bude velmi nap\u00ednav\u00e1. Do zemsk\u00e9ho sn\u011bmu by se dostala tak\u00e9 postkomunistick\u00e1 strana Die Linke (Levice) s\u00a012\u00a0procenty, soci\u00e1ln\u00ed demokracie (SPD) se sedmi a\u00a0strana Zelen\u00fdch s\u00a0p\u011bti procenty hlas\u016f. \u017d\u00e1dn\u00e1 dal\u0161\u00ed strana by p\u011btiprocentn\u00ed pr\u00e1h nutn\u00fd pro zvolen\u00ed nep\u0159ekro\u010dila.<\/p>\n<p><a data-dot=\"atm-link\" target=\"_self\" href=\"https:\/\/www.novinky.cz\/clanek\/zahranicni-evropa-nejnebezpecnejsi-muz-nemecka-prodaval-osvezovace-vzduchu-dnes-ma-lidr-afd-premiersky-post-na-dosah-40594512\" class=\"c_I\" rel=\"nofollow noopener\"><img fetchpriority=\"high\" height=\"2304\" width=\"4096\" src=\"https:\/\/www.europesays.com\/cz\/wp-content\/uploads\/2026\/09\/e00e.jpeg\" loading=\"eager\" decoding=\"sync\" class=\"c_t c_r\"\/><\/a><\/p>\n<p class=\"c_bB\">Pokud by se tato progn\u00f3za naplnila, AfD by se pl\u00e1n na jednobarevnou vl\u00e1du mohl zhroutit, p\u00ed\u0161e <a data-dot=\"atm-link\" target=\"_blank\" rel=\"noopener nofollow\" href=\"https:\/\/www.bild.de\/politik\/inland\/trotz-merz-visite-schulze-jetzt-21-prozentpunkte-hinter-der-afd-6a97ebad3ae913be367b651e\" class=\"c_I\">web den\u00edku Bild<\/a>. Pokud by se Zelen\u00ed dostali do parlamentu, spolu s\u00a0Die Linke (Levice) a\u00a0jej\u00edmi 12\u00a0procenty a\u00a0soci\u00e1ln\u00edmi demokraty (sedm procent) a\u00a0CDU (22\u00a0procent) by dali dohromady 46\u00a0procent a\u00a0vytvo\u0159ili by vl\u00e1dn\u00ed protikoalici.<\/p>\n<p class=\"c_bB\">V tomto p\u0159\u00edpad\u011b ale nast\u00e1v\u00e1 probl\u00e9m, proto\u017ee CDU na z\u00e1klad\u011b usnesen\u00ed stranick\u00e9ho sjezdu vylu\u010duje jakoukoliv koalici s\u00a0Die Linke (Levice). Ot\u00e1zkou ale je, zda se poda\u0159\u00ed ostatn\u00edm mal\u00fdm stran\u00e1m, jako nap\u0159\u00edklad Spojenectv\u00ed Sahry Wagenknechtov\u00e9\u00a0\u2013 Rozum a\u00a0spravedlnost (BSW) p\u0159ekro\u010dit p\u011btiprocentn\u00ed hranici. Pr\u016fzkum ji p\u0159isuzuje pouh\u00e1 \u010dty\u0159i procenta.<\/p>\n<p class=\"c_bB\">Svobodn\u00e1 demokratick\u00e1 strana (FDP) by podle progn\u00f3zy z\u00edskala jen t\u0159i procenta a\u00a0propadla by.<\/p>\n<p class=\"c_bB\">Sasko-Anhaltsko je spolkov\u00e1 zem\u011b na v\u00fdchod\u011b N\u011bmecka, kter\u00e1 vznikla po z\u00e1niku N\u011bmeck\u00e9 demokratick\u00e9 republiky (NDR) v\u00a0roce 1990.\u00a0M\u00e1 zhruba 2,1\u00a0milionu obyvatel, z\u00a0toho p\u0159ibli\u017en\u011b 240\u00a0tis\u00edc \u017eije v\u00a0metropoli Magdeburku a\u00a0220\u00a0tis\u00edc v\u00a0Halle.<\/p>\n<p class=\"c_bB\">Dva t\u00fddny po volb\u00e1ch v\u00a0Sasku-Anhaltsku se budou konat volby ve spolkov\u00e9 zemi Meklenbursko-P\u0159edn\u00ed Pomo\u0159ansko. Tam podle pr\u016fzkumu agentury Forsa zv\u00edt\u011bz\u00ed rovn\u011b\u017e AfD, a\u00a0to s\u00a037\u00a0procenty hlas\u016f. Na druh\u00e9m m\u00edst\u011b by s\u00a028\u00a0procenty m\u011bla skon\u010dit soci\u00e1ln\u00ed demokracie (SPD). Tak\u00e9 v\u00a0tomto p\u0159\u00edpad\u011b by se na t\u0159et\u00edm m\u00edst\u011b um\u00edstila postkomunistick\u00e1 Levice s\u00a011\u00a0procenty. CDU by dostala jen deset procent hlas\u016f a\u00a0Zelen\u00ed p\u011bt.<\/p>\n<p class=\"c_bB\">T\u00fd\u017e den jako v\u00a0Meklenbursku-P\u0159edn\u00edm Pomo\u0159ansku, tedy 20.\u00a0z\u00e1\u0159\u00ed, se volby budou konat tak\u00e9 v\u00a0Berl\u00edn\u011b. Podle \u00fatern\u00edho pr\u016fzkumu zve\u0159ejn\u011bn\u00e9ho agenturou Civey je t\u011bsn\u011b vyhraje Levice s\u00a020\u00a0procenty hlas\u016f, CDU by mohla dostat 19\u00a0procent a\u00a0AfD 18\u00a0procent. Zelen\u00ed by dostali 15\u00a0procent hlas\u016f, SPD 13\u00a0procent. V\u00a0Berl\u00edn\u011b p\u0159ipadaj\u00ed v\u00a0\u00favahu dv\u011b koalice: CDU, SPD a\u00a0Zelen\u00ed nebo Levice, SPD a\u00a0Zelen\u00ed.<\/p>\n<p><a data-dot=\"atm-link\" target=\"_self\" href=\"https:\/\/www.novinky.cz\/clanek\/zahranicni-evropa-nemecky-kancler-jako-nejlepsi-spojenec-afd-merzova-politika-selhava-na-vsech-frontach-40590361\" class=\"c_I\" rel=\"nofollow noopener\"><img height=\"1012\" width=\"1800\" src=\"https:\/\/www.europesays.com\/cz\/wp-content\/uploads\/2026\/09\/1788369789_874_afd.jpeg\" loading=\"eager\" decoding=\"sync\" class=\"c_t c_r\"\/><\/a><\/p>\n","protected":false},"excerpt":{"rendered":"Pro \u0161\u00e9fa CDU a\u00a0sou\u010dasn\u00e9ho spolkov\u00e9ho kancl\u00e9\u0159e Friedricha Merze to je ho\u0159k\u00e1 por\u00e1\u017eka. Rozd\u00edl mezi ob\u011bma stranami se op\u011bt&hellip;\n","protected":false},"author":2,"featured_media":200197,"comment_status":"","ping_status":"","sticky":false,"template":"","format":"standard","meta":{"footnotes":"","_share_on_mastodon":"0"},"categories":[3],"tags":[2749,109,108,106,375,1005,12664,959],"class_list":["post-200196","post","type-post","status-publish","format-standard","has-post-thumbnail","category-evropa","tag-alternativa-pro-nemecko-afd","tag-europa","tag-europe","tag-evropa","tag-nemecko","tag-pruzkum","tag-sasko-anhaltsko","tag-volby"],"share_on_mastodon":{"url":"https:\/\/pubeurope.com\/@cz\/117202610333348287","error":""},"_links":{"self":[{"href":"https:\/\/www.europesays.com\/cz\/wp-json\/wp\/v2\/posts\/200196","targetHints":{"allow":["GET"]}}],"collection":[{"href":"https:\/\/www.europesays.com\/cz\/wp-json\/wp\/v2\/posts"}],"about":[{"href":"https:\/\/www.europesays.com\/cz\/wp-json\/wp\/v2\/types\/post"}],"author":[{"embeddable":true,"href":"https:\/\/www.europesays.com\/cz\/wp-json\/wp\/v2\/users\/2"}],"replies":[{"embeddable":true,"href":"https:\/\/www.europesays.com\/cz\/wp-json\/wp\/v2\/comments?post=200196"}],"version-history":[{"count":0,"href":"https:\/\/www.europesays.com\/cz\/wp-json\/wp\/v2\/posts\/200196\/revisions"}],"wp:featuredmedia":[{"embeddable":true,"href":"https:\/\/www.europesays.com\/cz\/wp-json\/wp\/v2\/media\/200197"}],"wp:attachment":[{"href":"https:\/\/www.europesays.com\/cz\/wp-json\/wp\/v2\/media?parent=200196"}],"wp:term":[{"taxonomy":"category","embeddable":true,"href":"https:\/\/www.europesays.com\/cz\/wp-json\/wp\/v2\/categories?post=200196"},{"taxonomy":"post_tag","embeddable":true,"href":"https:\/\/www.europesays.com\/cz\/wp-json\/wp\/v2\/tags?post=200196"}],"curies":[{"name":"wp","href":"https:\/\/api.w.org\/{rel}","templated":true}]}}