{"id":200222,"date":"2026-09-02T17:43:11","date_gmt":"2026-09-02T17:43:11","guid":{"rendered":"https:\/\/www.europesays.com\/cz\/200222\/"},"modified":"2026-09-02T17:43:11","modified_gmt":"2026-09-02T17:43:11","slug":"praha-zablokovala-soukupovi-pristup-do-jeho-sidla-v-braniku","status":"publish","type":"post","link":"https:\/\/www.europesays.com\/cz\/200222\/","title":{"rendered":"Praha zablokovala Soukupovi p\u0159\u00edstup do jeho s\u00eddla v\u00a0Bran\u00edku"},"content":{"rendered":"<p class=\"c_bB\">O Soukupov\u00fdch probl\u00e9mech ve st\u0159edu informoval na webu <a data-dot=\"atm-link\" target=\"_blank\" rel=\"noopener nofollow\" href=\"https:\/\/denikn.cz\/2172667\/praha-zablokovala-soukupovi-pristup-do-jeho-sidla-mestu-dluzi-temer-milion\/\" class=\"c_I\">Den\u00edk N<\/a>. P\u0159ipomn\u011bl, \u017ee kancel\u00e1\u0159sk\u00fd komplex v\u00a0pra\u017esk\u00e9m Bran\u00edku d\u0159\u00edve pat\u0159il Soukupovi, ale kv\u016fli dluh\u016fm ho musel prodat; v\u00a0dra\u017eb\u011b ho p\u0159edloni z\u00edskalo za t\u00e9m\u011b\u0159 650\u00a0milion\u016f korun samo hlavn\u00ed m\u011bsto. <\/p>\n<p class=\"c_bB\">Podle znalce byla p\u0159itom cena nemovitosti ani ne polovi\u010dn\u00ed. Magistr\u00e1t chce budovy vyu\u017e\u00edt jako s\u00eddlo n\u011bkolika \u0161kol.<\/p>\n<p class=\"c_bB\">Soukup v\u00a0jedn\u00e9 z\u00a0budov i\u00a0po jejich vydra\u017een\u00ed nad\u00e1le s\u00eddlil, vyu\u017e\u00edval tam dv\u011b patra, kde m\u00e1 kancel\u00e1\u0159, nahr\u00e1vac\u00ed studio a\u00a0tak\u00e9 ofici\u00e1ln\u011b nahl\u00e1\u0161en trval\u00fd pobyt. Radnici za to neplatil \u017e\u00e1dn\u00e9 n\u00e1jemn\u00e9. Spr\u00e1vcovsk\u00e1 firma TCP se s\u00a0n\u00edm n\u00e1sledn\u011b dohodla na spl\u00e1cen\u00ed, Soukup ale podle serveru stanoven\u00fd term\u00edn nedodr\u017eel.<\/p>\n<p><a data-dot=\"atm-link\" target=\"_self\" href=\"https:\/\/www.novinky.cz\/clanek\/domaci-zpravy-hlavni-mesto-praha-na-pozemcich-po-jaromiru-soukupovi-postavi-praha-stredoskolsky-kampus-40580677\" class=\"c_I\" rel=\"nofollow noopener\"><img fetchpriority=\"high\" height=\"1080\" width=\"1920\" src=\"https:\/\/www.europesays.com\/cz\/wp-content\/uploads\/2026\/09\/soukup-areal.jpeg\" loading=\"eager\" decoding=\"sync\" class=\"c_t c_r\"\/><\/a><\/p>\n<p class=\"c_bB\">\u201eNezaplatil, tak mu byl zablokov\u00e1n p\u0159\u00edstup. Nem\u016f\u017ee vstupovat do prostor, kter\u00e9 u\u017e\u00edval,\u201c potvrdil Den\u00edku N radn\u00ed pro majetek Adam Z\u00e1bransk\u00fd (Pir\u00e1ti). \u201eDlu\u017e\u00ed zhruba 940\u00a0tis\u00edc korun,\u201c up\u0159esnil s\u00a0t\u00edm, \u017ee lh\u016fta pro zaplacen\u00ed vypr\u0161ela koncem srpna.<\/p>\n<p class=\"c_bB\">P\u016fvodn\u00ed dohoda spo\u010d\u00edvala v\u00a0tom, \u017ee Soukup b\u011bhem pr\u00e1zdnin zaplat\u00ed celou dlu\u017enou \u010d\u00e1stku, a\u00a0m\u011bsto se pak rozhodne, zda bude podnikatel moci v\u00a0budov\u011b z\u016fstat a\u00a0zda s\u00a0n\u00edm uzav\u0159e n\u00e1jemn\u00ed smlouvu.<\/p>\n<p class=\"c_bB\">M\u011bsto podle n\u011bj zva\u017eovalo, zda Soukupovi d\u00e1 na spl\u00e1cen\u00ed je\u0161t\u011b \u010das nav\u00edc. \u201eZa m\u011b to ale nep\u0159ich\u00e1z\u00ed v\u00a0\u00favahu, to by byl v\u00fdsm\u011bch,\u201c doplnil Z\u00e1bransk\u00fd.<\/p>\n<p class=\"c_bB\">Kdyby ale Soukup nyn\u00ed zaplatil cel\u00fd dluh najednou, je podle radn\u00edho je\u0161t\u011b \u0161ance, \u017ee by s\u00a0n\u00edm m\u011bsto mohlo jednat o\u00a0uzav\u0159en\u00ed n\u00e1jemn\u00ed smlouvy, co\u017e by ale Z\u00e1bransk\u00fd s\u00a0ohledem na Soukupovu platebn\u00ed mor\u00e1lku nedoporu\u010dil. Naopak u\u017e by podle n\u011bj m\u011bla b\u00fdt p\u0159ipravena v\u00fdzva k\u00a0vyklizen\u00ed objektu a\u00a0vym\u00e1h\u00e1n\u00ed dlu\u017en\u00e9 \u010d\u00e1stky pr\u00e1vn\u00ed cestou.<\/p>\n<p class=\"c_bB\">S\u00e1m Soukup Den\u00edku\u00a0N ve st\u0159edu \u0159ekl, \u017ee o\u00a0z\u00e1sahu m\u011bsta v\u00ed. \u201eNic jsem ne\u0159e\u0161il s\u00a0ohledem na m\u016fj zdravotn\u00ed stav,\u201c p\u0159ipomn\u011bl podnikatel brut\u00e1ln\u00ed napaden\u00ed baseballovou p\u00e1lkou z\u00a0po\u010d\u00e1tku srpna, kv\u016fli kter\u00e9mu skon\u010dil v\u00a0pra\u017esk\u00e9 Thomayerov\u011b nemocnici a\u00a0podstoupil nejm\u00e9n\u011b dv\u011b operace lev\u00e9 ruky.<\/p>\n<p class=\"c_bB\">\u201eTohle obratem vy\u0159e\u0161\u00edm,\u201c dodal Soukup s\u00a0t\u00edm, \u017ee na uhrazen\u00ed cel\u00e9 dlu\u017en\u00e9 \u010d\u00e1stky pr\u00fd pen\u00edze m\u00e1. Kr\u00e1tce pot\u00e9 se podle serveru telefonicky obr\u00e1til na spr\u00e1vcovskou firmu s\u00a0p\u0159\u00edslibem zasl\u00e1n\u00ed dal\u0161\u00edch pen\u011bz.<\/p>\n<p class=\"c_bB\">\u201eP\u0159ed \u010dtvrt hodinou mi volal, \u017ee poslal zhruba 200\u00a0tis\u00edc korun. I\u00a0tak tam ale z\u016fstane dluh za v\u00edce ne\u017e \u010dty\u0159i m\u011bs\u00edce, co\u017e je v\u00edce, ne\u017e b\u011b\u017en\u011b akceptujeme,\u201c sd\u011blil Den\u00edku N p\u0159edseda p\u0159edstavenstva spr\u00e1vcovsk\u00e9 TCP Josef Bl\u00e1ha.<\/p>\n<p class=\"c_bB\">Ten ale dal\u0161\u00ed pron\u00e1jem nemovitosti Soukupovi nevylou\u010dil. \u201eJe ot\u00e1zka, zda je vhodn\u00e9 to m\u00edt \u00fapln\u011b pr\u00e1zdn\u00e9, nebo tam m\u00edt n\u011bkoho, kdo, a\u010d n\u00e1razovit\u011b, zaplat\u00ed n\u011bjak\u00e9 statis\u00edce,\u201c uvedl Bl\u00e1ha. \u201eNyn\u00ed jsme ve f\u00e1zi rozhodov\u00e1n\u00ed, zda ho tam, kdy\u017e n\u011bco doplat\u00ed, pust\u00edme, nebo ne,\u201c uzav\u0159el.<\/p>\n<p><a data-dot=\"atm-link\" target=\"_self\" href=\"https:\/\/www.novinky.cz\/clanek\/domaci-jaromir-soukup-po-brutalnim-napadeni-zustava-v-nemocnici-dvakrat-ho-operovali-40592955\" class=\"c_I\" rel=\"nofollow noopener\"><img height=\"450\" width=\"798\" src=\"https:\/\/www.europesays.com\/cz\/wp-content\/uploads\/2026\/09\/SjRBO6Z.jpeg\" loading=\"eager\" decoding=\"sync\" class=\"c_t c_r\"\/><\/a><\/p>\n","protected":false},"excerpt":{"rendered":"O Soukupov\u00fdch probl\u00e9mech ve st\u0159edu informoval na webu Den\u00edk N. P\u0159ipomn\u011bl, \u017ee kancel\u00e1\u0159sk\u00fd komplex v\u00a0pra\u017esk\u00e9m Bran\u00edku d\u0159\u00edve pat\u0159il&hellip;\n","protected":false},"author":2,"featured_media":200223,"comment_status":"","ping_status":"","sticky":false,"template":"","format":"standard","meta":{"footnotes":"","_share_on_mastodon":"0"},"categories":[30],"tags":[648,992,2408,888,98,99],"class_list":["post-200222","post","type-post","status-publish","format-standard","has-post-thumbnail","category-praha","tag-dluhy","tag-jaromir-soukup","tag-magistrat-hlavniho-mesta-prahy","tag-najem","tag-prague","tag-praha"],"share_on_mastodon":{"url":"https:\/\/pubeurope.com\/@cz\/117202689342925999","error":""},"_links":{"self":[{"href":"https:\/\/www.europesays.com\/cz\/wp-json\/wp\/v2\/posts\/200222","targetHints":{"allow":["GET"]}}],"collection":[{"href":"https:\/\/www.europesays.com\/cz\/wp-json\/wp\/v2\/posts"}],"about":[{"href":"https:\/\/www.europesays.com\/cz\/wp-json\/wp\/v2\/types\/post"}],"author":[{"embeddable":true,"href":"https:\/\/www.europesays.com\/cz\/wp-json\/wp\/v2\/users\/2"}],"replies":[{"embeddable":true,"href":"https:\/\/www.europesays.com\/cz\/wp-json\/wp\/v2\/comments?post=200222"}],"version-history":[{"count":0,"href":"https:\/\/www.europesays.com\/cz\/wp-json\/wp\/v2\/posts\/200222\/revisions"}],"wp:featuredmedia":[{"embeddable":true,"href":"https:\/\/www.europesays.com\/cz\/wp-json\/wp\/v2\/media\/200223"}],"wp:attachment":[{"href":"https:\/\/www.europesays.com\/cz\/wp-json\/wp\/v2\/media?parent=200222"}],"wp:term":[{"taxonomy":"category","embeddable":true,"href":"https:\/\/www.europesays.com\/cz\/wp-json\/wp\/v2\/categories?post=200222"},{"taxonomy":"post_tag","embeddable":true,"href":"https:\/\/www.europesays.com\/cz\/wp-json\/wp\/v2\/tags?post=200222"}],"curies":[{"name":"wp","href":"https:\/\/api.w.org\/{rel}","templated":true}]}}