{"id":200244,"date":"2026-09-02T17:56:07","date_gmt":"2026-09-02T17:56:07","guid":{"rendered":"https:\/\/www.europesays.com\/cz\/200244\/"},"modified":"2026-09-02T17:56:07","modified_gmt":"2026-09-02T17:56:07","slug":"martin-jahn-po-letech-opousti-vedeni-skody-auto-a-prechazi-do-nemecke-centraly-volkswagenu-idnes-cz","status":"publish","type":"post","link":"https:\/\/www.europesays.com\/cz\/200244\/","title":{"rendered":"Martin Jahn po letech opou\u0161t\u00ed veden\u00ed \u0160kody Auto a p\u0159ech\u00e1z\u00ed do n\u011bmeck\u00e9 centr\u00e1ly Volkswagenu &#8211; iDNES.cz"},"content":{"rendered":"<p><a href=\"https:\/\/news.google.com\/rss\/articles\/CBMizgFBVV95cUxPTXNpWk50NVBDZ2RlY0NkbkhhbEdsR1NZT29TOHh4SW9zXzUxUUQ3ZmEwSUVHZ21qN3pHWlUyYzlzc2xqcXNMUnczMEUyQXhaMGZadVozalpqeVAyLW1VOUQ2MDFBeHR2cGtpMjU1OUZWVWtIcTN3Wl9KLTRBUlB6NlA0cnFXa3FXVE9zZ2RFUTAxVlNlRGxlb2FCdVNLc25jR3lXZzY3X01XRUVXSjJJNDdMT2MzYm5VQUlBRHY0RmFGQ1JaRjg0UkRsOTltUQ?oc=5\" target=\"_blank\" rel=\"nofollow noopener\">Martin Jahn po letech opou\u0161t\u00ed veden\u00ed \u0160kody Auto a p\u0159ech\u00e1z\u00ed do n\u011bmeck\u00e9 centr\u00e1ly Volkswagenu<\/a>&nbsp;&nbsp;iDNES.cz<a href=\"https:\/\/news.google.com\/rss\/articles\/CBMi2AFBVV95cUxNLXBHbGVuRl9TRkZFTHZzclNMaTZweVQwcFNVaW41dWpNQjFPTWVlZFZVSUdkOVE2UjhuaDJrV0pyLTg3Yk5nRjRmQ3Q0bUNsUTA2ODVibVBzV2c4YzBUNWpoekdaRFZzeEJQUVEtbzZveWNkWDEyM2ZWdkJ5d1VRUWJrMERaT1pwc0U3ekpzMkMxMm5CdS1OTUlmMXptNEpaOEtXMkdDWXF6M0F6N3p5Z0R1LXRKdHUyVGxLVU5Gc0VGVDRLTGN3cXJOanFIb0ZHd0pnSFFhOU8?oc=5\" target=\"_blank\" rel=\"nofollow noopener\">Z p\u0159edstavenstva \u0160kody Auto odejde jedin\u00fd \u010cech. Martin Jahn form\u00e1ln\u011b pov\u00fd\u0161\u00ed<\/a>&nbsp;&nbsp;seznamzpravy.cz<a href=\"https:\/\/news.google.com\/rss\/articles\/CBMi5wFBVV95cUxPcjdJdHFFaHJzNUxZem1vU2xHUzF5cUZsX21ZUzVSQ0U2bmNlM1pVVnlhd2w2WWV5MkVGRDBkWW9QMWVaSEZHNjFBUGJCT3owN2JpbW1SNjhnRm1MVFROazhnVlJaZFlnOUE5bkd3TXZQcnNSV2xSQ0RVYTlKM21pcFNMZkJmcldMTGo0YllMQkdRSDFKd01IRHM3S2JUOHlZdlJiS1BkazNpWTZTeml6TDVZTWl2SVFiQ3F5YVZBSnNHY0Y5cjRtWWRNN1U0UWVvcW9YTmJwTE9mc0lrTFJRRjlkUElIN3c?oc=5\" target=\"_blank\" rel=\"nofollow noopener\">\u0160koda Auto bude poprv\u00e9 po patn\u00e1cti letech bez \u010cecha ve veden\u00ed. Jahn zam\u00ed\u0159\u00ed do hlavn\u00ed zna\u010dky koncernu<\/a>&nbsp;&nbsp;Hospod\u00e1\u0159sk\u00e9 noviny<a href=\"https:\/\/news.google.com\/rss\/articles\/CBMiygFBVV95cUxPWXlJaXJqcVRjQnpyZl9qOWVvNkZIaXFRM1RFakU4YzAzY1BmclltRkhkT0lUOFhDRllQU28taVJzOWJwWFpncHFXbDBtMXp0YndhTlRuLU5iTE92ZUtiWklPd29kcXpVUS1HSzU5Wm5zak4zT004bjVjWmFEdmZHR0h5M25vaTJLUmFCX0NlNHV2dTFockFnUkVkV09LVmFiNlZ6Rkl5S3NzMFo1SGsxNEZjVnlhdjJVYWFjWlhVb05rcmFaR2JJZ01R?oc=5\" target=\"_blank\" rel=\"nofollow noopener\">Martin Jahn jde ze \u0160kody do VW. Bude m\u00edt na starost prodej<\/a>&nbsp;&nbsp;Aktu\u00e1ln\u011b.cz<a href=\"https:\/\/news.google.com\/rss\/articles\/CBMi7AFBVV95cUxPUzdRZV9oOG9NTEFpbzVFXzQ1NDMyQVZSX1lyVlpPckFYV2VVeDRLblhSQWxUaVlPTVdhZHhPdndKN3ZkOG5KMVo3dXJwZ0k1S29ENTM2bFh3QzBPMGY5R2s4Yk1RZFo3cTVpV3hST25hd09GZFI3UF92Q19XaGhYaUk4bUhhZU80QkFIc2VNcGQ1UUtHSkZRU25YeHBTcjVjMWZEQ0VoRE5SN09td21fUDc2Q1hSdHM3WkdNVGJLdW5aQVhkRHBvR2x5M0RfZkxnTHN1UjNwcFFfbXhNZF9zMFd2cEh0bGpQa2NKMNIB8gFBVV95cUxOYWY1RTRLdkg0aWNOT3NkTlZHZFpwVVhhQy10ajc2OGhlSWNFSUxlMHoxakI0eDN6VzNNNmFJTzFHYWxPZVYtSndBYnB1N1cwZXpxTWZNQ05JSHFpWDRINFJFZ00xekxTaDFoaUo5MEtFcS1YZXZVVmRBZWJaa3FKRWRaUUZSa2ZBMFJjYWVYcS1iRWlNVm5JQ19fYllxenpIVjNPRWVUcDB3N0JaYnlGRDJ1UDgtWE5yeEk4WWkwVTlnaE1NcUZ4QmNSdUtoT0NRYkV2TXJxTHRPdFlUd1dRZjh0cmlCRjJ6TTByTEkyclQwUQ?oc=5\" target=\"_blank\" rel=\"nofollow noopener\">Velk\u00fd presti\u017en\u00ed p\u0159estup pro \u010cesko. Martin Jahn m\u00ed\u0159\u00ed z veden\u00ed \u0160kody p\u0159\u00edmo do p\u0159edstavenstva Volkswagenu<\/a>&nbsp;&nbsp;www.prahanadlani.cz<\/p>\n","protected":false},"excerpt":{"rendered":"Martin Jahn po letech opou\u0161t\u00ed veden\u00ed \u0160kody Auto a p\u0159ech\u00e1z\u00ed do n\u011bmeck\u00e9 centr\u00e1ly Volkswagenu&nbsp;&nbsp;iDNES.czZ p\u0159edstavenstva \u0160kody Auto odejde&hellip;\n","protected":false},"author":2,"featured_media":200245,"comment_status":"","ping_status":"","sticky":false,"template":"","format":"standard","meta":{"footnotes":"","_share_on_mastodon":"0"},"categories":[12],"tags":[67,68,13439,317,21802,9117],"class_list":["post-200244","post","type-post","status-publish","format-standard","has-post-thumbnail","category-byznys","tag-business","tag-byznys","tag-martin-jahn","tag-skoda-auto","tag-volkswagen-automobilka","tag-wolfsburg"],"share_on_mastodon":{"url":"https:\/\/pubeurope.com\/@cz\/117202740025991697","error":""},"_links":{"self":[{"href":"https:\/\/www.europesays.com\/cz\/wp-json\/wp\/v2\/posts\/200244","targetHints":{"allow":["GET"]}}],"collection":[{"href":"https:\/\/www.europesays.com\/cz\/wp-json\/wp\/v2\/posts"}],"about":[{"href":"https:\/\/www.europesays.com\/cz\/wp-json\/wp\/v2\/types\/post"}],"author":[{"embeddable":true,"href":"https:\/\/www.europesays.com\/cz\/wp-json\/wp\/v2\/users\/2"}],"replies":[{"embeddable":true,"href":"https:\/\/www.europesays.com\/cz\/wp-json\/wp\/v2\/comments?post=200244"}],"version-history":[{"count":0,"href":"https:\/\/www.europesays.com\/cz\/wp-json\/wp\/v2\/posts\/200244\/revisions"}],"wp:featuredmedia":[{"embeddable":true,"href":"https:\/\/www.europesays.com\/cz\/wp-json\/wp\/v2\/media\/200245"}],"wp:attachment":[{"href":"https:\/\/www.europesays.com\/cz\/wp-json\/wp\/v2\/media?parent=200244"}],"wp:term":[{"taxonomy":"category","embeddable":true,"href":"https:\/\/www.europesays.com\/cz\/wp-json\/wp\/v2\/categories?post=200244"},{"taxonomy":"post_tag","embeddable":true,"href":"https:\/\/www.europesays.com\/cz\/wp-json\/wp\/v2\/tags?post=200244"}],"curies":[{"name":"wp","href":"https:\/\/api.w.org\/{rel}","templated":true}]}}