{"id":200252,"date":"2026-09-02T18:00:10","date_gmt":"2026-09-02T18:00:10","guid":{"rendered":"https:\/\/www.europesays.com\/cz\/200252\/"},"modified":"2026-09-02T18:00:10","modified_gmt":"2026-09-02T18:00:10","slug":"orbanova-vlada-pred-letosnimi-volbami-tajne-rozdelila-temer-33-miliard","status":"publish","type":"post","link":"https:\/\/www.europesays.com\/cz\/200252\/","title":{"rendered":"Orb\u00e1nova vl\u00e1da p\u0159ed leto\u0161n\u00edmi volbami tajn\u011b rozd\u011blila t\u00e9m\u011b\u0159 33\u00a0miliard"},"content":{"rendered":"<p class=\"c_bB\">Podle webu <a data-dot=\"atm-link\" target=\"_blank\" rel=\"noopener nofollow\" href=\"https:\/\/24.hu\/belfold\/2026\/09\/02\/titkos-kormanyhatarozatok-orban-kormany-penzosztas-24extra\/\" class=\"c_I\">24.hu<\/a> byla zm\u00edn\u011bn\u00e1 rozhodnut\u00ed o\u00a0p\u0159id\u011blen\u00ed dotac\u00ed utajov\u00e1na v\u00a0rozporu s\u00a0pravidly, kter\u00e1 p\u0159ijala samotn\u00e1 Orb\u00e1nova vl\u00e1da. Web nyn\u00ed z\u00edskal \u00fadaje vl\u00e1dn\u00edch rozhodnut\u00ed, kter\u00e9 nebyly nikdy zve\u0159ejn\u011bny. \u201e\u00da\u0159ad vl\u00e1dy nyn\u00ed zp\u0159\u00edstupnil vl\u00e1dn\u00ed rozhodnut\u00ed od za\u010d\u00e1tku leto\u0161n\u00edho roku. Byla zp\u0159\u00edstupn\u011bna rozhodnut\u00ed, kter\u00e1 nejsou v\u00a0rozporu se z\u00e1jmy n\u00e1rodn\u00ed bezpe\u010dnosti,\u201c konstatoval web 24.hu.<\/p>\n<p class=\"c_bB\">Web obdr\u017eel celkem 55\u00a0dokument\u016f podepsan\u00fdch tehdej\u0161\u00edm premi\u00e9rem Orb\u00e1nem. Dal\u0161\u00ed dokumenty jsou nad\u00e1le utajovan\u00e9. Pr\u00e1vn\u00ed \u0159editel Transparency International Mikl\u00f3s Ligeti upozornil, \u017ee utajov\u00e1n\u00edm dokument\u016f p\u0159edchoz\u00ed vl\u00e1da nedodr\u017eela ani pravidla, kter\u00e1 sama nastolila.<\/p>\n<p class=\"c_bB\">Podle Ligetiho je mo\u017en\u00e9 konstatovat, \u017ee Orb\u00e1nova vl\u00e1da poskytovala st\u00e1tn\u00ed prost\u0159edky firm\u00e1m, nadac\u00edm, sdru\u017een\u00edm a\u00a0kulturn\u00edm organizac\u00edm. Jedna z\u00a0nejv\u011bt\u0161\u00edch dotac\u00ed ve v\u00fd\u0161i 11,5\u00a0miliardy forint\u016f (750\u00a0milion\u016f korun) \u0161la nap\u0159\u00edklad spole\u010dnosti Vajda-Pap\u00edr Kft. z\u00a0Dunaf\u00f6ldv\u00e1ru.<\/p>\n<p><a data-dot=\"atm-link\" target=\"_self\" href=\"https:\/\/www.novinky.cz\/clanek\/zahranicni-evropa-madarsko-je-venezuela-jen-bez-ropy-tvrdi-orban-40589726\" class=\"c_I\" rel=\"nofollow noopener\"><img fetchpriority=\"high\" height=\"1152\" width=\"2048\" src=\"https:\/\/www.europesays.com\/cz\/wp-content\/uploads\/2026\/09\/madarsko-viktor-orban-fidesz-kongres.jpeg\" loading=\"eager\" decoding=\"sync\" class=\"c_t c_r\"\/><\/a>N\u00e1kupy nemovitost\u00ed<\/p>\n<p class=\"c_bB\">Orb\u00e1nova vl\u00e1da dotacemi podporovala tak\u00e9 n\u00e1kupy nemovitost\u00ed. Metropolitn\u00ed c\u00edrkev Ma\u010farska dostala nap\u0159\u00edklad 308\u00a0milion\u016f forint\u016f (20\u00a0milion\u016f korun) na n\u00e1kup nemovitosti na podporu pastora\u010dn\u00ed p\u00e9\u010de o\u00a0ma\u010farsky mluv\u00edc\u00ed \u0159eckokatolick\u00e9 v\u011b\u0159\u00edc\u00ed na Slovensku.<\/p>\n<p class=\"c_bB\">P\u0159edchoz\u00ed ma\u010farsk\u00e1 vl\u00e1da cht\u011bla rovn\u011b\u017e koupit t\u0159\u00edpatrovou budovu v\u00a0jedn\u00e9 z\u00a0nejdra\u017e\u0161\u00edch bruselsk\u00fdch \u010dtvrt\u00ed za 7,2\u00a0miliardy forint\u016f (470\u00a0milion\u016f korun) pro diplomatick\u00e9 a\u00a0protokol\u00e1rn\u00ed \u00fa\u010dely. V\u00a0nemovitosti soused\u00edc\u00ed s\u00a0budovou ma\u010farsk\u00e9ho zastupitelstva p\u0159i Evropsk\u00e9 unii m\u011bla b\u00fdt i\u00a0luxusn\u00ed restaurace propaguj\u00edc\u00ed ma\u010farskou gastronomii. Podle webu hvg.hu v\u0161ak nakonec z\u00a0tohoto obchodu se\u0161lo.<\/p>\n<p class=\"c_bB\">V dubnov\u00fdch parlamentn\u00edch volb\u00e1ch drtiv\u011b zv\u00edt\u011bzila strana Tisza a\u00a0nov\u00fdm ma\u010farsk\u00fdm premi\u00e9rem se stal P\u00e9ter Magyar. Skon\u010dilo tak \u0161estn\u00e1ctilet\u00e9 obdob\u00ed Orb\u00e1nov\u00fdch vl\u00e1d.<\/p>\n<p><a data-dot=\"atm-link\" target=\"_self\" href=\"https:\/\/www.novinky.cz\/clanek\/zahranicni-evropa-viktor-orban-se-stahl-z-verejneho-zivota-40594936\" class=\"c_I\" rel=\"nofollow noopener\"><img height=\"1080\" width=\"1920\" src=\"https:\/\/www.europesays.com\/cz\/wp-content\/uploads\/2026\/09\/orban-madarsko-unava-smutek-reakce-volby.jpeg\" loading=\"eager\" decoding=\"sync\" class=\"c_t c_r\"\/><\/a><\/p>\n","protected":false},"excerpt":{"rendered":"Podle webu 24.hu byla zm\u00edn\u011bn\u00e1 rozhodnut\u00ed o\u00a0p\u0159id\u011blen\u00ed dotac\u00ed utajov\u00e1na v\u00a0rozporu s\u00a0pravidly, kter\u00e1 p\u0159ijala samotn\u00e1 Orb\u00e1nova vl\u00e1da. Web nyn\u00ed&hellip;\n","protected":false},"author":2,"featured_media":200253,"comment_status":"","ping_status":"","sticky":false,"template":"","format":"standard","meta":{"footnotes":"","_share_on_mastodon":"0"},"categories":[3],"tags":[254,109,108,106,796,799],"class_list":["post-200252","post","type-post","status-publish","format-standard","has-post-thumbnail","category-evropa","tag-dotace","tag-europa","tag-europe","tag-evropa","tag-madarsko","tag-viktor-orban"],"share_on_mastodon":{"url":"https:\/\/pubeurope.com\/@cz\/117202755525438032","error":""},"_links":{"self":[{"href":"https:\/\/www.europesays.com\/cz\/wp-json\/wp\/v2\/posts\/200252","targetHints":{"allow":["GET"]}}],"collection":[{"href":"https:\/\/www.europesays.com\/cz\/wp-json\/wp\/v2\/posts"}],"about":[{"href":"https:\/\/www.europesays.com\/cz\/wp-json\/wp\/v2\/types\/post"}],"author":[{"embeddable":true,"href":"https:\/\/www.europesays.com\/cz\/wp-json\/wp\/v2\/users\/2"}],"replies":[{"embeddable":true,"href":"https:\/\/www.europesays.com\/cz\/wp-json\/wp\/v2\/comments?post=200252"}],"version-history":[{"count":0,"href":"https:\/\/www.europesays.com\/cz\/wp-json\/wp\/v2\/posts\/200252\/revisions"}],"wp:featuredmedia":[{"embeddable":true,"href":"https:\/\/www.europesays.com\/cz\/wp-json\/wp\/v2\/media\/200253"}],"wp:attachment":[{"href":"https:\/\/www.europesays.com\/cz\/wp-json\/wp\/v2\/media?parent=200252"}],"wp:term":[{"taxonomy":"category","embeddable":true,"href":"https:\/\/www.europesays.com\/cz\/wp-json\/wp\/v2\/categories?post=200252"},{"taxonomy":"post_tag","embeddable":true,"href":"https:\/\/www.europesays.com\/cz\/wp-json\/wp\/v2\/tags?post=200252"}],"curies":[{"name":"wp","href":"https:\/\/api.w.org\/{rel}","templated":true}]}}