{"id":200264,"date":"2026-09-02T18:10:16","date_gmt":"2026-09-02T18:10:16","guid":{"rendered":"https:\/\/www.europesays.com\/cz\/200264\/"},"modified":"2026-09-02T18:10:16","modified_gmt":"2026-09-02T18:10:16","slug":"pri-pozaru-rodinneho-domu-se-popalili-dva-lide-hasici-zachranovali-i-kocky-idnes-cz","status":"publish","type":"post","link":"https:\/\/www.europesays.com\/cz\/200264\/","title":{"rendered":"P\u0159i po\u017e\u00e1ru rodinn\u00e9ho domu se pop\u00e1lili dva lid\u00e9, hasi\u010di zachra\u0148ovali i ko\u010dky &#8211; iDNES.cz"},"content":{"rendered":"<p><a href=\"https:\/\/news.google.com\/rss\/articles\/CBMiwwFBVV95cUxQcGdNUlFkUWJTMWozNE5kajRsSWFQUUY0SEUyVGt3Z0tpbGlJd21oY3VWWHlzT1N0a0FMeVloZzFfUHU4SFhmNS1kRXZXR2RSSzR3U0g1U3lwakJ6cGZSSkliNUtCVkZST2tOV29XZ1N4VEJNV25kbjMwbjlSVjY2R0FPQnVGYUdsbHBxZFUtM29OdDRiTWVLdnJyOUJ4cU1uOWc1TEkyNVBlWXJJUWRPVk1BNlp0V0Y4VjJ1UVpzRS1VNW8?oc=5\" target=\"_blank\" rel=\"nofollow noopener\">P\u0159i po\u017e\u00e1ru rodinn\u00e9ho domu se pop\u00e1lili dva lid\u00e9, hasi\u010di zachra\u0148ovali i ko\u010dky<\/a>&nbsp;&nbsp;iDNES.cz<a href=\"https:\/\/news.google.com\/rss\/articles\/CBMitAFBVV95cUxPY2ZWX0pHTGVUTktSRzdreF84YzJjR2Y1ZTFHNjBkVW52V2VISTNha2pzaUk3bmIxLWFLWUVRWGl5Z05XNzM2czVxNzM3YlMxUGdCNlQ1UmNISDFIS2t3ZkhrYlhRNnhyUHFSZ2U2U1BGR0hNWXNid0cxY3piUlIzLWdkRFpBeTlXcXdTNG5kQkFSQVRkZ1lCWlhnSnd2bWxralVvbm03OGtRLUlGSy1oVlpkTjk?oc=5\" target=\"_blank\" rel=\"nofollow noopener\">Galerie: Hasi\u010di vyn\u00e1\u0161eli ko\u010dky z ho\u0159\u00edc\u00edho domu. Ve Velk\u00fdch Pavlovic\u00edch zasahovali hodiny<\/a>&nbsp;&nbsp;B\u0159eclavsk\u00fd den\u00edk<a href=\"https:\/\/news.google.com\/rss\/articles\/CBMirwFBVV95cUxOU3RsNzFlSm93UmVxNm14NEJfeVBHMGVRZU9FMUNJdjdvYVpyZm93dGJJZ0tCRWtlUm5LRUozQVEyQWVfS1hWZ2hsaTU0SnBwWGp0X2JYT0lKUTBQS2tuT21kN3JsTkU0LWVGaVFjNENNR0FZZkxZbWpnRDd2Nnp3OUxlWUR4WmQ4T1pXcm93MndVLUxoQk04aEc5di12WmJ0MXJBS0VoUy13cElDZmw0?oc=5\" target=\"_blank\" rel=\"nofollow noopener\">Po\u017e\u00e1r rodinn\u00e9ho domu ve Velk\u00fdch Pavlovic\u00edch zam\u011bstn\u00e1val hasi\u010de \u0161est hodin<\/a>&nbsp;&nbsp;PO\u017d\u00c1RY.cz<a href=\"https:\/\/news.google.com\/rss\/articles\/CBMitAFBVV95cUxPMWlBZmN0emtyb3JTT2VDbUJmc0dHLXk2Umx0UVFmNmEteUppaEs0dTNKOFFEVmZPQW9NZWc2ZnR2eFU1eE04d1hRYnJXcFNKaEZGN1prNS1aMnNqU0JFSGJPaGJlSlEyWkdnOXF3eGxmWXZkUjhYMXJuRmRPdTc1am1WdnhZMGZMaEx6c0pyTnBfZHF1NmZUSDVXRFUxUVdmZjlxcVBZRjFNck9sWGotWV8wXzk?oc=5\" target=\"_blank\" rel=\"nofollow noopener\">Po\u017e\u00e1r rodinn\u00e9ho domu ve Velk\u00fdch Pavlovic\u00edch zranil dva lidi, hasi\u010di zachra\u0148ovali ko\u010dky<\/a>&nbsp;&nbsp;N\u00e1\u0161 REGION<a href=\"https:\/\/news.google.com\/rss\/articles\/CBMivAFBVV95cUxPMmJvVThuM3lzRG5GelJ3d25uWm5RZ2E3d1k5azVWNjU2WWxGRWpFa0VHUVJnQXhWRnJZeUdFSUN5VXY5a2JKM2NqcFZ0eG90RUlLcm5vbkJ5bkVGbEhWTXRrNHpEaTJrQWw1OVQteGhqcFdWczlwd3pSNjFyNjRBc1JtWFJjNUpmQ2VZZFllU0JkUFNXQi1nWWFyZzJLLWVKalhEVnhESjJqdnpkdlVVMWRrX21KVlFORHFlQdIBwgFBVV95cUxPbzdhRlpVWmdtLWxjRjJzSGVnbWlRU3hXM0w2bWRmenRvUFZVMWxXZ1ZvQXU2RlBJT2Q3S3JEc2pxa2lFRlZ2cDV1Y0VSNE5mMUFyWWRteFp0cHB2OVBjUWlGdmhGM1pYVmc3Skc4STZIZGJTdFJNNUpPMXZsSGhueVhjS0VJZEtoXzdJQzVGckt5S2l5cmVtQVU1NmpNOFF6S0lGZzVoQjhoU0k0SGtoWlBxOF9PS1N3bFM1T25WaWhNUQ?oc=5\" target=\"_blank\" rel=\"nofollow noopener\">Po\u017e\u00e1r zni\u010dil rodinn\u00fd d\u016fm: M\u00e1ma se synem a ko\u010dkami p\u0159i\u0161li o v\u0161echno<\/a>&nbsp;&nbsp;www.prahanadlani.cz<\/p>\n","protected":false},"excerpt":{"rendered":"P\u0159i po\u017e\u00e1ru rodinn\u00e9ho domu se pop\u00e1lili dva lid\u00e9, hasi\u010di zachra\u0148ovali i ko\u010dky&nbsp;&nbsp;iDNES.czGalerie: Hasi\u010di vyn\u00e1\u0161eli ko\u010dky z ho\u0159\u00edc\u00edho domu.&hellip;\n","protected":false},"author":2,"featured_media":200265,"comment_status":"","ping_status":"","sticky":false,"template":"","format":"standard","meta":{"footnotes":"","_share_on_mastodon":"0"},"categories":[7],"tags":[43,42,41,40,1162,8948,23642],"class_list":["post-200264","post","type-post","status-publish","format-standard","has-post-thumbnail","category-cesko","tag-ceska-republika","tag-cesko","tag-czech-republic","tag-czechia","tag-jihomoravsky-kraj","tag-rodinny-dum","tag-zdravotnicka-zachranna-sluzba"],"share_on_mastodon":{"url":"https:\/\/pubeurope.com\/@cz\/117202794731438462","error":""},"_links":{"self":[{"href":"https:\/\/www.europesays.com\/cz\/wp-json\/wp\/v2\/posts\/200264","targetHints":{"allow":["GET"]}}],"collection":[{"href":"https:\/\/www.europesays.com\/cz\/wp-json\/wp\/v2\/posts"}],"about":[{"href":"https:\/\/www.europesays.com\/cz\/wp-json\/wp\/v2\/types\/post"}],"author":[{"embeddable":true,"href":"https:\/\/www.europesays.com\/cz\/wp-json\/wp\/v2\/users\/2"}],"replies":[{"embeddable":true,"href":"https:\/\/www.europesays.com\/cz\/wp-json\/wp\/v2\/comments?post=200264"}],"version-history":[{"count":0,"href":"https:\/\/www.europesays.com\/cz\/wp-json\/wp\/v2\/posts\/200264\/revisions"}],"wp:featuredmedia":[{"embeddable":true,"href":"https:\/\/www.europesays.com\/cz\/wp-json\/wp\/v2\/media\/200265"}],"wp:attachment":[{"href":"https:\/\/www.europesays.com\/cz\/wp-json\/wp\/v2\/media?parent=200264"}],"wp:term":[{"taxonomy":"category","embeddable":true,"href":"https:\/\/www.europesays.com\/cz\/wp-json\/wp\/v2\/categories?post=200264"},{"taxonomy":"post_tag","embeddable":true,"href":"https:\/\/www.europesays.com\/cz\/wp-json\/wp\/v2\/tags?post=200264"}],"curies":[{"name":"wp","href":"https:\/\/api.w.org\/{rel}","templated":true}]}}