{"id":200282,"date":"2026-09-02T18:26:09","date_gmt":"2026-09-02T18:26:09","guid":{"rendered":"https:\/\/www.europesays.com\/cz\/200282\/"},"modified":"2026-09-02T18:26:09","modified_gmt":"2026-09-02T18:26:09","slug":"kdo-vi-co-bude-chtit-hughesuv-pripad-v-minnesote-se-priostruje-i-kvuli-makarovi-idnes-cz","status":"publish","type":"post","link":"https:\/\/www.europesays.com\/cz\/200282\/","title":{"rendered":"Kdo v\u00ed, co bude cht\u00edt. Hughes\u016fv p\u0159\u00edpad v Minnesot\u011b se p\u0159iost\u0159uje, i kv\u016fli Makarovi &#8211; iDNES.cz"},"content":{"rendered":"<p><a href=\"https:\/\/news.google.com\/rss\/articles\/CBMivgFBVV95cUxNODdOOWx6TlZUamZseEFuQzNjekpDc09vdU9lQkpWaHJ6ejR0d1dxbmVSVUUxNXlfTFNiVjg1R0R0TU56OGRueEU3RTVubDZGMnRqN2pQaVhLc2lzUThRSUU5a2gtZXEwU0xQYmJGdTNSWHBCTThBdWpWUG5ldkMxZHZYc3VJcVN6aVZYMmhGekhxc0Z3RE5mUW5sb2RoWTYzNy1rZ3pFUFJIRmx2d2IxeHNPaXE2MzFVWTZ1UjNB?oc=5\" target=\"_blank\" rel=\"nofollow noopener\">Kdo v\u00ed, co bude cht\u00edt. Hughes\u016fv p\u0159\u00edpad v Minnesot\u011b se p\u0159iost\u0159uje, i kv\u016fli Makarovi<\/a>&nbsp;&nbsp;iDNES.cz<a href=\"https:\/\/news.google.com\/rss\/articles\/CBMilgFBVV95cUxPOWpOM1JkWFB5V2VJMXJmTUFybFlkZTVSRzZBRWhzSUtNUzlGOE1zVVlzdkVHaEtVS0RJT1EyaFV3bm9hb1YzOTRKQ0NzZ0tVOUtrWEFncXg0SkdBSXNMSjhWN29LbkV1WndDZFF5V25WMTR5NmxodGRPTVczdGdNODFRZDJvNVVuLUU3UDkwSDZ1VVRqV2c?oc=5\" target=\"_blank\" rel=\"nofollow noopener\">B\u00fdt nejdra\u017e\u0161\u00edm hr\u00e1\u010dem historie? Tlak v\u00edt\u00e1m, hl\u00e1s\u00ed Makar po podpisu<\/a>&nbsp;&nbsp;nhl.cz<a href=\"https:\/\/news.google.com\/rss\/articles\/CBMi0AFBVV95cUxOMmM0OWpVck5JOERENUZHalJwNzFRR3loLVNpTEoxVmQ1TEt3cTFadXlfdFAzWnpMY2xmVlhES19tVUNSUWY0QjY2RXN2M19WWTBfUU5uV3pUZG9RTkdqZFBfZW1YNEhYYVNrd2JKTVlFdkZvZVZkSFZhRVVIZWVjcDdQR0Y3V0ZURl9mSG5TaXozcFV4LUZSUnAtSXN1RFNTTjc1ZmRsbC0zbDFfdU5Kd1JxVmRkQU93d1NzdlpyZExwQmhRQXdQajFqRnF4WWR5?oc=5\" target=\"_blank\" rel=\"nofollow noopener\">Makarova rekordn\u00ed smlouva v NHL zam\u00edchala kartami. Hughes \u010dek\u00e1 na v\u00edc a Minnesota \u0159e\u0161\u00ed h\u00e1danku za miliardy<\/a>&nbsp;&nbsp;Tiscali.cz<a href=\"https:\/\/news.google.com\/rss\/articles\/CBMi3AFBVV95cUxOZ1hqSk1DWkpJVzBmQzNuZGNEdTI5QnRsSl9uSEhITnYyWWVxcTNmVkkxNDU3LWZJVDFDTlNOT1hfUGZwX3JtdnJsYTJFc0twYm1Nd25PWldZLTh6cWxQZmcydUpNa0xTbENrOXhFTG9UYm1KelRBM3lIUmhiM2VOLUJhYm56cmVWV0pab0FTSHJYSnNYQmhGdkQ0bHVaVXlfNjFYcjl0OUtKR2d0Nm82WDh5eEJBV3k3MVV3amtlc1N3Q3RSUmJzR3o1SmVpc2RIWEVYeU5JR3JqTG5k?oc=5\" target=\"_blank\" rel=\"nofollow noopener\">NHL m\u00e1 prvn\u00edho hr\u00e1\u010de s platem p\u0159es 20 milion\u016f dolar\u016f ro\u010dn\u011b. Kontrakty Pastr\u0148\u00e1ka a Ne\u010dase p\u016fsob\u00ed jako almu\u017ena<\/a>&nbsp;&nbsp;Centrum.cz<a href=\"https:\/\/news.google.com\/rss\/articles\/CBMi4wFBVV95cUxPMTJIT3JWZHJNNE9Bc1FrakZZSzM5ODdKTTA4bF96d19HTHAtWjNCZGNmY1MwTUFXWWJGRDdKSFBteV81d011a1RpbnY1YzRjNm1scVM5eTNyOWE5ZEM5NEhTczZOQlRwTzNYSHdYbGNkbl9ENFFVcy03UFRMbDE1c2Uxd0ZDM3JKSDdiMnhyVFg1U3FRWFoxcTlsbkFodWhfUm03RWZMbXE5SDI5VVBhQzFXNG4xMXJRRUw0RlZCNVdndnN6MzltaEFBMEVlRmxkYkRQa2JvMWZrQzlmYjJnbUZQZ9IB6AFBVV95cUxNNDJpSWl6UUVvckxTYkNvSDFDZmlWb0JHUE82UXJWak1GODRHdXdVMWUyZUJrSERWTktWZ2FMWGhDZW5XemZpX1RoOGowZW12MzRSS0tUQUZEc3RKdVlHaGdRUXA1Q1VKWVJrdlU0dDhVQnVudDZhYlpRV3B2YnVfdkNLY2pBNElic2hUQVRVT2lCSGJyT0pobDc2THdScDZfNEd4U0VxdDJSdmpKcjM4d3llVUxiaFNkYTVTYVZLU0ZpaVFCdXk1dDFGNHF6SllMQVhCSFFPaGVFQzNidmxmTFlXalktc19D?oc=5\" target=\"_blank\" rel=\"nofollow noopener\">To\u010d\u00ed se miliardy! Hughes v NHL vyhr\u00e1l z\u00e1vod o bal\u00edk, Wild v \u0161achu: Hodn\u011b jsme ob\u011btovali<\/a>&nbsp;&nbsp;www.prahanadlani.cz<\/p>\n","protected":false},"excerpt":{"rendered":"Kdo v\u00ed, co bude cht\u00edt. Hughes\u016fv p\u0159\u00edpad v Minnesot\u011b se p\u0159iost\u0159uje, i kv\u016fli Makarovi&nbsp;&nbsp;iDNES.czB\u00fdt nejdra\u017e\u0161\u00edm hr\u00e1\u010dem historie? Tlak&hellip;\n","protected":false},"author":2,"featured_media":200283,"comment_status":"","ping_status":"","sticky":false,"template":"","format":"standard","meta":{"footnotes":"","_share_on_mastodon":"0"},"categories":[15],"tags":[45875,45017,4844,5211,5769,17202,94,93],"class_list":["post-200282","post","type-post","status-publish","format-standard","has-post-thumbnail","category-sport","tag-bill-guerin","tag-cale-makar","tag-colorado-avalanche","tag-minnesota","tag-minnesota-wild","tag-quinn-hughes","tag-sport","tag-sports"],"share_on_mastodon":{"url":"https:\/\/pubeurope.com\/@cz\/117202857669077079","error":""},"_links":{"self":[{"href":"https:\/\/www.europesays.com\/cz\/wp-json\/wp\/v2\/posts\/200282","targetHints":{"allow":["GET"]}}],"collection":[{"href":"https:\/\/www.europesays.com\/cz\/wp-json\/wp\/v2\/posts"}],"about":[{"href":"https:\/\/www.europesays.com\/cz\/wp-json\/wp\/v2\/types\/post"}],"author":[{"embeddable":true,"href":"https:\/\/www.europesays.com\/cz\/wp-json\/wp\/v2\/users\/2"}],"replies":[{"embeddable":true,"href":"https:\/\/www.europesays.com\/cz\/wp-json\/wp\/v2\/comments?post=200282"}],"version-history":[{"count":0,"href":"https:\/\/www.europesays.com\/cz\/wp-json\/wp\/v2\/posts\/200282\/revisions"}],"wp:featuredmedia":[{"embeddable":true,"href":"https:\/\/www.europesays.com\/cz\/wp-json\/wp\/v2\/media\/200283"}],"wp:attachment":[{"href":"https:\/\/www.europesays.com\/cz\/wp-json\/wp\/v2\/media?parent=200282"}],"wp:term":[{"taxonomy":"category","embeddable":true,"href":"https:\/\/www.europesays.com\/cz\/wp-json\/wp\/v2\/categories?post=200282"},{"taxonomy":"post_tag","embeddable":true,"href":"https:\/\/www.europesays.com\/cz\/wp-json\/wp\/v2\/tags?post=200282"}],"curies":[{"name":"wp","href":"https:\/\/api.w.org\/{rel}","templated":true}]}}