{"id":200304,"date":"2026-09-02T18:56:13","date_gmt":"2026-09-02T18:56:13","guid":{"rendered":"https:\/\/www.europesays.com\/cz\/200304\/"},"modified":"2026-09-02T18:56:13","modified_gmt":"2026-09-02T18:56:13","slug":"jediny-cech-v-predstavenstvu-skody-martin-jahn-odchazi-do-volkswagenu","status":"publish","type":"post","link":"https:\/\/www.europesays.com\/cz\/200304\/","title":{"rendered":"Jedin\u00fd \u010cech v\u00a0p\u0159edstavenstvu \u0160kody Martin Jahn odch\u00e1z\u00ed do Volkswagenu"},"content":{"rendered":"<p class=\"c_bB\">\u0160koda Auto a\u00a0Volkswagen to ve st\u0159edu ozn\u00e1mily v\u00a0tiskov\u00fdch zpr\u00e1v\u00e1ch s\u00a0t\u00edm, \u017ee Jahn bude od \u0159\u00edjna \u010dlenem p\u0159edstavenstva pro prodej, marketing a\u00a0after sales zna\u010dky Volkswagen v\u00a0n\u011bmeck\u00e9m Wolfsburgu. Je z\u00e1rove\u0148 nominov\u00e1n do dozor\u010d\u00ed rady \u0160kody. <\/p>\n<p class=\"c_bB\">\u201eMartin Jahn b\u011bhem sv\u00e9ho p\u016fsoben\u00ed v\u00fdznamn\u011b p\u0159isp\u011bl k\u00a0rozvoji a\u00a0\u00fasp\u011bchu spole\u010dnosti \u0160koda Auto. Pod jeho veden\u00edm jsme se stali druhou nejprod\u00e1van\u011bj\u0161\u00ed zna\u010dkou v\u00a0Evrop\u011b,\u201c uvedl v\u00a0tiskov\u00e9 zpr\u00e1v\u011b p\u0159edseda p\u0159edstavenstva Klaus Zellmer.<\/p>\n<p class=\"c_bB\">P\u0159ipomn\u011bl, \u017ee pod Jahnem firma \u00fasp\u011b\u0161n\u011b uvedla sv\u00e9 vlastn\u00ed pln\u011b elektrick\u00e9 vozy a\u00a0vybudovala prodejn\u00ed organizaci je\u0161t\u011b v\u00edce orientovanou na z\u00e1kazn\u00edka s\u00a0p\u0159\u00edstupem Human Touch typick\u00fdm pro zna\u010dku \u0160koda. \u201eP\u0159edstavili jsme novou korpor\u00e1tn\u00ed identitu odr\u00e1\u017eej\u00edc\u00ed na\u0161e ambice a\u00a0zv\u00fd\u0161ili hodnotu na\u0161\u00ed zna\u010dky,\u201c doplnil Zellmer.<\/p>\n<p><a data-dot=\"atm-link\" target=\"_self\" href=\"https:\/\/www.novinky.cz\/clanek\/ekonomika-auta-se-spalovacimi-motory-budeme-vyrabet-dokud-to-pujde-rika-manazer-skody-auto-martin-jahn-40569008\" class=\"c_I\" rel=\"nofollow noopener\"><img fetchpriority=\"high\" height=\"1125\" width=\"2000\" src=\"https:\/\/www.europesays.com\/cz\/wp-content\/uploads\/2026\/09\/skoda-auto-jahn.jpeg\" loading=\"eager\" decoding=\"sync\" class=\"c_t c_r\"\/><\/a><\/p>\n<p class=\"c_bB\">Jahn p\u016fsob\u00ed v\u00a0koncernu Volkswagen 20\u00a0let. Svou kari\u00e9ru zah\u00e1jil v\u00a0roce 1994\u00a0v\u00a0\u010desk\u00e9 vl\u00e1dn\u00ed agentu\u0159e pro zahrani\u010dn\u00ed investice CzechInvest a\u00a0po veden\u00ed americk\u00e9ho zastoupen\u00ed agentury v\u00a0Chicagu se v\u00a0roce 2000\u00a0stal jej\u00edm gener\u00e1ln\u00edm \u0159editelem. V\u00a0letech 2004\u00a0a\u017e 2006\u00a0byl m\u00edstop\u0159edsedou vl\u00e1dy pro ekonomiku.<\/p>\n<p class=\"c_bB\">Pot\u00e9 nastoupil do \u0160koda Auto v\u00a0Mlad\u00e9 Boleslavi jako \u010dlen p\u0159edstavenstva pro oblast lidsk\u00fdch zdroj\u016f. Roku 2008\u00a0byl Jahn jmenov\u00e1n v\u00fdkonn\u00fdm \u0159editelem Volkswagen Group Rusko v\u00a0Moskv\u011b, kde odpov\u00eddal za koncernov\u00fd prodej.<\/p>\n<p class=\"c_bB\">V roce 2010\u00a0se stal v\u00fdkonn\u00fdm \u0159editelem mezin\u00e1rodn\u00edho fleetov\u00e9ho obchodu koncernu Volkswagen ve Wolfsburgu, kde m\u011bl na starosti \u0159\u00edzen\u00ed glob\u00e1ln\u00edho koncernov\u00e9ho prodeje. Od roku 2016\u00a0p\u016fsobil v\u00a0\u010c\u00edn\u011b jako v\u00fdkonn\u00fd viceprezident pro prodej a\u00a0marketing a\u00a0v\u00fdkonn\u00fd \u0159editel zna\u010dky Volkswagen ve spole\u010dnosti FAW-VW. V\u00a0b\u0159eznu 2021\u00a0se znovu p\u0159ipojil ke \u0160koda Auto jako \u010dlen p\u0159edstavenstva pro prodej a\u00a0marketing.<\/p>\n<p class=\"c_bB\">Jeho n\u00e1stupkyn\u011b v\u00a0p\u0159edstavenstvu \u0160kody Bieneov\u00e1 od p\u0159\u00edchodu do koncernu Volkswagen v\u00a0roce 2001\u00a0zast\u00e1vala r\u016fzn\u00e9 pozice, mimo jin\u00e9 v\u00a0oblasti strategie a\u00a0prodeje pr\u00e9miov\u00fdch voz\u016f. V\u00a0srpnu 2020\u00a0byla jmenov\u00e1na do pozice vedouc\u00ed produktov\u00e9 \u0159ady mal\u00fdch a\u00a0kompaktn\u00edch voz\u016f Volkswagen. Od z\u00e1\u0159\u00ed 2022\u00a0p\u016fsob\u00ed jako p\u0159edsedkyn\u011b p\u0159edstavenstva a\u00a0v\u00fdkonn\u00e1 \u0159editelka Volkswagen Group Africa.<\/p>\n<p><a data-dot=\"atm-link\" target=\"_self\" href=\"https:\/\/www.novinky.cz\/clanek\/ekonomika-trzby-ceskych-automobilek-a-dodavatelu-dilu-loni-stouply-o-16-procenta-40585829\" class=\"c_I\" rel=\"nofollow noopener\"><img height=\"2304\" width=\"4096\" src=\"https:\/\/www.europesays.com\/cz\/wp-content\/uploads\/2026\/09\/4fa5.jpeg\" loading=\"eager\" decoding=\"sync\" class=\"c_t c_r\"\/><\/a><\/p>\n","protected":false},"excerpt":{"rendered":"\u0160koda Auto a\u00a0Volkswagen to ve st\u0159edu ozn\u00e1mily v\u00a0tiskov\u00fdch zpr\u00e1v\u00e1ch s\u00a0t\u00edm, \u017ee Jahn bude od \u0159\u00edjna \u010dlenem p\u0159edstavenstva pro&hellip;\n","protected":false},"author":2,"featured_media":200305,"comment_status":"","ping_status":"","sticky":false,"template":"","format":"standard","meta":{"footnotes":"","_share_on_mastodon":"0"},"categories":[10],"tags":[17,21,13439,4720,16,99,9892,317,18,19,22,1351,20],"class_list":["post-200304","post","type-post","status-publish","format-standard","has-post-thumbnail","category-zpravy","tag-headlines","tag-hlavni-udalosti","tag-martin-jahn","tag-mlada-boleslav","tag-news","tag-praha","tag-predstavenstvo","tag-skoda-auto","tag-top-news","tag-top-stories","tag-udalosti-dne","tag-volkswagen","tag-zpravy"],"share_on_mastodon":{"url":"https:\/\/pubeurope.com\/@cz\/117202975878818358","error":""},"_links":{"self":[{"href":"https:\/\/www.europesays.com\/cz\/wp-json\/wp\/v2\/posts\/200304","targetHints":{"allow":["GET"]}}],"collection":[{"href":"https:\/\/www.europesays.com\/cz\/wp-json\/wp\/v2\/posts"}],"about":[{"href":"https:\/\/www.europesays.com\/cz\/wp-json\/wp\/v2\/types\/post"}],"author":[{"embeddable":true,"href":"https:\/\/www.europesays.com\/cz\/wp-json\/wp\/v2\/users\/2"}],"replies":[{"embeddable":true,"href":"https:\/\/www.europesays.com\/cz\/wp-json\/wp\/v2\/comments?post=200304"}],"version-history":[{"count":0,"href":"https:\/\/www.europesays.com\/cz\/wp-json\/wp\/v2\/posts\/200304\/revisions"}],"wp:featuredmedia":[{"embeddable":true,"href":"https:\/\/www.europesays.com\/cz\/wp-json\/wp\/v2\/media\/200305"}],"wp:attachment":[{"href":"https:\/\/www.europesays.com\/cz\/wp-json\/wp\/v2\/media?parent=200304"}],"wp:term":[{"taxonomy":"category","embeddable":true,"href":"https:\/\/www.europesays.com\/cz\/wp-json\/wp\/v2\/categories?post=200304"},{"taxonomy":"post_tag","embeddable":true,"href":"https:\/\/www.europesays.com\/cz\/wp-json\/wp\/v2\/tags?post=200304"}],"curies":[{"name":"wp","href":"https:\/\/api.w.org\/{rel}","templated":true}]}}