{"id":200368,"date":"2026-09-02T19:57:11","date_gmt":"2026-09-02T19:57:11","guid":{"rendered":"https:\/\/www.europesays.com\/cz\/200368\/"},"modified":"2026-09-02T19:57:11","modified_gmt":"2026-09-02T19:57:11","slug":"zacal-filmovy-festival-v-benatkach-clooney-varoval-pred-umelou-inteligenci","status":"publish","type":"post","link":"https:\/\/www.europesays.com\/cz\/200368\/","title":{"rendered":"Za\u010dal filmov\u00fd festival v\u00a0Ben\u00e1tk\u00e1ch. Clooney varoval p\u0159ed um\u011blou inteligenc\u00ed"},"content":{"rendered":"<p class=\"e_bX\">Hollywood je v\u00a0krizi, proto se jeho p\u0159edstavitel\u00e9 rozhodli z\u00a0v\u011bt\u0161\u00ed \u010d\u00e1sti vynechat 83.\u00a0ro\u010dn\u00edk Ben\u00e1tsk\u00e9ho filmov\u00e9ho festivalu, tvrd\u00ed \u0159editel akce Alberto Barbera. Nejstar\u0161\u00ed kinematografick\u00e1 p\u0159ehl\u00eddka na sv\u011bt\u011b slavnostn\u011b odstartovala ve st\u0159edu ve\u010der, potrv\u00e1 do 12.\u00a0z\u00e1\u0159\u00ed. <\/p>\n<p class=\"e_bX\">Na ben\u00e1tsk\u00e9m festivalu m\u00edvaly premi\u00e9ru sn\u00edmky, kter\u00e9 pak n\u00e1sleduj\u00edc\u00ed rok pat\u0159ily k\u00a0favorit\u016fm na Oscara a\u00a0\u010dasto dos\u00e1hly na nejpresti\u017en\u011bj\u0161\u00ed so\u0161ku pro film roku. V\u00a0leto\u0161n\u00edm programu v\u0161ak podobn\u011b o\u010dek\u00e1van\u00e9 tituly ne\u010dekan\u011b chyb\u00ed, stejn\u011b jako tomu bylo na jarn\u00edm festivalu ve francouzsk\u00e9m Cannes. <\/p>\n<p class=\"e_bX\">\u201eProbl\u00e9m je v\u00a0Hollywoodu, kter\u00fd \u010del\u00ed obrovsk\u00e9 krizi,\u201c komentuje to \u0159editel ben\u00e1tsk\u00e9ho festivalu Alberto Barbera. \u201eTo\u010d\u00ed m\u00e9n\u011b film\u016f, kter\u00e9 jsou \u010d\u00edm d\u00e1l dra\u017e\u0161\u00ed. N\u011bkter\u00fdm se da\u0159\u00ed mimo\u0159\u00e1dn\u011b dob\u0159e, jin\u00e9 naopak kon\u010d\u00ed jako komer\u010dn\u00ed propad\u00e1ky. Nev\u011bd\u00ed si tam s\u00a0t\u00edm rady,\u201c \u0159\u00edk\u00e1 Barbera.<\/p>\n<p class=\"e_bX\">Podle odborn\u00edk\u016f z\u00a0bran\u017ee si filmov\u00e1 studia v\u00edc ne\u017e d\u0159\u00edv hl\u00eddaj\u00ed rozpo\u010dty sv\u00fdch projekt\u016f, co\u017e sni\u017euje jejich ochotu investovat do n\u00e1kladn\u00fdch premi\u00e9r v\u00a0Ben\u00e1tk\u00e1ch. Faktorem m\u016f\u017ee b\u00fdt i\u00a0obava, aby sn\u00edmek po premi\u00e9\u0159e na festivalu je\u0161t\u011b p\u0159ed vstupem do \u0161irok\u00e9 distribuce nesklidil \u0161patn\u00e9 ohlasy od kritik\u016f, jako se to p\u0159ihodilo filmu Joker: Folie \u00e0 Deux z\u00a0roku 2024.<\/p>\n<p><img fetchpriority=\"high\" height=\"1276\"   width=\"1800\" src=\"https:\/\/www.europesays.com\/cz\/wp-content\/uploads\/2026\/09\/benatsky-filmovy-festival.jpeg\" loading=\"eager\" decoding=\"sync\" class=\"e_aa e_Z\"\/>Foto: Profimedia.cz<\/p>\n<p class=\"e_bX\">P\u0159esto leto\u0161n\u00ed ro\u010dn\u00edk nen\u00ed prost\u00fd hv\u011bzd. Pro Zlat\u00e9ho lva za celo\u017eivotn\u00ed p\u0159\u00ednos si p\u0159ijeli George Clooney a\u00a0here\u010dka Ellen Burstyn, krom\u011b nich doraz\u00ed Robert Pattinson, Pen\u00e9lope Cruz, Javier Bardem, John Malkovich, Sydney Sweeney nebo Rooney Mara.<\/p>\n<p class=\"e_bX\">Mezi hosty by m\u011bli b\u00fdt Liam a\u00a0Noel Gallagherovi i\u00a0rockov\u00e9 hv\u011bzdy z\u00a0kapely Oasis. Mimo sout\u011b\u017e p\u0159edstav\u00ed dokument\u00e1rn\u00ed film Oasis: Don\u2019t Look Back in Anger o\u00a0sv\u00e9m ned\u00e1vn\u00e9m koncertn\u00edm znovushled\u00e1n\u00ed.<\/p>\n<p>Co \u0159ekl Clooney<\/p>\n<p class=\"e_bX\">Clooney p\u0159ed st\u0159ede\u010dn\u00edm slavnostn\u00edm zah\u00e1jen\u00edm varoval, \u017ee kv\u016fli um\u011bl\u00e9 inteligenci je pro vl\u00e1dy, novin\u00e1\u0159e i\u00a0ve\u0159ejnost \u010d\u00edm d\u00e1l t\u011b\u017e\u0161\u00ed poznat pravdu od l\u017ei. Americk\u00fd herec a\u00a0re\u017eis\u00e9r se podle sv\u00fdch slov ned\u00e1vno setkal s\u00a0p\u0159edstaviteli firem v\u00a0oboru um\u011bl\u00e9 inteligence a\u00a0do\u0161el k\u00a0n\u00e1zoru, \u017ee nedok\u00e1\u017eou zabr\u00e1nit zneu\u017eit\u00ed t\u00e9to technologie. <\/p>\n<p class=\"e_bX\">\u201eByl bych nerad, kdybych 20\u00a0let po sv\u00e9 smrti hr\u00e1l v\u00a0reklam\u011b na tampony,\u201c za\u017eertoval v\u00a0Ben\u00e1tk\u00e1ch herec, jen\u017e se \u010dasto objevuje v\u00a0reklam\u00e1ch.<\/p>\n<p class=\"e_bX\">\u0158ekl tak\u00e9, \u017ee Spojen\u00e9 st\u00e1ty nyn\u00ed vedou nekompetentn\u00ed lid\u00e9. Clooney ale douf\u00e1, \u017ee listopadov\u00e9 volby do Kongresu p\u0159inesou zm\u011bnu k\u00a0lep\u0161\u00edmu. \u201eExistuje skv\u011bl\u00e9 slovo, kakistokracie, co\u017e je vl\u00e1da \u0159\u00edzen\u00e1 t\u011bmi nejm\u00e9n\u011b schopn\u00fdmi lidmi. Mysl\u00edm, \u017ee mo\u017en\u00e1 pr\u00e1v\u011b te\u010f m\u00e1me kakistokracii, ale zvl\u00e1dneme to,\u201c pronesl Clooney, jen\u017e v\u00a0posledn\u00edch prezidentsk\u00fdch volb\u00e1ch podpo\u0159il Kamalu Harris kandiduj\u00edc\u00ed za Demokratickou stranu USA. <\/p>\n<p><img height=\"1200\"   width=\"1800\" src=\"https:\/\/www.europesays.com\/cz\/wp-content\/uploads\/2026\/09\/george-clooney.jpeg\" loading=\"eager\" decoding=\"sync\" class=\"e_aa e_Z\"\/>Foto: Profimedia.cz<\/p>\n<p class=\"e_bX\">George Clooney v\u00a0Ben\u00e1tk\u00e1ch varoval p\u0159ed um\u011blou inteligenc\u00ed.<\/p>\n<p class=\"e_bX\">Podle herce se dnes Amerika nach\u00e1z\u00ed v\u00a0ne\u0161\u0165astn\u00e9 situaci. \u201eV listopadu ale budou volby, pak budou prezidentsk\u00e9 volby v\u00a0roce 2028,\u00a0a\u00a0pokud v\u0161e p\u016fjde dob\u0159e, vr\u00e1t\u00ed se v\u011bci do norm\u00e1lu,\u201c douf\u00e1.<\/p>\n<p class=\"e_bX\">P\u011bta\u0161edes\u00e1tilet\u00fd Clooney poznamenal, \u017ee si pamatuje i\u00a0jin\u00e1 temn\u00e1 obdob\u00ed v\u00a0d\u011bjin\u00e1ch sv\u00e9 zem\u011b. \u201eJsem tak star\u00fd, \u017ee jsem za\u017eil rok 1968, kdy ve Spojen\u00fdch st\u00e1tech ho\u0159elo snad ka\u017ed\u00e9 m\u011bsto,\u201c \u0159ekl s\u00a0odkazem na rok, kdy byl zavra\u017ed\u011bn bojovn\u00edk za pr\u00e1va \u010dernoch\u016f Martin Luther King a\u00a0prezidentsk\u00fd kandid\u00e1t Robert F. Kennedy, bratr t\u00e9\u017e zavra\u017ed\u011bn\u00e9ho prezidenta Johna F. Kennedyho. \u201eTehdy bylo hodn\u011b n\u00e1sil\u00ed. Kapitol byl obkl\u00ed\u010den tanky. Za\u017eili jsme i\u00a0jin\u00e1 t\u011b\u017ek\u00e1 obdob\u00ed a\u00a0tohle je jedno z\u00a0nich,\u201c srovn\u00e1v\u00e1.<\/p>\n<p class=\"e_bX\">Um\u011blec na festivalu d\u00e1le mluvil o\u00a0novina\u0159in\u011b. \u201eZnepokojuje m\u011b, \u017ee nejbohat\u0161\u00ed lid\u00e9 na sv\u011bt\u011b moment\u00e1ln\u011b vlastn\u00ed The Washington Post, Twitter a\u00a0v\u011bt\u0161inu m\u00edst, ze kter\u00fdch \u010derp\u00e1me informace,\u201c \u0159ekl s\u00a0poukazem na Jeffa Bezose a\u00a0Elona Muska. <\/p>\n<p class=\"e_bX\">Skeptick\u00fd je Clooney tak\u00e9 ohledn\u011b chystan\u00e9ho p\u0159evzet\u00ed medi\u00e1ln\u00ed firmy Warner Bros. Discovery jej\u00edm konkurentem Paramount Skydance. Podle herce podobn\u00e1 konsolidace \u010dasto vede ke ztr\u00e1t\u011b pracovn\u00edch m\u00edst. \u201eT\u011b\u017eko si p\u0159edstavit, jak by se jim to mohlo finan\u010dn\u011b vyplatit, ale uvid\u00edme,\u201c prohl\u00e1sil.<\/p>\n<p class=\"e_bX\">Herec zn\u00e1m\u00fd z\u00a0film\u016f Dobrou noc a\u00a0hodn\u011b \u0161t\u011bst\u00ed, Syriana nebo Michael Clayton jezd\u00ed do Ben\u00e1tek t\u00e9m\u011b\u0159 t\u0159i des\u00edtky let, poprv\u00e9 zde byl roku 1998\u00a0s\u00a0krimi Zak\u00e1zan\u00e9 ovoce. Tuto st\u0159edu mluvil mimo jin\u00e9 o\u00a0tom, jak za tu dobu zest\u00e1rl. \u201eV\u0161echno je melancholi\u010dt\u011bj\u0161\u00ed,\u201c poznamenal. \u201e\u010cist\u00edte si zuby a\u00a0p\u0159i tom v\u00e1m dojde, \u017ee jste m\u00edvali o\u00a0hodn\u011b hez\u010d\u00ed zuby,\u201c pronesl.<\/p>\n<p>Od hran\u00fdch film\u016f po dokumenty<\/p>\n<p class=\"e_bX\">O hlavn\u00ed cenu Zlat\u00e9ho lva budou letos na ben\u00e1tsk\u00e9m festivalu sout\u011b\u017eit o\u010dek\u00e1van\u00e9 novinky uzn\u00e1van\u00fdch re\u017eis\u00e9r\u016f, jako jsou Martin McDonagh, Florian Zeller, Werner Herzog nebo Danny Boyle. Pr\u00e1v\u011b jeho novinkou nazvanou Ink festival ve st\u0159edu ve\u010der za\u010d\u00edn\u00e1. Sn\u00edmek se zam\u011b\u0159uje na to, jak podnikatel Rupert Murdoch v\u00a0roce 1969\u00a0ovl\u00e1dl britsk\u00fd den\u00edk The Sun, \u010d\u00edm\u017e polo\u017eil z\u00e1klady sv\u00e9ho medi\u00e1ln\u00edho imp\u00e9ria.<\/p>\n<p class=\"e_bX\">Ink m\u016f\u017ee p\u0159\u00ed\u0161t\u00ed rok pat\u0159it ke kandid\u00e1t\u016fm na Oscara, domn\u00edv\u00e1 se \u0159editel festivalu Alberto Barbera. Podle n\u011bj ale pozornost zasluhuj\u00ed tak\u00e9 novinky korejsk\u00e9ho re\u017eis\u00e9ra Chang-donga Leeho nebo japonsk\u00fdch rod\u00e1k\u016f Hirokazua Kore&#8217;edy a\u00a0\u0160in&#8217;ji Cukamota. Do Ben\u00e1tek se poprv\u00e9 od roku 1989\u00a0vrac\u00ed italsk\u00fd veter\u00e1n Nanni Moretti s\u00a0romantick\u00fdm dramatem Stane se to dnes v\u00a0noci, americk\u00fd dokumentarista Lance Oppenheim zase p\u0159iv\u00e1\u017e\u00ed hran\u00fd film Primetime.<\/p>\n<p><a data-dot=\"mol-article-card-media\" aria-hidden=\"true\" tabindex=\"-1\" href=\"https:\/\/www.seznamzpravy.cz\/clanek\/kultura-festivaly-festival-karlovy-vary-kviff-zahajeni-dustin-hoffman-maggie-gyllenhaal-310069\" class=\"e_n f_l8\" rel=\"nofollow noopener\" target=\"_blank\"><img height=\"2304\"   width=\"4096\" src=\"https:\/\/www.europesays.com\/cz\/wp-content\/uploads\/2026\/09\/4b71.jpeg\" loading=\"eager\" decoding=\"sync\" class=\"e_aa e_Z\"\/><\/a><\/p>\n<p class=\"e_bX\">V\u00fdherce v\u00a0hlavn\u00ed kategorii vybere sedmi\u010dlenn\u00e1 porota veden\u00e1 here\u010dkou a\u00a0re\u017eis\u00e9rkou Maggie Gyllenhaal. Ceny budou ud\u011bleny p\u0159\u00ed\u0161t\u00ed sobotu 12.\u00a0z\u00e1\u0159\u00ed.<\/p>\n<p class=\"e_bX\">Barbera a\u00a0jeho t\u00fdm vyb\u00edrali sout\u011b\u017en\u00ed tituly z\u00a04500\u00a0p\u0159ihl\u00e1\u0161en\u00fdch kandid\u00e1t\u016f. P\u0159i\u0161lo jim, \u017ee s\u00a0ohledem na situaci ve sv\u011bt\u011b se filma\u0159i \u010d\u00edm d\u00e1l v\u00edce zam\u011b\u0159uj\u00ed na t\u00e9mata jako v\u00e1lku, migraci, klimatickou zm\u011bnu nebo \u00fapadek demokracie.<\/p>\n<p class=\"e_bX\">\u0158editel festivalu m\u00e1 pocit, \u017ee stoup\u00e1 i\u00a0kvalita dokument\u00e1rn\u00ed tvorby. Z\u00a0n\u00ed ben\u00e1tsk\u00fd festival uvede t\u00e9m\u011b\u0159 \u010dty\u0159hodinov\u00fd portr\u00e9t Elona Muska, kter\u00fd nato\u010dil Alex Gibney, nebo film o\u00a0po\u010d\u00edn\u00e1n\u00ed imigra\u010dn\u00edch agent\u016f feder\u00e1ln\u00edho \u00fa\u0159adu ICE v\u00a0americk\u00e9m st\u00e1t\u011b Minnesota. <\/p>\n<p class=\"e_bX\">Div\u00e1ci uvid\u00ed tak\u00e9 sn\u00edmky o\u00a0situaci v\u00a0P\u00e1smu Gazy. Na ob\u011bti palestinsk\u00fdch civilist\u016f se zam\u011b\u0159uje dokument Naza, kter\u00fd nato\u010dili izrael\u0161t\u00ed filma\u0159i Yuval Abraham a\u00a0Rachel Szor. Jedn\u00e1 se o\u00a0autory \u017d\u00e1dn\u00e9 jin\u00e9 zem\u011b, je\u017e v\u00a0roce 2024\u00a0obdr\u017eela Oscara.<\/p>\n<p class=\"e_bX\">\u201eVybrali jsme \u010dty\u0159i filmy o\u00a0situaci v\u00a0Izraeli, Gaze a\u00a0palestinsk\u00e9 ot\u00e1zce. N\u00e1\u0161 postoj je naprosto jasn\u00fd,\u201c uzav\u00edr\u00e1 \u0159editel festivalu.<\/p>\n<p class=\"e_bX\">Jeho sou\u010d\u00e1st\u00ed je tradi\u010dn\u011b tak\u00e9 sekce restaurovan\u00fdch film\u016f Venezia Classici. V\u00a0n\u00ed bude 7.\u00a0z\u00e1\u0159\u00ed uvedena opraven\u00e1 kopie \u010deskoslovensk\u00e9ho sn\u00edmku Valerie a\u00a0t\u00fdden div\u016f re\u017eis\u00e9ra Jaromila Jire\u0161e. Sn\u00edmek nechal zrestaurovat N\u00e1rodn\u00ed filmov\u00fd archiv v\u00a0Praze.<\/p>\n","protected":false},"excerpt":{"rendered":"Hollywood je v\u00a0krizi, proto se jeho p\u0159edstavitel\u00e9 rozhodli z\u00a0v\u011bt\u0161\u00ed \u010d\u00e1sti vynechat 83.\u00a0ro\u010dn\u00edk Ben\u00e1tsk\u00e9ho filmov\u00e9ho festivalu, tvrd\u00ed \u0159editel akce&hellip;\n","protected":false},"author":2,"featured_media":200369,"comment_status":"","ping_status":"","sticky":false,"template":"","format":"standard","meta":{"footnotes":"","_share_on_mastodon":"0"},"categories":[14],"tags":[20833,79,3171,1093,18607,80],"class_list":["post-200368","post","type-post","status-publish","format-standard","has-post-thumbnail","category-zabava","tag-benatsky-filmovy-festival","tag-entertainment","tag-filmove-festivaly","tag-filmy","tag-george-clooney","tag-zabava"],"share_on_mastodon":{"url":"https:\/\/pubeurope.com\/@cz\/117203216192310126","error":""},"_links":{"self":[{"href":"https:\/\/www.europesays.com\/cz\/wp-json\/wp\/v2\/posts\/200368","targetHints":{"allow":["GET"]}}],"collection":[{"href":"https:\/\/www.europesays.com\/cz\/wp-json\/wp\/v2\/posts"}],"about":[{"href":"https:\/\/www.europesays.com\/cz\/wp-json\/wp\/v2\/types\/post"}],"author":[{"embeddable":true,"href":"https:\/\/www.europesays.com\/cz\/wp-json\/wp\/v2\/users\/2"}],"replies":[{"embeddable":true,"href":"https:\/\/www.europesays.com\/cz\/wp-json\/wp\/v2\/comments?post=200368"}],"version-history":[{"count":0,"href":"https:\/\/www.europesays.com\/cz\/wp-json\/wp\/v2\/posts\/200368\/revisions"}],"wp:featuredmedia":[{"embeddable":true,"href":"https:\/\/www.europesays.com\/cz\/wp-json\/wp\/v2\/media\/200369"}],"wp:attachment":[{"href":"https:\/\/www.europesays.com\/cz\/wp-json\/wp\/v2\/media?parent=200368"}],"wp:term":[{"taxonomy":"category","embeddable":true,"href":"https:\/\/www.europesays.com\/cz\/wp-json\/wp\/v2\/categories?post=200368"},{"taxonomy":"post_tag","embeddable":true,"href":"https:\/\/www.europesays.com\/cz\/wp-json\/wp\/v2\/tags?post=200368"}],"curies":[{"name":"wp","href":"https:\/\/api.w.org\/{rel}","templated":true}]}}