{"id":200376,"date":"2026-09-02T20:01:11","date_gmt":"2026-09-02T20:01:11","guid":{"rendered":"https:\/\/www.europesays.com\/cz\/200376\/"},"modified":"2026-09-02T20:01:11","modified_gmt":"2026-09-02T20:01:11","slug":"obrazem-hradby-tocny-i-nova-nastupiste-jak-pokrocila-prestavba-masarycky","status":"publish","type":"post","link":"https:\/\/www.europesays.com\/cz\/200376\/","title":{"rendered":"Obrazem: Hradby, to\u010dny i nov\u00e1 n\u00e1stupi\u0161t\u011b. Jak pokro\u010dila p\u0159estavba Masary\u010dky"},"content":{"rendered":"<p>\n                                        Masary\u010dka je v hlavn\u00ed f\u00e1zi p\u0159estavby, archeologov\u00e9 odkryli i br\u00e1nu z dob Karla IV.                                    <\/p>\n<p>P\u0159estavba pra\u017esk\u00e9ho Masarykova n\u00e1dra\u017e\u00ed pokra\u010duje sou\u010dasn\u011b na n\u011bkolika m\u00edstech. Zat\u00edmco v \u010d\u00e1sti u Hybernsk\u00e9 ulice u\u017e maj\u00ed archeologov\u00e9 hotovo a za\u010dalo zakl\u00e1d\u00e1n\u00ed budouc\u00ed platformy, ve st\u0159edn\u00ed \u010d\u00e1sti n\u00e1dra\u017e\u00ed nyn\u00ed prob\u00edh\u00e1 rozs\u00e1hl\u00fd z\u00e1chrann\u00fd archeologick\u00fd v\u00fdzkum. Na opa\u010dn\u00e9 stran\u011b se p\u0159ipravuje n\u00e1stupi\u0161t\u011b 6 na zah\u00e1jen\u00ed provozu na konci leto\u0161n\u00edho roku.<\/p>\n<p>Provoz n\u00e1dra\u017e\u00ed je b\u011bhem sou\u010dasn\u00e9 etapy omezen na minimum nutn\u00e9 pro zachov\u00e1n\u00ed vlakov\u00e9 dopravy, velk\u00e1 \u010d\u00e1st kolej\u00ed a n\u00e1stupi\u0161\u0165 je mimo provoz.<\/p>\n<p>Archeologick\u00fd pr\u016fzkum ve st\u0159edn\u00ed \u010d\u00e1sti za\u010dal letos p\u0159ibli\u017en\u011b v polovin\u011b kv\u011btna a pokra\u010dovat m\u00e1 a\u017e do pozdn\u00edho podzimu. N\u00e1lezy zachycuj\u00ed v\u00fdvoj lokality od 14. do 20. stolet\u00ed. Archeologov\u00e9 se v oblasti pohybuj\u00ed u\u017e minim\u00e1ln\u011b od roku 2017, leto\u0161n\u00ed pr\u00e1ce tak propojuj\u00ed poznatky z d\u0159\u00edve zkouman\u00fdch \u010d\u00e1st\u00ed \u00fazem\u00ed.<\/p>\n<p>K nejmlad\u0161\u00edm odkryt\u00fdm konstrukc\u00edm pat\u0159\u00ed z\u00e1klady dvou \u017eelezni\u010dn\u00edch to\u010den z poloviny 19. stolet\u00ed, kter\u00e9 slou\u017eily k ot\u00e1\u010den\u00ed lokomotiv. Je\u0161t\u011b star\u0161\u00ed jsou poz\u016fstatky st\u0159edov\u011bk\u00fdch hradeb v\u010detn\u011b severn\u00ed \u010d\u00e1sti v\u011b\u017ee Horsk\u00e9 br\u00e1ny, jedn\u00e9 ze \u010dty\u0159 bran opevn\u011bn\u00ed Nov\u00e9ho M\u011bsta pra\u017esk\u00e9ho z doby Karla IV.<\/p>\n<p>V\u011bt\u0161ina n\u00e1lez\u016f byla o\u010dek\u00e1van\u00e1 a harmonogram stavby s archeologick\u00fdm pr\u016fzkumem po\u010d\u00edtal. P\u0159ekvapen\u00edm byly p\u0159edev\u0161\u00edm poz\u016fstatky gotick\u00e9 Horsk\u00e9 br\u00e1ny. \u010c\u00e1st zdiva z\u016fstane zachov\u00e1na pod zem\u00ed, projektanti kv\u016fli tomu upravili \u0159e\u0161en\u00ed jednoho z budouc\u00edch schodi\u0161\u0165 na platformu.<\/p>\n<p>K movit\u00fdm n\u00e1lez\u016fm pat\u0159\u00ed zlomky keramiky a kamnov\u00fdch kachl\u016f, zv\u00ed\u0159ec\u00ed kosti, mince nebo olov\u011bn\u00e9 dr\u00e1\u017en\u00ed a po\u0161tovn\u00ed plomby. V budoucnu maj\u00ed skon\u010dit v p\u00e9\u010di Muzea hlavn\u00edho m\u011bsta Prahy.<\/p>\n<p>Stavba se mus\u00ed vypo\u0159\u00e1dat tak\u00e9 s podzemn\u00edmi s\u00edt\u011bmi. Kolektor CETINu s p\u00e1te\u0159n\u00edmi optick\u00fdmi trasami pro centrum Prahy je \u010d\u00e1ste\u010dn\u011b v kolizi se stavbou a p\u0159ekl\u00e1d\u00e1 se do nov\u00e9 polohy. Sanac\u00ed proch\u00e1z\u00ed tak\u00e9 kolektor PVK a PVS. P\u0159ibli\u017en\u011b osm metr\u016f pod povrchem se nach\u00e1z\u00ed Hradebn\u00ed stoka, do kter\u00e9 se budou lok\u00e1ln\u011b napojovat spla\u0161kov\u00e9 vody z n\u00e1dra\u017e\u00ed.<\/p>\n<p>Ve st\u0159edn\u00ed \u010d\u00e1sti koleji\u0161t\u011b nyn\u00ed bagry odstra\u0148uj\u00ed betonov\u00e9 z\u00e1klady p\u016fvodn\u00edho zast\u0159e\u0161en\u00ed. V \u0159\u00edjnu zde maj\u00ed za\u010d\u00edt pr\u00e1ce na vrt\u00e1n\u00ed pilot. Stavba p\u0159itom nepostupuje line\u00e1rn\u011b, ale paraleln\u011b. Jakmile archeologov\u00e9 n\u011bkterou plochu uvoln\u00ed, nastupuj\u00ed na ni dal\u0161\u00ed profese.<\/p>\n<p>Vlaky od Kladna se vr\u00e1t\u00ed v prosinci<\/p>\n<p>Spr\u00e1va \u017eeleznic potvrdila, \u017ee pl\u00e1novan\u00fd n\u00e1vrat vlak\u016f od Kladna na Masarykovo n\u00e1dra\u017e\u00ed od prosincov\u00e9 zm\u011bny j\u00edzdn\u00edho \u0159\u00e1du nad\u00e1le plat\u00ed.<\/p>\n<p>Na konci roku 2027 cht\u011bj\u00ed stavba\u0159i dokon\u010dit st\u0159edn\u00ed \u010d\u00e1st n\u00e1dra\u017e\u00ed a m\u00edt kompletn\u011b hotov\u00e9 koleje 2 a\u017e 9. Z pohledu cestuj\u00edc\u00edch by tak m\u011bl b\u00fdt provoz n\u00e1dra\u017e\u00ed u\u017e z velk\u00e9 \u010d\u00e1sti obnoven.<\/p>\n<p>Cel\u00e1 p\u0159estavba m\u00e1 pokra\u010dovat do konce roku 2028, term\u00edn souvis\u00ed tak\u00e9 s n\u00e1vaznost\u00ed na okoln\u00ed developersk\u00e9 projekty. Na srpen 2028 se pl\u00e1nuje technologicky nejn\u00e1ro\u010dn\u011bj\u0161\u00ed v\u00fdluka spojen\u00e1 s p\u0159epnut\u00edm stanice do v\u00fdhradn\u00edho provozu ETCS, kter\u00e1 si m\u00e1 vy\u017e\u00e1dat \u00fapln\u00e9 zastaven\u00ed provozu.<\/p>\n<p>V\u00fdsledkem p\u0159estavby budou mimo jin\u00e9 dv\u011b nov\u00e1 n\u00e1stupi\u0161t\u011b ur\u010den\u00e1 p\u0159edev\u0161\u00edm pro budouc\u00ed spojen\u00ed Prahy s leti\u0161t\u011bm a Kladnem. Jedno z nich bude oboustrann\u00e9, co\u017e umo\u017en\u00ed rychlej\u0161\u00ed v\u00fdstup a n\u00e1stup cestuj\u00edc\u00edch. Nad koleji\u0161t\u011bm sou\u010dasn\u011b vznik\u00e1 rozs\u00e1hl\u00e1 platforma se zelen\u00ed a komer\u010dn\u00edmi prostory, kter\u00e1 m\u00e1 vytvo\u0159it nov\u00e9 p\u011b\u0161\u00ed vazby v okol\u00ed n\u00e1dra\u017e\u00ed.<\/p>\n<p>Aktu\u00e1ln\u00ed modernizace za\u010dala v roce 2024. Zahrnuje rekonstrukci koleji\u0161t\u011b, n\u00e1stupi\u0161\u0165, trak\u010dn\u00edho veden\u00ed, nap\u00e1jen\u00ed a zabezpe\u010dovac\u00edch technologi\u00ed. Po dokon\u010den\u00ed budou vlaky zastavovat u dev\u00edti kolej\u00ed nam\u00edsto dosavadn\u00edch sedmi a v\u0161ech \u0161est n\u00e1stupi\u0161\u0165 bude bezbari\u00e9rov\u011b p\u0159\u00edstupn\u00fdch. Projekt je sou\u010d\u00e1st\u00ed p\u0159\u00edpravy \u017eelezni\u010dn\u00edho spojen\u00ed Prahy s leti\u0161t\u011bm a Kladnem. Zhotovitelem stavby je Strabag.<\/p>\n<p>                                                        Tagy<\/p>\n<p>                                                                                                                                                                                                                            <a href=\"https:\/\/zdopravy.cz\/tag\/archeologicky-pruzkum\/\" type=\"button\" class=\"btn btn-secondary mb-1 btn-sm\" rel=\"nofollow noopener\" target=\"_blank\"><br \/>\n                                                                archeologick\u00fd pr\u016fzkum                                                            <\/a><br \/>\n                                                                                                                                                                                                                                <a href=\"https:\/\/zdopravy.cz\/tag\/masarycka\/\" type=\"button\" class=\"btn btn-secondary mb-1 btn-sm\" rel=\"nofollow noopener\" target=\"_blank\"><br \/>\n                                                                masary\u010dka                                                            <\/a><br \/>\n                                                                                                                                                                                                                                <a href=\"https:\/\/zdopravy.cz\/tag\/masarykovo-nadrazi\/\" type=\"button\" class=\"btn btn-secondary mb-1 btn-sm\" rel=\"nofollow noopener\" target=\"_blank\"><br \/>\n                                                                Masarykovo n\u00e1dra\u017e\u00ed                                                            <\/a><br \/>\n                                                                                                                                                                                                                                <a href=\"https:\/\/zdopravy.cz\/tag\/praha-masarykovo-nadrazi\/\" type=\"button\" class=\"btn btn-secondary mb-1 btn-sm\" rel=\"nofollow noopener\" target=\"_blank\"><br \/>\n                                                                Praha &#8211; Masarykovo n\u00e1dra\u017e\u00ed                                                            <\/a><br \/>\n                                                                                                                                                                                                                                                                                                                                            <a href=\"https:\/\/zdopravy.cz\/tag\/sprava-zeleznic\/\" type=\"button\" class=\"btn btn-secondary mb-1 btn-sm\" rel=\"nofollow noopener\" target=\"_blank\"><br \/>\n                                                                Spr\u00e1va \u017eeleznic                                                            <\/a><br \/>\n                                                                                                                                                                                                                                <a href=\"https:\/\/zdopravy.cz\/tag\/sz\/\" type=\"button\" class=\"btn btn-secondary mb-1 btn-sm\" rel=\"nofollow noopener\" target=\"_blank\"><br \/>\n                                                                S\u017d                                                            <\/a><br \/>\n                                                                                                                                                                                                                                <a href=\"https:\/\/zdopravy.cz\/tag\/zachranny-archeologicky-vyzkum\/\" type=\"button\" class=\"btn btn-secondary mb-1 btn-sm\" rel=\"nofollow noopener\" target=\"_blank\"><br \/>\n                                                                Z\u00e1chrann\u00fd archeologick\u00fd v\u00fdzkum                                                            <\/a><\/p>\n<p>                                                <a href=\"https:\/\/zdopravy.cz\/obrazem-hradby-tocny-i-nova-nastupiste-jak-pokrocila-prestavba-masarycky-297433\/?comments=1#comments\" class=\"ml-3 text-body mb-3 mt-4 d-inline-block\" rel=\"nofollow noopener\" target=\"_blank\"><\/p>\n<p>                                                    2 koment\u00e1\u0159e                                                <\/a><\/p>\n","protected":false},"excerpt":{"rendered":"Masary\u010dka je v hlavn\u00ed f\u00e1zi p\u0159estavby, archeologov\u00e9 odkryli i br\u00e1nu z dob Karla IV. P\u0159estavba pra\u017esk\u00e9ho Masarykova n\u00e1dra\u017e\u00ed&hellip;\n","protected":false},"author":2,"featured_media":200377,"comment_status":"","ping_status":"","sticky":false,"template":"","format":"standard","meta":{"footnotes":"","_share_on_mastodon":"0"},"categories":[7],"tags":[45883,43,42,41,40,24623,9316,534,119,535,7791,45884],"class_list":["post-200376","post","type-post","status-publish","format-standard","has-post-thumbnail","category-cesko","tag-archeologicky-pruzkum","tag-ceska-republika","tag-cesko","tag-czech-republic","tag-czechia","tag-masarycka","tag-masarykovo-nadrazi","tag-praha-masarykovo-nadrazi","tag-seznam","tag-sprava-zeleznic","tag-sz","tag-zachranny-archeologicky-vyzkum"],"share_on_mastodon":{"url":"https:\/\/pubeurope.com\/@cz\/117203231456449978","error":""},"_links":{"self":[{"href":"https:\/\/www.europesays.com\/cz\/wp-json\/wp\/v2\/posts\/200376","targetHints":{"allow":["GET"]}}],"collection":[{"href":"https:\/\/www.europesays.com\/cz\/wp-json\/wp\/v2\/posts"}],"about":[{"href":"https:\/\/www.europesays.com\/cz\/wp-json\/wp\/v2\/types\/post"}],"author":[{"embeddable":true,"href":"https:\/\/www.europesays.com\/cz\/wp-json\/wp\/v2\/users\/2"}],"replies":[{"embeddable":true,"href":"https:\/\/www.europesays.com\/cz\/wp-json\/wp\/v2\/comments?post=200376"}],"version-history":[{"count":0,"href":"https:\/\/www.europesays.com\/cz\/wp-json\/wp\/v2\/posts\/200376\/revisions"}],"wp:featuredmedia":[{"embeddable":true,"href":"https:\/\/www.europesays.com\/cz\/wp-json\/wp\/v2\/media\/200377"}],"wp:attachment":[{"href":"https:\/\/www.europesays.com\/cz\/wp-json\/wp\/v2\/media?parent=200376"}],"wp:term":[{"taxonomy":"category","embeddable":true,"href":"https:\/\/www.europesays.com\/cz\/wp-json\/wp\/v2\/categories?post=200376"},{"taxonomy":"post_tag","embeddable":true,"href":"https:\/\/www.europesays.com\/cz\/wp-json\/wp\/v2\/tags?post=200376"}],"curies":[{"name":"wp","href":"https:\/\/api.w.org\/{rel}","templated":true}]}}