{"id":200384,"date":"2026-09-02T20:09:12","date_gmt":"2026-09-02T20:09:12","guid":{"rendered":"https:\/\/www.europesays.com\/cz\/200384\/"},"modified":"2026-09-02T20:09:12","modified_gmt":"2026-09-02T20:09:12","slug":"superstar-2026-marika-ze-slovenske-verze-bachelora-poprve-pred-porotou-pusti-ji-po-tomhle-dal-expres-cz","status":"publish","type":"post","link":"https:\/\/www.europesays.com\/cz\/200384\/","title":{"rendered":"SuperStar 2026: Marika ze slovensk\u00e9 verze Bachelora poprv\u00e9 p\u0159ed porotou. Pust\u00ed ji po tomhle d\u00e1l? &#8211; Expres.cz"},"content":{"rendered":"<p><a href=\"https:\/\/news.google.com\/rss\/articles\/CBMi7wFBVV95cUxNcHRRb0NfZS1JaFg2WXZxeFdGRmJEaXRjaHczeEFvM1QwdTI2dU5VNkVLMkVaSGo2N3pfYUUyOWE3MHdrRndmenNxdHpRZlJDd1J1dHdfTUVtWGhQcjRaRkhGR2xaUEFWcW1kamhPYW5BZi1Za1M2ZXVkMHZhaldPSUs0ZnFPTWRzNmpheF9PZnptNk1Uc0NfUDJUUl95cmo0NEpJenFaSGZJMEZoWjR0ZXNmUldfaWR5THVTaE82RWZjSk84R0dZb3VwZkpBOEFEZkJ1WTJPRnBQWjBIU2NwOEFfTGVjdU9aWUk1eGpMWQ?oc=5\" target=\"_blank\" rel=\"nofollow noopener\">SuperStar 2026: Marika ze slovensk\u00e9 verze Bachelora poprv\u00e9 p\u0159ed porotou. Pust\u00ed ji po tomhle d\u00e1l?<\/a>&nbsp;&nbsp;Expres.cz<a href=\"https:\/\/news.google.com\/rss\/articles\/CBMi0gFBVV95cUxNZ3loc3EyNFQwN2lYeWhNV21Xa1lway1PVWNyVXpnNEZUNWtadnVfS3lVVmdtYU9nZ1hUTEIyWExWWUxhb1lzY3F6bEVkb2FTeUR1N0xibXdDeEU1aE1RQVJON0lsU0l4NGhOV3pwMTAzRnpGOV9xZk5tV2wyOVdBN3NtWnhQXzY4QkNNSTA2QTVVU3dQcUFmejFyRERCcnBtZURBUFVJVUpLZW9rUFM0LXF2VFJ0YzhpMmJxOEVHZ19raUFrUlczak8xNTdPSllTbFE?oc=5\" target=\"_blank\" rel=\"nofollow noopener\">SuperStar se vrac\u00ed a \u010dekaj\u00ed ji zm\u011bny. Dok\u00e1\u017ee televize je\u0161t\u011b vyrobit hv\u011bzdu?<\/a>&nbsp;&nbsp;Seznam Zpr\u00e1vy<a href=\"https:\/\/news.google.com\/rss\/articles\/CBMivAFBVV95cUxOaG8zRjFuS2xQSmRpTTRQZHBvNjhYTldiVFVybnF1SkhNWUpIckk2V3ZDWC1tTW5CTmhTVGZQS1VWY2JDbXlRSnkta05uamNPMnV1S3M4OEk3akItRmp0c281aHlXS2x4Sy1NcFY1ZUJ0T2laclByWmJqc1RCU1NqTmNncE01c1U2Vk1pVVFJc3diV0JCdUNWYkhWeHhFZHBLdXVvM3RkZjh6eU1lOG0zOXRoUUR0Mlc1V3ZtUg?oc=5\" target=\"_blank\" rel=\"nofollow noopener\">Nejzn\u00e1m\u011bj\u0161\u00ed p\u011bveck\u00e1 show se vrac\u00ed. SuperStar startuje ve st\u0159edu ve\u010der<\/a>&nbsp;&nbsp;TN.cz<a href=\"https:\/\/news.google.com\/rss\/articles\/CBMiugFBVV95cUxNRWdfVnBBbFpEYTVOWTZNbGVwVHVCYjdmTklCb1QtZnU2TGl5MXZWaEMtdENOaDNJMTdlblUyMUZEQWF4ZEQ0aldZaUxfU1pmMzVIUnhFNkhJYzI1aF9pQlFLM3lNU3JVTms1bnNoRTBpY3VRckk3V0t5N3VCUFRxeThKQjh3TEotYTJMdEFZQWNRWUgyOUltd1RFVTNuY1NveEZBVVZ5SGZHeWRxbnZKMUY1b1g5enBFSXc?oc=5\" target=\"_blank\" rel=\"nofollow noopener\">SuperStar 2026 je tady! Kdy se vys\u00edl\u00e1, kdo je v porot\u011b a jak\u00e9 jsou kurzy?<\/a>&nbsp;&nbsp;iDNES.cz<a href=\"https:\/\/news.google.com\/rss\/articles\/CBMi6gFBVV95cUxQS210ZzJpTjZaTW53XzYxdnJBcHI3QnRnZlRPVHc3Q0lYS1BkWU1FUGRMWEdJRzE2YXdyRmRQTFlZQUFjenpYdGIzbkRKQ2wwR3dwZHJVZlpEOGFOSFJwWVdZcXhhRDByUkpIbWxmekJsQmZDM2hhTDhUT2IxdUprYXZYMDFPTEY5RUtOZXhkZno2ZWxYWjMzYVl2RTRla0xWbGtyMUpXenlEVmowRExscWFIOFdZYUo5TjJOejhKSjY5VG9ralh0RjZvTUp2STQ1SUtJSVVrT0lTbUJ6T3REWGw3d3JzZnRFSmc?oc=5\" target=\"_blank\" rel=\"nofollow noopener\">P\u011bveck\u00e1 show se vrac\u00ed. Tina, Rausch i Vinczeov\u00e1: Kdo v\u0161echno u\u017e moderoval SuperStar?<\/a>&nbsp;&nbsp;Blesk.cz<\/p>\n","protected":false},"excerpt":{"rendered":"SuperStar 2026: Marika ze slovensk\u00e9 verze Bachelora poprv\u00e9 p\u0159ed porotou. Pust\u00ed ji po tomhle d\u00e1l?&nbsp;&nbsp;Expres.czSuperStar se vrac\u00ed a&hellip;\n","protected":false},"author":2,"featured_media":200385,"comment_status":"","ping_status":"","sticky":false,"template":"","format":"standard","meta":{"footnotes":"","_share_on_mastodon":"0"},"categories":[14],"tags":[79,3320,10933,80],"class_list":["post-200384","post","type-post","status-publish","format-standard","has-post-thumbnail","category-zabava","tag-entertainment","tag-leos-mares","tag-pavol-habera","tag-zabava"],"share_on_mastodon":{"url":"https:\/\/pubeurope.com\/@cz\/117203262809448564","error":""},"_links":{"self":[{"href":"https:\/\/www.europesays.com\/cz\/wp-json\/wp\/v2\/posts\/200384","targetHints":{"allow":["GET"]}}],"collection":[{"href":"https:\/\/www.europesays.com\/cz\/wp-json\/wp\/v2\/posts"}],"about":[{"href":"https:\/\/www.europesays.com\/cz\/wp-json\/wp\/v2\/types\/post"}],"author":[{"embeddable":true,"href":"https:\/\/www.europesays.com\/cz\/wp-json\/wp\/v2\/users\/2"}],"replies":[{"embeddable":true,"href":"https:\/\/www.europesays.com\/cz\/wp-json\/wp\/v2\/comments?post=200384"}],"version-history":[{"count":0,"href":"https:\/\/www.europesays.com\/cz\/wp-json\/wp\/v2\/posts\/200384\/revisions"}],"wp:featuredmedia":[{"embeddable":true,"href":"https:\/\/www.europesays.com\/cz\/wp-json\/wp\/v2\/media\/200385"}],"wp:attachment":[{"href":"https:\/\/www.europesays.com\/cz\/wp-json\/wp\/v2\/media?parent=200384"}],"wp:term":[{"taxonomy":"category","embeddable":true,"href":"https:\/\/www.europesays.com\/cz\/wp-json\/wp\/v2\/categories?post=200384"},{"taxonomy":"post_tag","embeddable":true,"href":"https:\/\/www.europesays.com\/cz\/wp-json\/wp\/v2\/tags?post=200384"}],"curies":[{"name":"wp","href":"https:\/\/api.w.org\/{rel}","templated":true}]}}