{"id":200392,"date":"2026-09-02T20:13:22","date_gmt":"2026-09-02T20:13:22","guid":{"rendered":"https:\/\/www.europesays.com\/cz\/200392\/"},"modified":"2026-09-02T20:13:22","modified_gmt":"2026-09-02T20:13:22","slug":"monika-babisova-luxusni-zlute-saty-kazil-jeden-detail","status":"publish","type":"post","link":"https:\/\/www.europesays.com\/cz\/200392\/","title":{"rendered":"Monika Babi\u0161ov\u00e1: Luxusn\u00ed \u017elut\u00e9 \u0161aty kazil jeden detail"},"content":{"rendered":"<p class=\"b_bt\">P\u0159esn\u011b v\u00a0den sv\u00fdch 72.\u00a0narozenin sd\u00edlel <a data-dot=\"atm-link\" target=\"_blank\" rel=\"noopener nofollow\" href=\"https:\/\/www.novinky.cz\/tag\/andrej-babis-11041\" class=\"b_g\">Andrej Babi\u0161<\/a> na sv\u00e9m ofici\u00e1ln\u00edm instagramov\u00e9m \u00fa\u010dtu fotografii se svou, navzdory ohl\u00e1\u0161en\u00e9mu rozchodu, st\u00e1le je\u0161t\u011b man\u017eelkou. <a data-dot=\"atm-link\" target=\"_blank\" href=\"https:\/\/www.prozeny.cz\/tag\/monika-babisova-19306\" class=\"b_g\" rel=\"nofollow noopener\">Monika Babi\u0161ov\u00e1<\/a> doprovodila premi\u00e9ra na zahajovac\u00ed koncert 131.\u00a0sezony \u010cesk\u00e9 filharmonie. <\/p>\n<p>\u0160aty za des\u00edtky tis\u00edc korun <\/p>\n<p class=\"b_bt\">Monika Babi\u0161ov\u00e1, kter\u00e1 m\u00e1 slabost pro v\u00fdrazn\u00e9 barvy, tentokr\u00e1t s\u00e1hla po jasn\u011b \u017elut\u00fdch \u0161atech s\u00a0v\u00e1z\u00e1n\u00edm za krkem od zna\u010dky Elie Saab. Model z\u00a0nov\u00e9 kolekce vyjde na zhruba 55\u00a0tis\u00edc\u00a0korun a\u00a0\u201eza hubi\u010dku\u201c nebyly ani dopl\u0148ky. Jej\u00ed outfit doplnilo ikonick\u00e9 psan\u00ed\u010dko a\u00a0n\u00e1u\u0161nice zna\u010dky Bottega Veneta.<\/p>\n<p>K dokonalosti chyb\u011blo m\u00e1lo<\/p>\n<p class=\"b_bt\">Jedin\u00e9, co by se jej\u00edmu jinak dokonal\u00e9mu looku dalo vytknout, jsou neop\u00e1len\u00e1 ram\u00ednka od plavek. Monika Babi\u0161ov\u00e1 si v\u00a0srpnu u\u017e\u00edvala dovolenou u\u00a0mo\u0159e a\u00a0po zve\u0159ejn\u011bn\u00ed jej\u00edch fotografi\u00ed se ihned za\u010dalo spekulovat o\u00a0tom, jestli ji <a data-dot=\"atm-link\" target=\"_blank\" href=\"https:\/\/www.prozeny.cz\/clanek\/zdravi-a-zivotni-styl-zaujalo-nas-posilaji-si-babisovi-tajne-vzkazy-zahady-kolem-premierske-dovolene-104660\" class=\"b_g\" rel=\"nofollow noopener\">netr\u00e1vila tak\u00e9 se sv\u00fdm b\u00fdval\u00fdm partnerem<\/a>. To ale ani jeden z\u00a0nich dodnes neokomentoval.<\/p>\n","protected":false},"excerpt":{"rendered":"P\u0159esn\u011b v\u00a0den sv\u00fdch 72.\u00a0narozenin sd\u00edlel Andrej Babi\u0161 na sv\u00e9m ofici\u00e1ln\u00edm instagramov\u00e9m \u00fa\u010dtu fotografii se svou, navzdory ohl\u00e1\u0161en\u00e9mu rozchodu,&hellip;\n","protected":false},"author":2,"featured_media":200393,"comment_status":"","ping_status":"","sticky":false,"template":"","format":"standard","meta":{"footnotes":"","_share_on_mastodon":"0"},"categories":[7],"tags":[266,43,42,41,40,1278,757,981,8501,6172,4746],"class_list":["post-200392","post","type-post","status-publish","format-standard","has-post-thumbnail","category-cesko","tag-andrej-babis","tag-ceska-republika","tag-cesko","tag-czech-republic","tag-czechia","tag-moda","tag-moda-slavnych","tag-modni-inspirace","tag-monika-babisova","tag-outfity","tag-saty"],"share_on_mastodon":{"url":"https:\/\/pubeurope.com\/@cz\/117203278835628738","error":""},"_links":{"self":[{"href":"https:\/\/www.europesays.com\/cz\/wp-json\/wp\/v2\/posts\/200392","targetHints":{"allow":["GET"]}}],"collection":[{"href":"https:\/\/www.europesays.com\/cz\/wp-json\/wp\/v2\/posts"}],"about":[{"href":"https:\/\/www.europesays.com\/cz\/wp-json\/wp\/v2\/types\/post"}],"author":[{"embeddable":true,"href":"https:\/\/www.europesays.com\/cz\/wp-json\/wp\/v2\/users\/2"}],"replies":[{"embeddable":true,"href":"https:\/\/www.europesays.com\/cz\/wp-json\/wp\/v2\/comments?post=200392"}],"version-history":[{"count":0,"href":"https:\/\/www.europesays.com\/cz\/wp-json\/wp\/v2\/posts\/200392\/revisions"}],"wp:featuredmedia":[{"embeddable":true,"href":"https:\/\/www.europesays.com\/cz\/wp-json\/wp\/v2\/media\/200393"}],"wp:attachment":[{"href":"https:\/\/www.europesays.com\/cz\/wp-json\/wp\/v2\/media?parent=200392"}],"wp:term":[{"taxonomy":"category","embeddable":true,"href":"https:\/\/www.europesays.com\/cz\/wp-json\/wp\/v2\/categories?post=200392"},{"taxonomy":"post_tag","embeddable":true,"href":"https:\/\/www.europesays.com\/cz\/wp-json\/wp\/v2\/tags?post=200392"}],"curies":[{"name":"wp","href":"https:\/\/api.w.org\/{rel}","templated":true}]}}