{"id":200444,"date":"2026-09-02T20:49:29","date_gmt":"2026-09-02T20:49:29","guid":{"rendered":"https:\/\/www.europesays.com\/cz\/200444\/"},"modified":"2026-09-02T20:49:29","modified_gmt":"2026-09-02T20:49:29","slug":"kyjev-oznamil-agenture-osn-pro-civilni-letectvi-ze-nad-ruskem-neni-bezpecno","status":"publish","type":"post","link":"https:\/\/www.europesays.com\/cz\/200444\/","title":{"rendered":"Kyjev ozn\u00e1mil agentu\u0159e OSN pro civiln\u00ed letectv\u00ed, \u017ee nad Ruskem nen\u00ed bezpe\u010dno"},"content":{"rendered":"<p>&#13;<br \/>\n  Komer\u010dn\u00ed prezentace Aktual.: 2.09.2026 17:57&#13;<br \/>\n  Vyd\u00e1no: 2.09.2026, 13:08&#13;\n<\/p>\n<p class=\"big\" itemprop=\"description\">    Kyjev &#8211; Ukrajina ofici\u00e1ln\u011b ozn\u00e1mila Mezin\u00e1rodn\u00ed agentu\u0159e pro civiln\u00ed letectv\u00ed (ICAO), \u017ee rusk\u00fd vzdu\u0161n\u00fd prostor nen\u00ed bezpe\u010dn\u00fd kv\u016fli zv\u00fd\u0161en\u00e9 vojensk\u00e9 aktivit\u011b. Na soci\u00e1ln\u00ed s\u00edti <a href=\"https:\/\/x.com\/andrii_sybiha\/status\/2095125631361016177\" target=\"_blank\" rel=\"nofollow\">X<\/a> to napsal ukrajinsk\u00fd ministr zahrani\u010d\u00ed Andrij Sybiha. Ukrajina podnik\u00e1 vzdu\u0161n\u00e9 \u00fadery na c\u00edle v Rusku v sebeobran\u011b p\u0159ed ruskou invaz\u00ed. Podle Ter\u00e9zie Pilmannov\u00e9 z Katedry leteck\u00e9 dopravy \u010cVUT se evropsk\u00e9 aerolinky od zah\u00e1jen\u00ed rusk\u00e9ho \u00fatoku na Ukrajinu tomuto leteck\u00e9mu prostoru vyh\u00fdbaj\u00ed.<\/p>\n<p>&#8222;Vyz\u00fdv\u00e1me v\u0161echny, aby se mu (rusk\u00e9mu vzdu\u0161n\u00e9mu prostoru) vyh\u00fdbali,&#8220; uvedl Sybiha. Rusko podle n\u011bj z\u00e1m\u011brn\u011b ignoruje hrozby pro leteckou dopravu, kter\u00e9 jsou d\u016fsledkem jeho agrese proti Ukrajin\u011b.<\/p>\n<p>V prosinci 2024 na letoun \u00e1zerb\u00e1jd\u017e\u00e1nsk\u00e9ho dopravce omylem vyst\u0159elila rusk\u00e1 protivzdu\u0161n\u00e1 obrana. Zem\u0159elo 38 lid\u00ed.<\/p>\n<p>&#8222;Chceme zabr\u00e1nit nezam\u00fd\u0161len\u00fdm incident\u016fm,&#8220; napsal tak\u00e9 Sybiha. &#8222;V\u00e1lka se vrac\u00ed dom\u016f do Ruska. Ukrajina vyu\u017e\u00edv\u00e1 sv\u00e9 pr\u00e1vo na sebeobranu podle \u010dl\u00e1nku 51 Charty OSN,&#8220; uvedl \u0161\u00e9f ukrajinsk\u00e9 diplomacie.<\/p>\n<p>Ukrajinsk\u00fd prezident Volodymyr Zelenskyj v \u00fater\u00fd upozornil aerolinky a poji\u0161\u0165ovny na to, \u017ee rusk\u00fd vzdu\u0161n\u00fd prostor je kv\u016fli ukrajinsk\u00fdm dron\u016fm nebezpe\u010dn\u00fd, tak\u017ee rusk\u00e9 nebe je fakticky uzav\u0159en\u00e9. Rusk\u00fd ministr obrany Andrej Nikitin dnes \u0159ekl, \u017ee Rusko nedovol\u00ed Ukrajin\u011b v\u00e1\u017en\u011b naru\u0161it civiln\u00ed lety.<\/p>\n<p>N\u011bkter\u00e1 rusk\u00e1 m\u00e9dia dnes informovala o tom, \u017ee nejv\u011bt\u0161\u00ed soukrom\u00e1 leteck\u00e1 spole\u010dnost v Turecku, Pegasus, v noci na dne\u0161ek po varov\u00e1n\u00ed Zelensk\u00e9ho obr\u00e1tila n\u011bkolik letadel sm\u011b\u0159uj\u00edc\u00edch do Moskvy. R\u00e1no pak zru\u0161ila n\u011bkolik des\u00edtek leteck\u00fdch spoj\u016f do Moskvy, Petrohradu i dal\u0161\u00edch rusk\u00fdch m\u011bst. Lety z Ruska tak\u00e9 odvolala.<\/p>\n<p>P\u0159esto\u017ee nen\u00ed rusk\u00fd vzdu\u0161n\u00fd prostor ofici\u00e1ln\u011b uzav\u0159en\u00fd, podle Pilmannov\u00e9 nen\u00ed pro civiln\u00ed leteckou dopravu bezpe\u010dn\u00fd od za\u010d\u00e1tku konfliktu na Ukrajin\u011b. Evropsk\u00e9 aerolinky se mu proto vyh\u00fdbaj\u00ed, st\u00e1le jej ale vyu\u017e\u00edvaj\u00ed vedle rusk\u00fdch spole\u010dnost\u00ed nap\u0159\u00edklad tureck\u00e9 nebo asijsk\u00e9 aerolinie, proto\u017ee p\u0159\u00edm\u011bj\u0161\u00ed trat\u011b jsou pro n\u011b ekonomicky v\u00fdhodn\u011bj\u0161\u00ed.<\/p>\n<p>Pokud prostor nen\u00ed form\u00e1ln\u011b uzav\u0159en\u00fd, je rozhodnut\u00ed o jeho vyu\u017e\u00edv\u00e1n\u00ed na jednotliv\u00fdch dopravc\u00edch a p\u0159edstavuje pro n\u011b ur\u010ditou m\u00edru rizika, \u0159ekla Pilmannov\u00e1 \u010cTK. Situaci v nich komplikuje ru\u0161en\u00ed dru\u017eicov\u00e9 navigace, mo\u017en\u00fd pohyb dron\u016f i dal\u0161\u00edch vojensk\u00fdch prost\u0159edk\u016f.<\/p>\n<p>Lete\u010dt\u00ed dopravci p\u0159i pl\u00e1nov\u00e1n\u00ed tras vedle toho, zda je prostor otev\u0159en\u00fd \u010di uzav\u0159en\u00fd, zohled\u0148uj\u00ed podle Pilmannov\u00e9 tak\u00e9 doporu\u010den\u00ed Evropsk\u00e9 agentury pro bezpe\u010dnost letectv\u00ed, kter\u00e1 v bulletinech upozor\u0148uje na rizika v konkr\u00e9tn\u00edch oblastech. Mezi rizikov\u00e9 vzdu\u0161n\u00e9 prostory pat\u0159\u00ed tak\u00e9 nap\u0159\u00edklad Izrael nebo Bl\u00edzk\u00fd v\u00fdchod.<\/p>\n<p>Rusko tvrd\u00ed, \u017ee Ukrajin\u011b nedovol\u00ed v\u00e1\u017en\u011b naru\u0161it civiln\u00ed lety<\/p>\n<p>Rusko nedovol\u00ed Ukrajin\u011b v\u00e1\u017en\u011b naru\u0161it civiln\u00ed lety. Dnes to podle agentury Reuters prohl\u00e1sil rusk\u00fd ministr dopravy Andrej Nikitin. Prohl\u00e1\u0161en\u00ed u\u010dinil po \u00fatern\u00edm vyj\u00e1d\u0159en\u00ed ukrajinsk\u00e9ho prezidenta Volodymyra Zelensk\u00e9ho, kter\u00fd upozornil aerolinky a poji\u0161\u0165ovny na to, \u017ee rusk\u00fd vzdu\u0161n\u00fd prostor je kv\u016fli ukrajinsk\u00fdm dron\u016fm nebezpe\u010dn\u00fd, tak\u017ee rusk\u00e9 nebe je fakticky uzav\u0159en\u00e9. Ukrajina podnik\u00e1 vzdu\u0161n\u00e9 \u00fadery na c\u00edle v Rusku v sebeobran\u011b p\u0159ed ruskou invaz\u00ed.<\/p>\n<p>&#8222;Samoz\u0159ejm\u011b, \u017ee se na to p\u0159ipravujeme a \u017ee bereme v \u00favahu v\u0161echny takov\u00e9 hrozby. Neust\u00e1le zlep\u0161ujeme leteckou bezpe\u010dnost a leti\u0161tn\u00ed bezpe\u010dnostn\u00ed po\u017eadavky, na v\u0161echno m\u00e1me \u0159e\u0161en\u00ed. M\u00e1me \u0159e\u0161en\u00ed na v\u0161echny hrozby, kter\u00e9 terorist\u00e9 vyslovuj\u00ed,&#8220; \u0159ekl Nikitin. Poznamenal, \u017ee jeho \u00fa\u0159ad je v \u00fazk\u00e9m kontaktu s ministerstvem obrany a n\u00e1rodn\u00ed gardou. &#8222;V\u011b\u0159\u00edm, \u017ee nedovol\u00edme \u017e\u00e1dn\u00e9 v\u00fdrazn\u011bj\u0161\u00ed naru\u0161en\u00ed civiln\u00ed leteck\u00e9 dopravy,&#8220; dodal.<\/p>\n<p>Zelensk\u00e9ho vyj\u00e1d\u0159en\u00ed p\u0159irovnal k terorismu tak\u00e9 rusk\u00fd prezident Vladimir Putin, kter\u00fd v \u00fater\u00fd \u0159ekl, \u017ee slova ukrajinsk\u00e9ho prezidenta zn\u011bj\u00ed jako st\u00e1tn\u00ed terorismus. Putin, z jeho\u017e rozkazu vpadla v \u00fanoru 2022 rusk\u00e1 vojska na Ukrajinu, rovn\u011b\u017e \u0159ekl, \u017ee s teroristy se nevyjedn\u00e1v\u00e1.<\/p>\n<p>Zelenskyj na X uvedl, \u017ee Ukrajina nem\u00e1 v pl\u00e1nu ohro\u017eovat civiln\u00ed letectv\u00ed jako takov\u00e9. &#8222;Nechceme, aby byly zma\u0159eny \u017eivoty nevinn\u00fdch lid\u00ed. Proto varujeme na\u0161e partnery: bezpe\u010dn\u00e9 dny na rusk\u00e9m nebi skon\u010dily,&#8220; uvedl. Je podle n\u011bj d\u016fle\u017eit\u00e9, aby varov\u00e1n\u00ed sly\u0161ely leteck\u00e9 spole\u010dnosti, kter\u00e9 v sou\u010dasnosti l\u00e9taj\u00ed p\u0159edev\u0161\u00edm na leti\u0161t\u011b v Moskv\u011b, Petrohradu a do dal\u0161\u00edch kl\u00ed\u010dov\u00fdch destinac\u00ed v Rusku.<\/p>\n<p>Rusk\u00e9 \u00fa\u0159ady jsou nuceny prakticky denn\u011b p\u0159eru\u0161ovat civiln\u00ed leteckou dopravu v oblastech s v\u00fdskytem dron\u016f. Rusk\u00e1 protivzdu\u0161n\u00e1 obrana, kter\u00e1 odvracela ukrajinsk\u00fd dronov\u00fd \u00fatok, v prosinci 2024 zas\u00e1hla letadlo Azerbaijan Airlines, co\u017e vedlo k nouzov\u00e9mu p\u0159ist\u00e1n\u00ed v Kazachst\u00e1nu a des\u00edtk\u00e1m ob\u011bt\u00ed.<\/p>\n<p class=\"tags\">&#13;<br \/>\n<a href=\"https:\/\/www.ceskenoviny.cz\/tema\/ukrajina\/62\" class=\"tag blue\" itemprop=\"about\" rel=\"tag nofollow noopener\" target=\"_blank\">Ukrajina<\/a>&#13;<br \/>\n&#13;<br \/>\n&#13;<br \/>\n&#13;<br \/>\n<a href=\"https:\/\/www.ceskenoviny.cz\/tema\/rusko\/59\" class=\"tag blue\" itemprop=\"about\" rel=\"tag nofollow noopener\" target=\"_blank\">Rusko<\/a>&#13;<br \/>\n&#13;<br \/>\n&#13;<br \/>\n&#13;<br \/>\n<a href=\"https:\/\/www.ceskenoviny.cz\/tema\/letectvi\/428\" class=\"tag blue\" itemprop=\"about\" rel=\"tag nofollow noopener\" target=\"_blank\">letectv\u00ed<\/a>&#13;<br \/>\n&#13;<br \/>\n&#13;<br \/>\n&#13;<br \/>\n<a href=\"https:\/\/www.ceskenoviny.cz\/tema\/boje\/306\" class=\"tag blue\" itemprop=\"about\" rel=\"tag nofollow noopener\" target=\"_blank\">boje<\/a>&#13;<br \/>\n&#13;<br \/>\n&#13;<br \/>\n&#13;<br \/>\n<a href=\"https:\/\/www.ceskenoviny.cz\/tema\/zelenskyj\/76527\" class=\"tag blue\" itemprop=\"about\" rel=\"tag nofollow noopener\" target=\"_blank\">Zelenskyj<\/a>&#13;<br \/>\n&#13;<br \/>\n&#13;<br \/>\n&#13;<br \/>\n<a href=\"https:\/\/www.ceskenoviny.cz\/tema\/foto\/13820\" class=\"tag blue\" itemprop=\"about\" rel=\"tag nofollow noopener\" target=\"_blank\">FOTO<\/a>&#13;<br \/>\n&#13;<br \/>\n&#13;<br \/>\n&#13;<br \/>\n &#13;<\/p>\n","protected":false},"excerpt":{"rendered":"&#13; Komer\u010dn\u00ed prezentace Aktual.: 2.09.2026 17:57&#13; Vyd\u00e1no: 2.09.2026, 13:08&#13; Kyjev &#8211; Ukrajina ofici\u00e1ln\u011b ozn\u00e1mila Mezin\u00e1rodn\u00ed agentu\u0159e pro civiln\u00ed&hellip;\n","protected":false},"author":2,"featured_media":200445,"comment_status":"","ping_status":"","sticky":false,"template":"","format":"standard","meta":{"footnotes":"","_share_on_mastodon":"0"},"categories":[11],"tags":[64,302,304,305,303,1092,939,61,54,110,53,52,1174],"class_list":["post-200444","post","type-post","status-publish","format-standard","has-post-thumbnail","category-svet","tag-boje","tag-ceskenoviny-cz","tag-cn","tag-cn-cz","tag-ctk","tag-foto","tag-letectvi","tag-rusko","tag-svet","tag-ukrajina","tag-world","tag-world-news","tag-zelenskyj"],"share_on_mastodon":{"url":"https:\/\/pubeurope.com\/@cz\/117203420104905913","error":""},"_links":{"self":[{"href":"https:\/\/www.europesays.com\/cz\/wp-json\/wp\/v2\/posts\/200444","targetHints":{"allow":["GET"]}}],"collection":[{"href":"https:\/\/www.europesays.com\/cz\/wp-json\/wp\/v2\/posts"}],"about":[{"href":"https:\/\/www.europesays.com\/cz\/wp-json\/wp\/v2\/types\/post"}],"author":[{"embeddable":true,"href":"https:\/\/www.europesays.com\/cz\/wp-json\/wp\/v2\/users\/2"}],"replies":[{"embeddable":true,"href":"https:\/\/www.europesays.com\/cz\/wp-json\/wp\/v2\/comments?post=200444"}],"version-history":[{"count":0,"href":"https:\/\/www.europesays.com\/cz\/wp-json\/wp\/v2\/posts\/200444\/revisions"}],"wp:featuredmedia":[{"embeddable":true,"href":"https:\/\/www.europesays.com\/cz\/wp-json\/wp\/v2\/media\/200445"}],"wp:attachment":[{"href":"https:\/\/www.europesays.com\/cz\/wp-json\/wp\/v2\/media?parent=200444"}],"wp:term":[{"taxonomy":"category","embeddable":true,"href":"https:\/\/www.europesays.com\/cz\/wp-json\/wp\/v2\/categories?post=200444"},{"taxonomy":"post_tag","embeddable":true,"href":"https:\/\/www.europesays.com\/cz\/wp-json\/wp\/v2\/tags?post=200444"}],"curies":[{"name":"wp","href":"https:\/\/api.w.org\/{rel}","templated":true}]}}