{"id":200448,"date":"2026-09-02T20:51:16","date_gmt":"2026-09-02T20:51:16","guid":{"rendered":"https:\/\/www.europesays.com\/cz\/200448\/"},"modified":"2026-09-02T20:51:16","modified_gmt":"2026-09-02T20:51:16","slug":"rozpoctove-eldorado-na-dluh-vlada-nabere-dalsi-tisice-zamestnancu-a-plosne-zvysi-platy","status":"publish","type":"post","link":"https:\/\/www.europesays.com\/cz\/200448\/","title":{"rendered":"Rozpo\u010dtov\u00e9 eldor\u00e1do na dluh. Vl\u00e1da nabere dal\u0161\u00ed tis\u00edce zam\u011bstnanc\u016f a plo\u0161n\u011b zv\u00fd\u0161\u00ed platy"},"content":{"rendered":"<p>Do ob\u0159\u00edho schodku st\u00e1tn\u00edho rozpo\u010dtu na p\u0159\u00ed\u0161t\u00ed rok se v\u00fdrazn\u011b propisuje chystan\u00fd n\u00e1bor tis\u00edcovek nov\u00fdch zam\u011bstnanc\u016f, a p\u0159edev\u0161\u00edm lednov\u00e9 plo\u0161n\u00e9 zv\u00fd\u0161en\u00ed plat\u016f ve st\u00e1tn\u00ed a ve\u0159ejn\u00e9 sf\u00e9\u0159e. Stoupnout maj\u00ed a\u017e o dev\u011bt procent.\u00a0<\/p>\n<p>Opat\u0159en\u00ed dopadne tak\u00e9 na krajsk\u00e9 a obecn\u00ed samospr\u00e1vy. S r\u016fstem plat\u016f u\u017e souhlasila vl\u00e1da. Ta je\u0161t\u011b m\u016f\u017ee do konce z\u00e1\u0159\u00ed ministerstvem financ\u00ed navr\u017een\u00fd rozpo\u010det upravit. Z\u00e1sadn\u00ed zm\u011bny se v\u0161ak neo\u010dek\u00e1vaj\u00ed.\u00a0<\/p>\n<p><a href=\"https:\/\/www.e15.cz\/nazory-a-analyzy\/konec-fiskalni-zdrzenlivosti-cesky-rozpocet-nabira-smer-k-dluhove-zdi-1430583\" rel=\"nofollow noopener\" target=\"_blank\">Druh\u00fd nejvy\u0161\u0161\u00ed deficit v\u00a0historii \u010ceska m\u00e1 dos\u00e1hnout 389 miliard korun<\/a>.\u00a0To je o 79 miliard v\u00edce ne\u017e letos. Polep\u0161\u00ed si hlavn\u011b ministerstva pr\u016fmyslu, obrany a dopravy. \u0160\u00e9fka st\u00e1tn\u00ed kasy Alena Schillerov\u00e1 (ANO) si od finan\u010dn\u00edho pl\u00e1nu na rok 2027 slibuje o\u017eiven\u00ed ekonomiky.\u00a0<\/p>\n<p>Podle opozice je tak velk\u00fd rozd\u00edl mezi v\u00fddaji a p\u0159\u00edjmy st\u00e1tu v dob\u011b t\u00e9m\u011b\u0159 dvouprocentn\u00edho hospod\u00e1\u0159sk\u00e9ho r\u016fstu nezodpov\u011bdn\u00fd. Analytici varuj\u00ed, \u017ee schodek zdra\u017e\u00ed firm\u00e1m \u00fav\u011bry a lidem hypot\u00e9ky.\u00a0<\/p>\n<p>Na platy p\u016fjde o 36 miliard v\u00edce<\/p>\n<p>N\u00e1vrh rozpo\u010dtu s p\u0159edpokl\u00e1dan\u00fdmi v\u00fddaji ve v\u00fd\u0161i zhruba 2,6 bilionu korun a p\u0159\u00edjmy ve v\u00fd\u0161i 2,2 bilionu korun po\u010d\u00edt\u00e1 s r\u016fstem celkov\u00e9ho objemu prost\u0159edk\u016f na platy o 36 miliard. \u010c\u00e1stka zahrnuje zv\u00fd\u0161en\u00ed tarif\u016f st\u00e1tn\u00edch a ve\u0159ejn\u00fdch zam\u011bstnanc\u016f o p\u011bt a\u017e dev\u011bt procent a tak\u00e9 n\u00e1bor posil.\u00a0<\/p>\n<p><a class=\"article-card__image\" data-ac-image=\"\" href=\"https:\/\/www.e15.cz\/ekonomika\/babis-vs-fiala-podivejte-se-na-10-nejvetsich-rozpoctovych-der-v-historii-ceska-1435359\" title=\"Babi\u0161 vs. Fiala: Pod\u00edvejte se na 10 nejv\u011bt\u0161\u00edch rozpo\u010dtov\u00fdch d\u011br v historii \u010ceska\" rel=\"nofollow noopener\" target=\"_blank\"><img decoding=\"async\" alt=\"Babi\u0161 vs. Fiala: Pod\u00edvejte se na 10 nejv\u011bt\u0161\u00edch rozpo\u010dtov\u00fdch d\u011br v historii \u010ceska\" title=\"Babi\u0161 vs. Fiala: Pod\u00edvejte se na 10 nejv\u011bt\u0161\u00edch rozpo\u010dtov\u00fdch d\u011br v historii \u010ceska\" class=\"\" data-magazine=\"\" src=\"https:\/\/www.europesays.com\/cz\/wp-content\/uploads\/2026\/09\/9811722.jpg\" loading=\"lazy\" style=\"aspect-ratio: 328 \/ 184\"\/><\/a><a class=\"article-card__title-link line-limit-3\" data-ac-title=\"\" href=\"https:\/\/www.e15.cz\/ekonomika\/babis-vs-fiala-podivejte-se-na-10-nejvetsich-rozpoctovych-der-v-historii-ceska-1435359\" title=\"Babi\u0161 vs. Fiala: Pod\u00edvejte se na 10 nejv\u011bt\u0161\u00edch rozpo\u010dtov\u00fdch d\u011br v historii \u010ceska\" rel=\"nofollow noopener\" target=\"_blank\">Babi\u0161 vs. Fiala: Pod\u00edvejte se na 10 nejv\u011bt\u0161\u00edch rozpo\u010dtov\u00fdch d\u011br v historii \u010ceska<\/a><\/p>\n<p>Rezorty obrany a vnitra maj\u00ed podle p\u0159edlohy z\u00edskat po 1500 nov\u00fdch voj\u00e1k\u016f a policist\u016f. Necel\u00fdch 300 m\u00edst je pak p\u0159ipraveno pro dal\u0161\u00ed \u0161koln\u00ed psychology kv\u016fli nutnosti \u0159e\u0161it zhor\u0161uj\u00edc\u00ed se du\u0161evn\u00ed stav ml\u00e1de\u017ee, uv\u00e1d\u00ed se v p\u0159edloze rezortu financ\u00ed.\u00a0<\/p>\n<p>Zat\u00edmco posilov\u00e1n\u00ed arm\u00e1dy nebo psychick\u00e9 p\u00e9\u010de ve \u0161kol\u00e1ch nikdo nezpochyb\u0148uje, kritiku vyvol\u00e1v\u00e1 plo\u0161n\u00e9 zv\u00fd\u0161en\u00ed plat\u016f.\u00a0<a href=\"https:\/\/www.e15.cz\/byznys\/finance-a-bankovnictvi\/rozpocet-krade-budoucnost-obcanu-zni-z-opozice-snemovna-ho-projednava-v-prvnim-kole-1430798\" rel=\"nofollow noopener\" target=\"_blank\">A p\u0159edev\u0161\u00edm to, \u017ee kabinet nechyst\u00e1 \u017e\u00e1dn\u00e9 \u00faspory ve st\u00e1tn\u00ed spr\u00e1v\u011b a ani reformy na p\u0159\u00edjmov\u00e9 stran\u011b rozpo\u010dtu<\/a>.\u00a0<\/p>\n<p>\u201eVl\u00e1da nehled\u00e1 \u00fasporn\u00e1 nebo jin\u00e1 opat\u0159en\u00ed v tom rozsahu, v jak\u00e9m by je hledat mohla. Znamen\u00e1 to, \u017ee v\u0161e \u0159e\u0161\u00ed navy\u0161ov\u00e1n\u00edm schodku a r\u016fstem v\u00fddaj\u016f v podstat\u011b ve v\u0161ech oblastech,\u201c shrnul Ale\u0161 B\u011blohradsk\u00fd z Centra ve\u0159ejn\u00fdch financ\u00ed Fakulty soci\u00e1ln\u00edch v\u011bd Univerzity Karlovy.\u00a0<\/p>\n<p>Ekonom je p\u0159esv\u011bd\u010den, \u017ee aktu\u00e1ln\u00ed v\u00fdvoj tuzemsk\u00e9 ekonomiky \u010di m\u00edra nezam\u011bstnanosti by oprav\u0148ovaly vl\u00e1du ke schodku maxim\u00e1ln\u011b kolem 200 miliard korun. \u201eTo, \u017ee je deficit dvakr\u00e1t vy\u0161\u0161\u00ed, je politick\u00e1 preference a sm\u011b\u0159ov\u00e1n\u00ed t\u00e9to vl\u00e1dy, nikoliv ekonomick\u00e1 nevyhnutelnost,\u201c upozornil.\u00a0<\/p>\n<p>\u010clenka sn\u011bmovn\u00edho rozpo\u010dtov\u00e9ho v\u00fdboru za ANO Jana Murov\u00e1 m\u00edn\u00ed, \u017ee v platov\u00e9 sf\u00e9\u0159e prostor pro \u0161krty nen\u00ed. \u201eDeficit plat\u016f je p\u0159i srovn\u00e1n\u00ed s n\u00e1r\u016fstem cen u\u017e v minulosti velmi velk\u00fd a dosud nebyl vyrovn\u00e1n, tam se aktu\u00e1ln\u011b ned\u00e1 \u017e\u00e1dn\u00fdm zp\u016fsobem u\u0161et\u0159it,\u201c \u0159ekla.\u00a0<\/p>\n<p>Mo\u017en\u00e9 \u0159e\u0161en\u00ed nicm\u00e9n\u011b nab\u00edz\u00ed dal\u0161\u00ed \u010dlen v\u00fdboru z SPD Jan Hrn\u010d\u00ed\u0159. Ten by nep\u0159id\u00e1val plo\u0161n\u011b v\u0161em, ale p\u0159edev\u0161\u00edm nepedagogick\u00fdm pracovn\u00edk\u016fm a nel\u00e9ka\u0159sk\u00e9mu person\u00e1lu v nemocnic\u00edch. \u201eU t\u011bchto skupin jsou platy podfinancovan\u00e9 dlouhodob\u011b,\u201c p\u0159ipomn\u011bl.\u00a0<\/p>\n<p>Opat\u0159en\u00ed zat\u00ed\u017e\u00ed tak\u00e9 samospr\u00e1vy<\/p>\n<p><a href=\"https:\/\/www.e15.cz\/domaci\/politika\/odbory-kyvly-na-platovou-revoluci-pro-pul-milionu-lidi-opozice-varuje-pred-uctem-38-miliard-pro-obce-a-kraje-1435252\" rel=\"nofollow noopener\" target=\"_blank\">S\u00a0v\u00fdjimkou pedagog\u016f a akademik\u016f \u010dek\u00e1 lednov\u00e1 platov\u00e1 revoluce statis\u00edce \u00fa\u0159edn\u00edk\u016f, soci\u00e1ln\u00edch pracovn\u00edk\u016f, zam\u011bstnanc\u016f v\u00a0kultu\u0159e, \u0161koln\u00edk\u016f, kucha\u0159ek nebo ukl\u00edze\u010dek<\/a>.\u00a0\u017d\u00e1dn\u00fd tarif u\u017e nem\u00e1 b\u00fdt ni\u017e\u0161\u00ed ne\u017e minim\u00e1ln\u00ed mzda \u010di zaru\u010den\u00fd plat. Nav\u00edc se budou v\u0161echny p\u0159\u00edjmy pravideln\u011b valorizovat spolu s nejni\u017e\u0161\u00edm v\u00fdd\u011blkem.\u00a0<\/p>\n<p>Ve st\u00e1tn\u00edch a ve\u0159ejn\u00fdch slu\u017eb\u00e1ch pracuje p\u0159ibli\u017en\u011b 860 tis\u00edc lid\u00ed, zm\u011bna se podle dosavadn\u00edch odhad\u016f dotkne 470 tis\u00edc z nich. Ni\u017e\u0161\u00ed plat, ne\u017e \u010din\u00ed aktu\u00e1ln\u00ed minim\u00e1ln\u00ed mzda, m\u011bla podle ministra pr\u00e1ce a soci\u00e1ln\u00edch v\u011bc\u00ed Ale\u0161e Juchelky (ANO) jedna t\u0159etina v\u0161ech ve\u0159ejn\u00fdch zam\u011bstnanc\u016f. \u201ePokud bychom nezas\u00e1hli, t\u00fdkalo by se to v p\u0159\u00ed\u0161t\u00edm roce v\u00edce ne\u017e jedn\u00e9 poloviny t\u011bchto pracovn\u00edk\u016f,\u201c zd\u016fraznil.\u00a0<\/p>\n<p>Podle d\u0159\u00edv\u011bj\u0161\u00edch informac\u00ed by p\u0159es polovinu n\u00e1klad\u016f m\u011bly hradit samospr\u00e1vy. Juchelk\u016fv p\u0159edch\u016fdce Marian Jure\u010dka (KDU-\u010cSL) vy\u010d\u00edslil, \u017ee opat\u0159en\u00ed vyjde kraje a obce na 38 miliard korun.\u00a0<\/p>\n<p><a class=\"article-card__image\" data-ac-image=\"\" href=\"https:\/\/www.e15.cz\/byznys\/finance-a-bankovnictvi\/vzpoura-o-miliardy-v-koalici-motoriste-hrozi-blokaci-rozpoctu-schillerova-vidi-prostor-jen-v-jednotkach-miliard-1435378\" title=\"Vzpoura o miliardy v koalici. Motorist\u00e9 hroz\u00ed blokac\u00ed rozpo\u010dtu, Schillerov\u00e1 vid\u00ed prostor jen v jednotk\u00e1ch miliard\" rel=\"nofollow noopener\" target=\"_blank\"><img decoding=\"async\" alt=\"Vzpoura o miliardy v koalici. Motorist\u00e9 hroz\u00ed blokac\u00ed rozpo\u010dtu, Schillerov\u00e1 vid\u00ed prostor jen v jednotk\u00e1ch miliard\" title=\"Vzpoura o miliardy v koalici. Motorist\u00e9 hroz\u00ed blokac\u00ed rozpo\u010dtu, Schillerov\u00e1 vid\u00ed prostor jen v jednotk\u00e1ch miliard\" class=\"\" data-magazine=\"\" src=\"https:\/\/www.europesays.com\/cz\/wp-content\/uploads\/2026\/09\/9947828.jpg\" loading=\"lazy\" style=\"aspect-ratio: 328 \/ 184\"\/><\/a><a class=\"article-card__title-link line-limit-3\" data-ac-title=\"\" href=\"https:\/\/www.e15.cz\/byznys\/finance-a-bankovnictvi\/vzpoura-o-miliardy-v-koalici-motoriste-hrozi-blokaci-rozpoctu-schillerova-vidi-prostor-jen-v-jednotkach-miliard-1435378\" title=\"Vzpoura o miliardy v koalici. Motorist\u00e9 hroz\u00ed blokac\u00ed rozpo\u010dtu, Schillerov\u00e1 vid\u00ed prostor jen v jednotk\u00e1ch miliard\" rel=\"nofollow noopener\" target=\"_blank\">Vzpoura o miliardy v koalici. Motorist\u00e9 hroz\u00ed blokac\u00ed rozpo\u010dtu, Schillerov\u00e1 vid\u00ed prostor jen v jednotk\u00e1ch miliard<\/a><\/p>\n","protected":false},"excerpt":{"rendered":"Do ob\u0159\u00edho schodku st\u00e1tn\u00edho rozpo\u010dtu na p\u0159\u00ed\u0161t\u00ed rok se v\u00fdrazn\u011b propisuje chystan\u00fd n\u00e1bor tis\u00edcovek nov\u00fdch zam\u011bstnanc\u016f, a p\u0159edev\u0161\u00edm&hellip;\n","protected":false},"author":2,"featured_media":200449,"comment_status":"","ping_status":"","sticky":false,"template":"","format":"standard","meta":{"footnotes":"","_share_on_mastodon":"0"},"categories":[10],"tags":[297,955,17,21,43930,31933,5504,8040,16,5417,137,3839,18,19,22,964,20],"class_list":["post-200448","post","type-post","status-publish","format-standard","has-post-thumbnail","category-zpravy","tag-alena-schillerova","tag-ano-2011","tag-headlines","tag-hlavni-udalosti","tag-jan-hrncir","tag-jana-murova","tag-ministerstvo-financi-ceske-republiky","tag-ministerstvo-prumyslu-a-obchodu-ceske-republiky","tag-news","tag-reforma","tag-rozpocet","tag-svoboda-a-prima-demokracie","tag-top-news","tag-top-stories","tag-udalosti-dne","tag-vlada","tag-zpravy"],"share_on_mastodon":{"url":"https:\/\/pubeurope.com\/@cz\/117203428257016775","error":""},"_links":{"self":[{"href":"https:\/\/www.europesays.com\/cz\/wp-json\/wp\/v2\/posts\/200448","targetHints":{"allow":["GET"]}}],"collection":[{"href":"https:\/\/www.europesays.com\/cz\/wp-json\/wp\/v2\/posts"}],"about":[{"href":"https:\/\/www.europesays.com\/cz\/wp-json\/wp\/v2\/types\/post"}],"author":[{"embeddable":true,"href":"https:\/\/www.europesays.com\/cz\/wp-json\/wp\/v2\/users\/2"}],"replies":[{"embeddable":true,"href":"https:\/\/www.europesays.com\/cz\/wp-json\/wp\/v2\/comments?post=200448"}],"version-history":[{"count":0,"href":"https:\/\/www.europesays.com\/cz\/wp-json\/wp\/v2\/posts\/200448\/revisions"}],"wp:featuredmedia":[{"embeddable":true,"href":"https:\/\/www.europesays.com\/cz\/wp-json\/wp\/v2\/media\/200449"}],"wp:attachment":[{"href":"https:\/\/www.europesays.com\/cz\/wp-json\/wp\/v2\/media?parent=200448"}],"wp:term":[{"taxonomy":"category","embeddable":true,"href":"https:\/\/www.europesays.com\/cz\/wp-json\/wp\/v2\/categories?post=200448"},{"taxonomy":"post_tag","embeddable":true,"href":"https:\/\/www.europesays.com\/cz\/wp-json\/wp\/v2\/tags?post=200448"}],"curies":[{"name":"wp","href":"https:\/\/api.w.org\/{rel}","templated":true}]}}