{"id":200468,"date":"2026-09-02T21:04:20","date_gmt":"2026-09-02T21:04:20","guid":{"rendered":"https:\/\/www.europesays.com\/cz\/200468\/"},"modified":"2026-09-02T21:04:20","modified_gmt":"2026-09-02T21:04:20","slug":"metal-uz-o-vikendu-obsadi-slezskoostravsky-hrad-vedle-spousty-kapel-nabidne-i-debaty-metalk","status":"publish","type":"post","link":"https:\/\/www.europesays.com\/cz\/200468\/","title":{"rendered":"Metal!!! u\u017e o v\u00edkendu obsad\u00ed Slezskoostravsk\u00fd hrad. Vedle spousty kapel nab\u00eddne i debaty METalk!!!"},"content":{"rendered":"<p>   Slezskoostravsk\u00fd hrad se u\u017e v p\u00e1tek 4. a sobotu 5. z\u00e1\u0159\u00ed prom\u011bn\u00ed v d\u011bji\u0161t\u011b sedm\u00e9ho ro\u010dn\u00edku festivalu <a href=\"https:\/\/www.metalhrad.cz\/cz\" rel=\"nofollow noopener\" target=\"_blank\">Metal!!!<\/a>. Ten letos poprv\u00e9 vyroste do dvoudenn\u00ed podoby a na dvou p\u00f3di\u00edch nab\u00eddne osmadvacet kapel z r\u016fzn\u00fdch kout\u016f sv\u011bta. Vedle black, death, thrash metalu nebo grindcoru po\u0159adatel\u00e9 nachystali tak\u00e9 diskusn\u00ed program METalk!!! a dv\u011b v\u00fdstavy.<\/p>\n<p>P\u00e1te\u010dn\u00ed program vyvrchol\u00ed koncertem <a href=\"https:\/\/musicserver.cz\/interpret\/cult-of-fire\/\" class=\"intos\" rel=\"nofollow noopener\" target=\"_blank\">Cult of Fire<\/a>, kte\u0159\u00ed podle po\u0159adatel\u016f odehraj\u00ed sv\u00e9 jedin\u00e9 leto\u0161n\u00ed vystoupen\u00ed v \u010cesku. Je\u0161t\u011b p\u0159ed nimi se na p\u00f3di\u00edch vyst\u0159\u00eddaj\u00ed mimo jin\u00e9 nor\u0161t\u00ed Taake, francouz\u0161t\u00ed <a href=\"https:\/\/musicserver.cz\/interpret\/benighted\/\" class=\"intos\" rel=\"nofollow noopener\" target=\"_blank\">Benighted<\/a>, skot\u0161t\u00ed <a href=\"https:\/\/musicserver.cz\/interpret\/hellripper\/\" class=\"intos\" rel=\"nofollow noopener\" target=\"_blank\">Hellripper<\/a> nebo brazil\u0161t\u00ed Sarcofago. Ti v sestav\u011b nahradili p\u016fvodn\u011b avizovan\u00e9 <a href=\"https:\/\/musicserver.cz\/interpret\/Hate\/\" class=\"intos\" rel=\"nofollow noopener\" target=\"_blank\">Hate<\/a>, kte\u0159\u00ed se festivalu nez\u00fa\u010dastn\u00ed kv\u016fli turn\u00e9 s <a href=\"https:\/\/musicserver.cz\/interpret\/Fear-Factory\/\" class=\"intos\" rel=\"nofollow noopener\" target=\"_blank\">Fear Factory<\/a>.<\/p>\n<p><a href=\"https:\/\/musicserver.cz\/img\/big\/243941.jpg\" class=\"fancikauto\" title=\"\u00a9 Barr\u00e1k\" rel=\"nofollow noopener\" target=\"_blank\"><br \/>\n   <img decoding=\"async\" src=\"https:\/\/www.europesays.com\/cz\/wp-content\/uploads\/2026\/09\/243941.jpg\" title=\"Metal!!! 2026\" alt=\"Metal!!! 2026\" border=\"0\" \/><\/a><br \/>\n   \u00a9 Barr\u00e1kSobota p\u0159inese dal\u0161\u00ed silnou porci extr\u00e9mn\u00edho metalu a cel\u00fd line-up uzav\u0159ou nor\u0161t\u00ed <a href=\"https:\/\/musicserver.cz\/interpret\/1349\/\" class=\"intos\" rel=\"nofollow noopener\" target=\"_blank\">1349<\/a>. Je\u0161t\u011b p\u0159ed nimi zahraj\u00ed nap\u0159\u00edklad pol\u0161t\u00ed <a href=\"https:\/\/musicserver.cz\/interpret\/Decapitated\/\" class=\"intos\" rel=\"nofollow noopener\" target=\"_blank\">Decapitated<\/a>, \u0161v\u00e9d\u0161t\u00ed <a href=\"https:\/\/musicserver.cz\/interpret\/Vomitory\/\" class=\"intos\" rel=\"nofollow noopener\" target=\"_blank\">Vomitory<\/a> a <a href=\"https:\/\/musicserver.cz\/interpret\/General-Surgery\/\" class=\"intos\" rel=\"nofollow noopener\" target=\"_blank\">General Surgery<\/a>, \u0159e\u010dt\u00ed <a href=\"https:\/\/musicserver.cz\/interpret\/Suicidal-Angels\/\" class=\"intos\" rel=\"nofollow noopener\" target=\"_blank\">Suicidal Angels<\/a>, francouz\u0161t\u00ed Seth, japon\u0161t\u00ed <a href=\"https:\/\/musicserver.cz\/interpret\/sigh\/\" class=\"intos\" rel=\"nofollow noopener\" target=\"_blank\">Sigh<\/a> nebo n\u011bme\u010dt\u00ed <a href=\"https:\/\/musicserver.cz\/interpret\/Atrocity\/\" class=\"intos\" rel=\"nofollow noopener\" target=\"_blank\">Atrocity<\/a>. Zaj\u00edmavost\u00ed bude tak\u00e9 spole\u010dn\u00fd set \u010desk\u00fdch <a href=\"https:\/\/musicserver.cz\/interpret\/exorcizphobia\/\" class=\"intos\" rel=\"nofollow noopener\" target=\"_blank\">Exorcizphobia<\/a> s E-Force veden\u00fdmi b\u00fdval\u00fdm frontmanem <a href=\"https:\/\/musicserver.cz\/interpret\/Voivod\/\" class=\"intos\" rel=\"nofollow noopener\" target=\"_blank\">Voivod<\/a> Ericem Forrestem.<\/p>\n<p>Hudbou ale leto\u0161n\u00ed Metal!!! nekon\u010d\u00ed. Novinkou bude s\u00e9rie moderovan\u00fdch rozhovor\u016f METalk!!!, kter\u00e1 se zam\u011b\u0159\u00ed na \u017e\u00e1nr jako \u0161ir\u0161\u00ed kulturn\u00ed a spole\u010densk\u00fd fenom\u00e9n. Debatovat se bude nap\u0159\u00edklad o postaven\u00ed \u017een na metalov\u00e9 sc\u00e9n\u011b, roli hudebn\u00edch m\u00e9di\u00ed, vztahu tvrd\u00e9 hudby k Moravskoslezsk\u00e9mu kraji, v\u00fdznamu obal\u016f desek nebo o tom, jak soci\u00e1ln\u00ed s\u00edt\u011b a jejich algoritmy m\u011bn\u00ed vztah mezi kapelami a fanou\u0161ky.<\/p>\n<p>Za diskusn\u00edm konceptem stoj\u00ed po\u0159adatel festivalu a provozovatel ostravsk\u00e9ho Barr\u00e1ku Marcel Palov\u010d\u00edk spole\u010dn\u011b s publicistkou a muzikolo\u017ekou Gabrielou Sta\u0161ovou, kter\u00e1 jednotliv\u00e9 rozhovory tak\u00e9 povede. Do debat se zapoj\u00ed hudebn\u00edci, novin\u00e1\u0159i, promot\u00e9\u0159i, akademici a dal\u0161\u00ed lid\u00e9 spojen\u00ed s \u010deskou a slovenskou sc\u00e9nou, prostor dostanou i ot\u00e1zky n\u00e1v\u0161t\u011bvn\u00edk\u016f.<\/p>\n<p>Doprovodn\u00fd program roz\u0161\u00ed\u0159\u00ed rovn\u011b\u017e dv\u011b v\u00fdstavy. Martin Jirou\u0161ek se zam\u011b\u0159\u00ed na pr\u016fnik estetiky hororov\u00fdch filmov\u00fdch plak\u00e1t\u016f a metalov\u00e9 hudby, druh\u00e1 expozice p\u0159edstav\u00ed tvorbu Dominiky Mal\u00e9 alias Dhomth Art a jej\u00ed obaly a artworky pro metalov\u00e9 kapely.<\/p>\n<p>Metal!!! tak letos krom\u011b roz\u0161\u00ed\u0159en\u00ed na dva dny p\u0159id\u00e1v\u00e1 tak\u00e9 dal\u0161\u00ed pohled na sc\u00e9nu, kter\u00e1 se nebude odehr\u00e1vat pouze na p\u00f3di\u00edch. P\u0159esn\u00fd \u010dasov\u00fd harmonogram u\u017e po\u0159adatel\u00e9 zve\u0159ejnili &#8211; v p\u00e1tek se are\u00e1l otev\u0159e v poledne a posledn\u00ed <a href=\"https:\/\/musicserver.cz\/interpret\/cult-of-fire\/\" class=\"intos\" rel=\"nofollow noopener\" target=\"_blank\">Cult of Fire<\/a> dohraj\u00ed o p\u016flnoci, sobotn\u00ed program za\u010dne v 11 hodin a <a href=\"https:\/\/musicserver.cz\/interpret\/1349\/\" class=\"intos\" rel=\"nofollow noopener\" target=\"_blank\">1349<\/a> jej uzav\u0159ou v p\u016fl druh\u00e9 r\u00e1no.<\/p>\n<p><a class=\"\" href=\"https:\/\/www.youtube.com\/embed\/Q8dyJruzbmo?rel=0&amp;autoplay=1\" onclick=\"var tmpo=&quot;&lt;iframe width=100% height=360 src=&quot;+this.href+&quot; frameborder=0 allowfullscreen&gt;&lt;\/iframe&gt;&quot;;$(this).parent().parent().html(tmpo);return false;\" rel=\"nofollow noopener\" target=\"_blank\"><img decoding=\"async\" src=\"https:\/\/www.europesays.com\/cz\/wp-content\/uploads\/2026\/09\/1788383058_525_0.jpg\" alt=\"\" height=\"360\" \/><img decoding=\"async\" src=\"https:\/\/www.europesays.com\/cz\/wp-content\/uploads\/2026\/09\/1788383059_878_vpbh.png\" class=\"vplarr\" alt=\"\" \/><\/a>   <img loading=\"lazy\" decoding=\"async\" src=\"https:\/\/www.europesays.com\/cz\/wp-content\/uploads\/2026\/09\/79660.gif\" width=\"1\" height=\"1\" alt=\"\" align=\"right\" \/><\/p>\n","protected":false},"excerpt":{"rendered":"Slezskoostravsk\u00fd hrad se u\u017e v p\u00e1tek 4. a sobotu 5. z\u00e1\u0159\u00ed prom\u011bn\u00ed v d\u011bji\u0161t\u011b sedm\u00e9ho ro\u010dn\u00edku festivalu Metal!!!.&hellip;\n","protected":false},"author":2,"featured_media":200469,"comment_status":"","ping_status":"","sticky":false,"template":"","format":"standard","meta":{"footnotes":"","_share_on_mastodon":"0"},"categories":[14],"tags":[8086,8087,79,8085,195,80],"class_list":["post-200468","post","type-post","status-publish","format-standard","has-post-thumbnail","category-zabava","tag-cs","tag-dvd","tag-entertainment","tag-musicserver","tag-recenze","tag-zabava"],"share_on_mastodon":{"url":"https:\/\/pubeurope.com\/@cz\/117203479015935529","error":""},"_links":{"self":[{"href":"https:\/\/www.europesays.com\/cz\/wp-json\/wp\/v2\/posts\/200468","targetHints":{"allow":["GET"]}}],"collection":[{"href":"https:\/\/www.europesays.com\/cz\/wp-json\/wp\/v2\/posts"}],"about":[{"href":"https:\/\/www.europesays.com\/cz\/wp-json\/wp\/v2\/types\/post"}],"author":[{"embeddable":true,"href":"https:\/\/www.europesays.com\/cz\/wp-json\/wp\/v2\/users\/2"}],"replies":[{"embeddable":true,"href":"https:\/\/www.europesays.com\/cz\/wp-json\/wp\/v2\/comments?post=200468"}],"version-history":[{"count":0,"href":"https:\/\/www.europesays.com\/cz\/wp-json\/wp\/v2\/posts\/200468\/revisions"}],"wp:featuredmedia":[{"embeddable":true,"href":"https:\/\/www.europesays.com\/cz\/wp-json\/wp\/v2\/media\/200469"}],"wp:attachment":[{"href":"https:\/\/www.europesays.com\/cz\/wp-json\/wp\/v2\/media?parent=200468"}],"wp:term":[{"taxonomy":"category","embeddable":true,"href":"https:\/\/www.europesays.com\/cz\/wp-json\/wp\/v2\/categories?post=200468"},{"taxonomy":"post_tag","embeddable":true,"href":"https:\/\/www.europesays.com\/cz\/wp-json\/wp\/v2\/tags?post=200468"}],"curies":[{"name":"wp","href":"https:\/\/api.w.org\/{rel}","templated":true}]}}