{"id":200470,"date":"2026-09-02T21:07:20","date_gmt":"2026-09-02T21:07:20","guid":{"rendered":"https:\/\/www.europesays.com\/cz\/200470\/"},"modified":"2026-09-02T21:07:20","modified_gmt":"2026-09-02T21:07:20","slug":"pavel-v-americke-cnn-varoval-pred-ruskem-chce-v-evrope-zasit-neduveru-a-rozdelit-spojence","status":"publish","type":"post","link":"https:\/\/www.europesays.com\/cz\/200470\/","title":{"rendered":"Pavel v americk\u00e9 CNN varoval p\u0159ed Ruskem: Chce v Evrop\u011b zas\u00edt ned\u016fv\u011bru a rozd\u011blit spojence"},"content":{"rendered":"<p>\n                        Rusko se podle \u010desk\u00e9ho prezidenta Petra Pavla sna\u017e\u00ed v Evrop\u011b vytv\u00e1\u0159et atmosf\u00e9ru ned\u016fv\u011bry v\u016f\u010di instituc\u00edm a zas\u00e9vat rozkol mezi jednotliv\u00fdmi st\u00e1ty. Z\u00e1rove\u0148 se podle n\u011bj pokou\u0161\u00ed odradit evropsk\u00e9 zem\u011b od podpory Ukrajiny a od postoj\u016f nam\u00ed\u0159en\u00fdch proti Moskv\u011b. Pavel to \u0159ekl ve st\u0159ede\u010dn\u00edm rozhovoru pro americkou CNN, kde upozornil tak\u00e9 na snahu Ruska vyu\u017e\u00edvat r\u016fzn\u00e9 aktivity tak, aby bylo co nejt\u011b\u017e\u0161\u00ed jednozna\u010dn\u011b p\u0159ipsat za n\u011b odpov\u011bdnost pr\u00e1v\u011b Moskv\u011b.\n                    <\/p>\n<p>\u201eRusko si je v\u011bdomo toho, \u017ee nem\u016f\u017ee zah\u00e1jit otev\u0159enou vojenskou akci proti NATO, a proto vyu\u017e\u00edv\u00e1 cel\u00fd arzen\u00e1l nep\u0159\u00edm\u00fdch aktivit, od sabot\u00e1\u017e\u00ed p\u0159es naru\u0161ov\u00e1n\u00ed suver\u00e9nn\u00edho vzdu\u0161n\u00e9ho prostoru, provokace na mo\u0159i a\u017e po informa\u010dn\u00ed kampan\u011b proti jednotliv\u00fdm zem\u00edm,\u201c \u0159ekl Pavel moder\u00e1torce CNN Christiane Amanpour.<\/p>\n<p>\u010cT\u011aTE TAK\u00c9: <a target=\"_blank\" href=\"https:\/\/cnn.iprima.cz\/rusko-zvysuje-tlak-na-evropu-cesku-muze-pri-hybridnim-utoku-nejvic-chybet-koordinace-520597\" rel=\"nofollow noopener\">Rusko eskaluje sabot\u00e1\u017ee v Evrop\u011b, ter\u010dem je i \u010cesko. Experti varuj\u00ed p\u0159ed nejv\u011bt\u0161\u00edmi riziky<\/a><\/p>\n<p>Pavel z\u00e1rove\u0148 upozornil, \u017ee sou\u010d\u00e1st\u00ed rusk\u00e9 strategie je podle n\u011bj tak\u00e9 vytv\u00e1\u0159en\u00ed dojmu, \u017ee evropsk\u00e9 st\u00e1ty nejsou schopny na podobn\u00e9 kroky \u00fa\u010dinn\u011b reagovat.<\/p>\n<p>\u201ePokud cht\u011bl prezident Putin rozd\u011blit NATO a Evropskou unii zah\u00e1jen\u00edm agrese proti Ukrajin\u011b, dos\u00e1hl p\u0159esn\u00e9ho opaku. Zem\u011b NATO jsou jednotn\u011bj\u0161\u00ed. Jsou odhodlan\u011bj\u0161\u00ed br\u00e1nit sv\u00e9 \u00fazem\u00ed a jsou odhodlan\u011bj\u0161\u00ed v\u00edce investovat do vlastn\u00ed obrany a odradit Rusko od jak\u00e9koli otev\u0159en\u00e9 vojensk\u00e9 akce,\u201c \u0159ekl Pavel.<\/p>\n<p class=\"intro-title-mobile\">\n        \u010ct\u011bte tak\u00e9\n    <\/p>\n<p>        <a href=\"https:\/\/cnn.iprima.cz\/kruta-bitva-zmenila-vukovar-na-chorvatsky-stalingrad-uplatnily-se-i-dvouplosniky-zname-v-cesku-520745\" class=\"image-link\" rel=\"nofollow noopener\" target=\"_blank\"><\/p>\n<p>            <img decoding=\"async\" loading=\"lazy\" class=\"image\" src=\"https:\/\/www.europesays.com\/cz\/wp-content\/uploads\/2026\/09\/247e17af56e408d8347baab0cae15543.jpg\" alt=\"Obyvatel Vukovaru vyhl\u00ed\u017e\u00ed z rozst\u0159\u00edlen\u00fdch dve\u0159\u00ed sv\u00e9ho domu\"\/><\/p>\n<p>            <\/a><\/p>\n<p class=\"intro-title-desktop\">\n            \u010ct\u011bte tak\u00e9\n        <\/p>\n<p>                <a href=\"https:\/\/cnn.iprima.cz\/kruta-bitva-zmenila-vukovar-na-chorvatsky-stalingrad-uplatnily-se-i-dvouplosniky-zname-v-cesku-520745\" class=\"title-link\" rel=\"nofollow noopener\" target=\"_blank\"><\/p>\n<p class=\"title\">\n                Krut\u00e1 bitva zm\u011bnila Vukovar v chorvatsk\u00fd Stalingrad. Zas\u00e1hly i dvouplo\u0161n\u00edky zn\u00e1m\u00e9 v \u010cesku\n            <\/p>\n<p>        <\/a><\/p>\n<p>                                                                                                2. z\u00e1\u0159 2026, 15:56<\/p>\n<p>                6 min \u010dten\u00ed<\/p>\n<p>P\u0159\u00edm\u00e1 agrese by podle Pavlov\u00fdch slov nesplnila rusk\u00e9 c\u00edle. Moskva se proto nyn\u00ed zam\u011b\u0159uje na kroky, kter\u00e9 z\u016fst\u00e1vaj\u00ed pod prahem otev\u0159en\u00e9ho vojensk\u00e9ho \u00fatoku.<\/p>\n<p>\u201eMaj\u00ed k dispozici cel\u00fd arzen\u00e1l t\u011bchto aktivit, kter\u00fd nyn\u00ed vyu\u017e\u00edvaj\u00ed, p\u0159i\u010dem\u017e se sna\u017e\u00ed p\u0159ips\u00e1n\u00ed odpov\u011bdnosti Rusku co nejv\u00edce zkomplikovat, ne-li znemo\u017enit. Sna\u017e\u00ed se vytv\u00e1\u0159et atmosf\u00e9ru ned\u016fv\u011bry v\u016f\u010di instituc\u00edm, zas\u00e9vat rozkol mezi n\u00e1rody, ale tak\u00e9 odrazovat jednotliv\u00e9 zem\u011b od podpory Ukrajiny a od nep\u0159\u00e1telsk\u00fdch postoj\u016f v\u016f\u010di Rusku,\u201c uvedl \u010desk\u00fd prezident.<\/p>\n<p>    Pavel: Putin pot\u0159ebuje vn\u011bj\u0161\u00edho nep\u0159\u00edtele<\/p>\n<p>Vladimir Putin podle Pavla dlouhodob\u011b pracuje s p\u0159edstavou, \u017ee je Rusko ohro\u017eov\u00e1no Z\u00e1padem. \u201ePrezident Putin v\u017edy hled\u00e1 vn\u011bj\u0161\u00edho nep\u0159\u00edtele. Ze strany evropsk\u00fdch zem\u00ed p\u0159itom Rusku nic nehroz\u00ed. Nikdo nen\u00ed tak \u0161\u00edlen\u00fd. Rusko ale sv\u00e9 vlastn\u00ed obyvatelstvo neust\u00e1le p\u0159esv\u011bd\u010duje, \u017ee je ohro\u017eov\u00e1no Z\u00e1padem,\u201c \u0159ekl Pavel.<\/p>\n<p>D\u016fvodem je podle n\u011bj hlavn\u011b ne\u00fasp\u011bch na ukrajinsk\u00e9m boji\u0161ti: \u201eA pr\u00e1v\u011b proto, kdy\u017e se mu neda\u0159\u00ed usp\u011bt v agresi proti Ukrajin\u011b, hled\u00e1 vn\u011bj\u0161\u00ed nep\u0159\u00e1tele. V prvn\u00ed \u0159ad\u011b jsou nyn\u00ed jeho p\u0159\u00edm\u00fdm c\u00edlem evropsk\u00e9 zem\u011b podporuj\u00edc\u00ed Ukrajinu.\u201c<\/p>\n<p>Podle Pavla se Rusko sna\u017e\u00ed prost\u0159ednictv\u00edm t\u011bchto aktivit oslabovat evropskou i transatlantickou spolupr\u00e1ci. C\u00edlem je podle n\u011bj rozd\u011blit Evropskou unii a NATO, odradit jejich \u010dleny od dal\u0161\u00ed podpory Ukrajiny a sou\u010dasn\u011b vytvo\u0159it dojem, \u017ee Moskva m\u016f\u017ee sv\u00e9 protivn\u00edky zas\u00e1hnout prakticky kdekoli.<\/p>\n<p>Rusko podle Pavla na Ukrajin\u011b nevyhr\u00e1v\u00e1<\/p>\n<p>\u201eRusko nen\u00ed \u00fasp\u011b\u0161n\u00e9, p\u0159esto\u017ee rusk\u00e1 propaganda tvrd\u00ed, \u017ee v\u00e1lka prob\u00edh\u00e1 dob\u0159e. Za ka\u017ed\u00fd \u010dtvere\u010dn\u00ed kilometr, kter\u00fd Rusko na Ukrajin\u011b z\u00edsk\u00e1, ztr\u00e1c\u00ed v\u00edce ne\u017e 1 000 lid\u00ed,\u201c uvedl Pavel. Podle n\u011bj je nav\u00edc tempo rusk\u00fdch ztr\u00e1t vy\u0161\u0161\u00ed ne\u017e schopnost arm\u00e1dy z\u00edsk\u00e1vat nov\u00e9 voj\u00e1ky. \u201eZa posledn\u00ed rok z\u00edskalo Rusko m\u00e9n\u011b ne\u017e 0,4 procenta ukrajinsk\u00e9ho \u00fazem\u00ed. To nelze ozna\u010dit za \u00fasp\u011bch,\u201c \u0159ekl.<\/p>\n<p class=\"intro-title-mobile\">\n        \u010ct\u011bte tak\u00e9\n    <\/p>\n<p>        <a href=\"https:\/\/cnn.iprima.cz\/rozkol-ano-s-spd-kvuli-rusku-david-bagatelizuje-utok-v-nemecku-knotek-je-ve-shode-s-opozici-520793\" class=\"image-link\" rel=\"nofollow noopener\" target=\"_blank\"><\/p>\n<p>            <img decoding=\"async\" loading=\"lazy\" class=\"image\" src=\"https:\/\/www.europesays.com\/cz\/wp-content\/uploads\/2026\/09\/1956604fa9a927826218904c08077bf1.png\" alt=\"Ond\u0159ej Knotek (ANO) a Ivan David (SPD)\"\/><\/p>\n<p>            <\/a><\/p>\n<p class=\"intro-title-desktop\">\n            \u010ct\u011bte tak\u00e9\n        <\/p>\n<p>                <a href=\"https:\/\/cnn.iprima.cz\/rozkol-ano-s-spd-kvuli-rusku-david-bagatelizuje-utok-v-nemecku-knotek-je-ve-shode-s-opozici-520793\" class=\"title-link\" rel=\"nofollow noopener\" target=\"_blank\"><\/p>\n<p class=\"title\">\n                Rozkol ANO s SPD kv\u016fli Rusku: David bagatelizuje \u00fatok v N\u011bmecku, Knotek je ve shod\u011b s opozic\u00ed\n            <\/p>\n<p>        <\/a><\/p>\n<p>                                                                                                2. z\u00e1\u0159 2026, 20:45<\/p>\n<p>                6 min \u010dten\u00ed<\/p>\n<p>Pr\u00e1v\u011b proto se podle Pavla Moskva sna\u017e\u00ed svou vojenskou nemohoucnost kompenzovat jin\u00fdmi zp\u016fsoby. \u201eSna\u017e\u00ed se d\u011blat v\u0161echno mo\u017en\u00e9, aby uk\u00e1zala, \u017ee m\u00e1 s\u00edlu tento konflikt vyhr\u00e1t. Zam\u011b\u0159uje se proto na m\u011bkk\u00e9 c\u00edle, vytv\u00e1\u0159\u00ed teror, strach a p\u0159esv\u011bd\u010den\u00ed, \u017ee Rusko nelze porazit,\u201c uvedl prezident.<\/p>\n<p>Podle Pavla by st\u00e1ty NATO m\u011bly b\u00fdt p\u0159ipraveny nejen Rusko odrazovat, ale v p\u0159\u00edpad\u011b pot\u0159eby tak\u00e9 skute\u010dn\u011b reagovat na naru\u0161ov\u00e1n\u00ed sv\u00e9ho vzdu\u0161n\u00e9ho prostoru nebo \u00fazem\u00ed. Za kl\u00ed\u010dovou pova\u017euje jednotu Severoatlantick\u00e9 aliance. Spojen\u00e9 st\u00e1ty jsou podle n\u011bj nejd\u016fle\u017eit\u011bj\u0161\u00edm \u010dlenem, z\u00e1rove\u0148 by ale evropsk\u00e9 zem\u011b m\u011bly p\u0159evz\u00edt v\u011bt\u0161\u00ed odpov\u011bdnost za vlastn\u00ed obranu.<\/p>\n<p>\u201eM\u011bli bychom dosp\u011bt do situace, kdy ka\u017ed\u00e1 zem\u011b napaden\u00e1 Ruskem bude sama sebe urputn\u011b br\u00e1nit a v\u0161ichni ostatn\u00ed \u010dlenov\u00e9 NATO j\u00ed p\u0159ijdou na pomoc. Je to jedin\u00fd zp\u016fsob, jak m\u016f\u017eeme do budoucna chr\u00e1nit na\u0161i suverenitu a svobodu,\u201c dodal Pavel.<\/p>\n<p>MOHLO BY V\u00c1S ZAJ\u00cdMAT: <a target=\"_blank\" href=\"https:\/\/cnn.iprima.cz\/nova-hrozba-z-ruska-proudove-drony-letaji-rychlosti-az-600-km-h-ukrajina-hleda-obranu-520676\" rel=\"nofollow noopener\">Prolomen\u00e1 ukrajinsk\u00e1 obrana: Proudov\u00e9 drony zrychlily na 600 km\/h, Kyjev je nem\u00e1 \u010d\u00edm ni\u010dit<\/a><\/p>\n<p class=\"!text-semibold-14-14 !text-black mb-0 mt-2\">\n                Tom\u00e1\u0161 studuje na Vy\u0161\u0161\u00ed odborn\u00e9 \u0161kole publicistiky, obor televizn\u00ed publicistika. V\u011bnuje se po\u0159\u00e1d\u00e1n\u00edm t\u00e1bor\u016f a dal\u0161\u00edch akc\u00ed pro \u0161irokou ve\u0159ejnost. Ve sv\u00fdch projektech se inspiruje Divok\u00fdm z\u00e1padem, kter\u00fd se prol\u00edn\u00e1 do v\u011bt\u0161iny jeho aktivit. Zaj\u00edm\u00e1 se o dom\u00e1c\u00ed i zahrani\u010dn\u00ed politiku a aktu\u00e1ln\u00ed d\u011bn\u00ed. (Tomas.Pokstefel@iprima.cz)\n            <\/p>\n","protected":false},"excerpt":{"rendered":"Rusko se podle \u010desk\u00e9ho prezidenta Petra Pavla sna\u017e\u00ed v Evrop\u011b vytv\u00e1\u0159et atmosf\u00e9ru ned\u016fv\u011bry v\u016f\u010di instituc\u00edm a zas\u00e9vat rozkol&hellip;\n","protected":false},"author":2,"featured_media":200471,"comment_status":"","ping_status":"","sticky":false,"template":"","format":"standard","meta":{"footnotes":"","_share_on_mastodon":"0"},"categories":[11],"tags":[8062,106,1635,1634,213,174,1967,61,54,110,1636,964,53,52],"class_list":["post-200470","post","type-post","status-publish","format-standard","has-post-thumbnail","category-svet","tag-cnn","tag-evropa","tag-konflikt","tag-mezinarodni-vztahy","tag-petr-pavel","tag-politika","tag-rozhovor","tag-rusko","tag-svet","tag-ukrajina","tag-valka-a-mir","tag-vlada","tag-world","tag-world-news"],"share_on_mastodon":{"url":"https:\/\/pubeurope.com\/@cz\/117203491176161945","error":""},"_links":{"self":[{"href":"https:\/\/www.europesays.com\/cz\/wp-json\/wp\/v2\/posts\/200470","targetHints":{"allow":["GET"]}}],"collection":[{"href":"https:\/\/www.europesays.com\/cz\/wp-json\/wp\/v2\/posts"}],"about":[{"href":"https:\/\/www.europesays.com\/cz\/wp-json\/wp\/v2\/types\/post"}],"author":[{"embeddable":true,"href":"https:\/\/www.europesays.com\/cz\/wp-json\/wp\/v2\/users\/2"}],"replies":[{"embeddable":true,"href":"https:\/\/www.europesays.com\/cz\/wp-json\/wp\/v2\/comments?post=200470"}],"version-history":[{"count":0,"href":"https:\/\/www.europesays.com\/cz\/wp-json\/wp\/v2\/posts\/200470\/revisions"}],"wp:featuredmedia":[{"embeddable":true,"href":"https:\/\/www.europesays.com\/cz\/wp-json\/wp\/v2\/media\/200471"}],"wp:attachment":[{"href":"https:\/\/www.europesays.com\/cz\/wp-json\/wp\/v2\/media?parent=200470"}],"wp:term":[{"taxonomy":"category","embeddable":true,"href":"https:\/\/www.europesays.com\/cz\/wp-json\/wp\/v2\/categories?post=200470"},{"taxonomy":"post_tag","embeddable":true,"href":"https:\/\/www.europesays.com\/cz\/wp-json\/wp\/v2\/tags?post=200470"}],"curies":[{"name":"wp","href":"https:\/\/api.w.org\/{rel}","templated":true}]}}