{"id":200498,"date":"2026-09-02T21:38:11","date_gmt":"2026-09-02T21:38:11","guid":{"rendered":"https:\/\/www.europesays.com\/cz\/200498\/"},"modified":"2026-09-02T21:38:11","modified_gmt":"2026-09-02T21:38:11","slug":"z-opory-hamzove-je-joklova-do-zamori-sla-s-podminkou-propustky-na-svatbu","status":"publish","type":"post","link":"https:\/\/www.europesays.com\/cz\/200498\/","title":{"rendered":"Z opory Hamzov\u00e9 je Joklov\u00e1. Do z\u00e1mo\u0159\u00ed \u0161la s\u00a0podm\u00ednkou propustky na svatbu"},"content":{"rendered":"<p class=\"b_bA\">Berl\u00edn (od na\u0161\u00ed zpravodajky)\u00a0\u2013 Hned po fin\u00e1le \u010desk\u00e9 basketbalov\u00e9 ligy zam\u00ed\u0159ila do WNBA, kde pro\u0161la kempem a\u00a0nastupuje za Minnesotu v\u00a0nejvy\u0161\u0161\u00ed z\u00e1mo\u0159sk\u00e9 sout\u011b\u017ei. A\u00a0z\u00a0n\u00ed rovnou p\u0159ilet\u011bla do Berl\u00edna na sv\u011btov\u00fd \u0161ampion\u00e1t. \u201e\u00danava u\u017e je samoz\u0159ejm\u011b zn\u00e1t, to t\u011blo trochu trp\u00ed t\u00edm, \u017ee nebyla \u017e\u00e1dn\u00e1 pauza. M\u00e1m pocit, \u017ee m\u00e1m nejv\u00edc bol\u00edstek, co jsem kdy m\u011bla,\u201c \u0159\u00edk\u00e1 Joklov\u00e1.<\/p>\n<p class=\"b_bA\">Jedinou pauzu od basketbalu si v\u00a0l\u00e9t\u011b dop\u0159\u00e1la pr\u00e1v\u011b d\u00edky svatb\u011b, kter\u00e1 ale prob\u011bhla v\u00a0\u010cesku. \u201eZ\u00e1rove\u0148 to ale bylo p\u011bt \u010f\u00e1belsk\u00fdch dn\u00ed, kdy jsem jeden den cestovala, t\u0159i dny byla doma, obl\u00edtala v\u0161echno, co bylo pot\u0159eba, a\u00a0pak let\u011bla zase zp\u00e1tky a\u00a0hned se zapojila do tr\u00e9ninku,\u201c popisuje rozehr\u00e1va\u010dka hektick\u00e9 obdob\u00ed na konci \u010dervence.<\/p>\n<p><a data-dot=\"atm-link\" target=\"_self\" href=\"https:\/\/www.sport.cz\/clanek\/basketbal-od-maturity-na-svetovy-sampionat-ceska-debutantka-proziva-zivotni-leto-5525156\" class=\"b_V g_ia\" rel=\"nofollow noopener\"><img fetchpriority=\"high\" height=\"1687\" width=\"2249\" src=\"https:\/\/www.europesays.com\/cz\/wp-content\/uploads\/2026\/09\/1788385089_465_kalna-basketbal.jpeg\" loading=\"eager\" decoding=\"sync\" class=\"b_B b_z\"\/><\/a><\/p>\n<p class=\"b_bA\">Svatba s\u00a0basketbalistou Jakubem Joklem byla dlouho pl\u00e1novan\u00e1 a\u00a0ovlivnila i\u00a0Joklov\u00e9 draft do WNBA. \u201eM\u016fj po\u017eadavek byl, \u017ee m\u011b t\u00fdm vezme s\u00a0t\u00edm, \u017ee m\u011b pust\u00ed na svatbu. Ob\u011btovali jsme tomu hodn\u011b, a\u00a0je\u0161t\u011b ne\u017e jsem v\u011bd\u011bla, \u017ee p\u016fjdu do z\u00e1mo\u0159\u00ed, tak bylo t\u011b\u017ek\u00e9 naj\u00edt v\u00a0na\u0161em kalend\u00e1\u0159i n\u011bjak\u00fd term\u00edn, kdy by mohla cel\u00e1 rodina,\u201c vysv\u011btluje basketbalistka.<\/p>\n<p><img height=\"2085\"   width=\"2715\" src=\"https:\/\/www.europesays.com\/cz\/wp-content\/uploads\/2026\/09\/joklova-basketbal-hamzova.jpeg\" loading=\"eager\" decoding=\"sync\" class=\"b_B b_z\"\/>Foto: CZ.BASKETBALL\/V\u00e1clav Mudra<\/p>\n<p class=\"b_bA\">Nov\u00e9 jm\u00e9no v\u00a0\u010desk\u00e9 reprezentaci &#8211; po svatb\u011b je z\u00a0Eli\u0161ky Hamzov\u00e9 Joklov\u00e1<\/p>\n<p class=\"b_bA\">V\u0161echno nakonec vy\u0161lo a\u00a0Joklov\u00e1 si sv\u016fj velk\u00fd den u\u017eila. \u201eNic bych nem\u011bnila, bylo to p\u0159esn\u011b tak, jak jsem si p\u0159edstavovala,\u201c culila se dnes u\u017e vdan\u00e1 pan\u00ed. V\u00a0n\u00e1rodn\u00edm t\u00fdmu je jedinou hr\u00e1\u010dkou s\u00a0t\u00edmto statusem, skloubit man\u017eelsk\u00fd \u017eivot s\u00a0kari\u00e9rou v\u00a0z\u00e1mo\u0159\u00ed je ale n\u00e1ro\u010dn\u00e9. \u201eMan\u017eel za mnou jezd\u00ed, sna\u017e\u00edme se tak jednou za p\u011bt t\u00fddn\u016f, aby dorazil. Ale \u0159ekli jsme si, \u017ee to je na p\u0159echodnou dobu, tak to n\u011bjak zvl\u00e1dneme,\u201c p\u0159ibli\u017euje Joklov\u00e1.<\/p>\n<p class=\"b_bA\">P\u0159edstavy o\u00a0dal\u0161\u00ed sezon\u011b zat\u00edm nem\u00e1. \u201eZat\u00edm ani nev\u00edme, co bude po sezon\u011b v\u00a0Americe. Nen\u00ed to \u00fapln\u011b jednoduch\u00e9 v\u00a0tomhle obdob\u00ed, nap\u0159\u00edklad p\u0159em\u00fd\u0161let i\u00a0o n\u011bjak\u00e9m evropsk\u00e9m anga\u017em\u00e1,\u201c p\u0159em\u00edt\u00e1 basketbalistka. \u201eUvid\u00edme, kdybych dostala \u0161anci ve WNBA i\u00a0na p\u0159\u00ed\u0161t\u00ed rok, tak bychom to s\u00a0man\u017eelem asi u\u017e \u0159e\u0161ili n\u011bjak jinak. Ale te\u010f jsme na to byli p\u0159ipraveni, \u017ee by to mohlo p\u0159ij\u00edt,\u201c dod\u00e1v\u00e1 Joklov\u00e1, kter\u00e1 bude m\u00edt podporu man\u017eela i\u00a0na sv\u011btov\u00e9m \u0161ampion\u00e1tu v\u00a0Berl\u00edn\u011b.<\/p>\n<p><a data-dot=\"atm-link\" target=\"_self\" href=\"https:\/\/www.sport.cz\/clanek\/basketbal-opora-ceskeho-narodaku-ma-na-svetovem-sampionatu-specialni-podporu-5524651\" class=\"b_V g_ia\" rel=\"nofollow noopener\"><img height=\"1377\" width=\"1836\" src=\"https:\/\/www.europesays.com\/cz\/wp-content\/uploads\/2026\/09\/1788385091_961_holesinska-basketbal.jpeg\" loading=\"eager\" decoding=\"sync\" class=\"b_B b_z\"\/><\/a><\/p>\n","protected":false},"excerpt":{"rendered":"Berl\u00edn (od na\u0161\u00ed zpravodajky)\u00a0\u2013 Hned po fin\u00e1le \u010desk\u00e9 basketbalov\u00e9 ligy zam\u00ed\u0159ila do WNBA, kde pro\u0161la kempem a\u00a0nastupuje za&hellip;\n","protected":false},"author":2,"featured_media":200499,"comment_status":"","ping_status":"","sticky":false,"template":"","format":"standard","meta":{"footnotes":"","_share_on_mastodon":"0"},"categories":[15],"tags":[1085,6304,45869,2425,94,93,1776],"class_list":["post-200498","post","type-post","status-publish","format-standard","has-post-thumbnail","category-sport","tag-basketbal","tag-eliska-hamzova","tag-mistrovstvi-sveta-v-basketbalu-zen","tag-reprezentace","tag-sport","tag-sports","tag-svatba"],"share_on_mastodon":{"url":"https:\/\/pubeurope.com\/@cz\/117203613271472440","error":""},"_links":{"self":[{"href":"https:\/\/www.europesays.com\/cz\/wp-json\/wp\/v2\/posts\/200498","targetHints":{"allow":["GET"]}}],"collection":[{"href":"https:\/\/www.europesays.com\/cz\/wp-json\/wp\/v2\/posts"}],"about":[{"href":"https:\/\/www.europesays.com\/cz\/wp-json\/wp\/v2\/types\/post"}],"author":[{"embeddable":true,"href":"https:\/\/www.europesays.com\/cz\/wp-json\/wp\/v2\/users\/2"}],"replies":[{"embeddable":true,"href":"https:\/\/www.europesays.com\/cz\/wp-json\/wp\/v2\/comments?post=200498"}],"version-history":[{"count":0,"href":"https:\/\/www.europesays.com\/cz\/wp-json\/wp\/v2\/posts\/200498\/revisions"}],"wp:featuredmedia":[{"embeddable":true,"href":"https:\/\/www.europesays.com\/cz\/wp-json\/wp\/v2\/media\/200499"}],"wp:attachment":[{"href":"https:\/\/www.europesays.com\/cz\/wp-json\/wp\/v2\/media?parent=200498"}],"wp:term":[{"taxonomy":"category","embeddable":true,"href":"https:\/\/www.europesays.com\/cz\/wp-json\/wp\/v2\/categories?post=200498"},{"taxonomy":"post_tag","embeddable":true,"href":"https:\/\/www.europesays.com\/cz\/wp-json\/wp\/v2\/tags?post=200498"}],"curies":[{"name":"wp","href":"https:\/\/api.w.org\/{rel}","templated":true}]}}