{"id":200516,"date":"2026-09-02T22:04:18","date_gmt":"2026-09-02T22:04:18","guid":{"rendered":"https:\/\/www.europesays.com\/cz\/200516\/"},"modified":"2026-09-02T22:04:18","modified_gmt":"2026-09-02T22:04:18","slug":"zaplnene-anglicke-veznice-predelaji-pradelny-na-nove-cely","status":"publish","type":"post","link":"https:\/\/www.europesays.com\/cz\/200516\/","title":{"rendered":"Zapln\u011bn\u00e9 anglick\u00e9 v\u011bznice p\u0159ed\u011blaj\u00ed pr\u00e1delny na nov\u00e9 cely"},"content":{"rendered":"<p class=\"c_bB\">Z\u0159\u00edzen\u00ed nov\u00fdch cel podle ministerstva bude st\u00e1t p\u0159ibli\u017en\u011b 110\u00a0milion\u016f liber (3,1\u00a0miliardy korun), informuje <a data-dot=\"atm-link\" target=\"_blank\" rel=\"noopener nofollow\" href=\"https:\/\/www.bbc.com\/news\/articles\/ce8x543ddzjo\" class=\"c_I\">BBC<\/a>. <\/p>\n<p class=\"c_bB\">Po\u0159\u00edzeny maj\u00ed b\u00fdt z\u00a0pen\u011bz vyhrazen\u00fdch na vytvo\u0159en\u00ed 14\u00a0tis\u00edc nov\u00fdch v\u011bze\u0148sk\u00fdch m\u00edst do roku 2031, kdy celkov\u00e1 \u010d\u00e1stka \u010din\u00ed sedm\u00a0miliard liber (197,4\u00a0miliardy korun). Ministr spravedlnosti Alex Norris odhaduje, \u017ee p\u0159estavbami kancel\u00e1\u0159\u00ed a\u00a0pr\u00e1delen ve v\u011bzen\u00edch vznikne 200\u00a0a\u017e 900\u00a0nov\u00fdch m\u00edst.<\/p>\n<p class=\"c_bB\">\u201eSamoz\u0159ejm\u011b se ujist\u00edme, \u017ee v\u011bznice mohou st\u00e1le \u0159\u00e1dn\u011b fungovat. Je to kreativn\u00ed pohled, jak \u0159\u00edk\u00e1m, na na\u0161e panstv\u00ed a\u00a0mo\u017enost vyu\u017e\u00edt n\u011bjak\u00fd prostor, ze kter\u00e9ho m\u016f\u017eeme op\u011bt ud\u011blat prioritu,\u201c odpov\u011bd\u011bl Norris, kdy\u017e se jej novin\u00e1\u0159i ptali, kde budou v\u011bznice po p\u0159estavb\u011b pr\u00e1t pr\u00e1dlo.<\/p>\n<p><a data-dot=\"atm-link\" target=\"_self\" href=\"https:\/\/www.novinky.cz\/clanek\/zahranicni-birmingham-chce-soudne-zakazat-vyvesovani-britskych-vlajek-na-verejnem-osvetleni-40595079\" class=\"c_I\" rel=\"nofollow noopener\"><img fetchpriority=\"high\" height=\"1012\" width=\"1800\" src=\"https:\/\/www.europesays.com\/cz\/wp-content\/uploads\/2026\/09\/britska-vlajka-britanie-vlajka-union-jack-lampa.jpeg\" loading=\"eager\" decoding=\"sync\" class=\"c_t c_r\"\/><\/a><\/p>\n<p class=\"c_bB\">Pl\u00e1n na z\u0159\u00edzen\u00ed nov\u00fdch cel je jen jedn\u00edm z\u00a0krok\u016f, kter\u00fdmi se britsk\u00e1 vl\u00e1da sna\u017e\u00ed zabr\u00e1nit p\u0159epln\u011bn\u00ed v\u011bznic. Norris by m\u011bl nap\u0159\u00edklad informovat z\u00e1konod\u00e1rce o\u00a0pl\u00e1novan\u00fdch zm\u011bn\u00e1ch v\u00a0programu p\u0159ed\u010dasn\u00e9ho podm\u00edne\u010dn\u00e9ho propou\u0161t\u011bn\u00ed v\u011bz\u0148\u016f. <\/p>\n<p class=\"c_bB\">Ten zavedla p\u0159edchoz\u00ed labouristick\u00e1 vl\u00e1da veden\u00e1 Keirem Starmerem. Podle Norrise t\u00edm za dva roky v\u00a0britsk\u00fdch v\u011bznic\u00edch zajistila p\u0159es 3200\u00a0m\u00edst. Nov\u00fd britsk\u00fd premi\u00e9r Andy Burnham po n\u00e1stupu do funkce ov\u0161em pl\u00e1n p\u0159edchoz\u00ed vl\u00e1dy zp\u0159\u00edsnil. Nejprve zak\u00e1zal p\u0159ed\u010dasn\u00e9 podm\u00edne\u010dn\u00e9 propou\u0161t\u011bn\u00ed zlo\u010dinc\u016f odsouzen\u00fdch za zn\u00e1siln\u011bn\u00ed nebo sexu\u00e1ln\u00ed zlo\u010diny na d\u011btech. Pozd\u011bji ozn\u00e1mil, \u017ee podm\u00edne\u010dn\u011b propu\u0161t\u011bni nesm\u00ed b\u00fdt ani zlo\u010dinci odsouzen\u00ed za zabit\u00ed.<\/p>\n<p>Deportace zahrani\u010dn\u00edch v\u011bz\u0148\u016f?<\/p>\n<p class=\"c_bB\">Vzhledem k\u00a0tomu, \u017ee anglick\u00e9 a\u00a0vel\u0161sk\u00e9 v\u011bznice jsou v\u00a0sou\u010dasnosti zapln\u011bny z\u00a097\u00a0procent, panuj\u00ed obavy, \u017ee toto rozhodnut\u00ed povede k\u00a0jejich p\u0159epln\u011bn\u00ed. Britsk\u00fd premi\u00e9r ov\u0161em chce tyto z\u00e1kazy vykompenzovat deportacemi zahrani\u010dn\u00edch v\u011bz\u0148\u016f a\u00a0propu\u0161t\u011bn\u00edm n\u011bkter\u00fdch v\u011bz\u0148\u016f odsouzen\u00fdch na dobu neomezenou.<\/p>\n<p class=\"c_bB\">K 30.\u00a0\u010dervnu bylo v\u00a0anglick\u00fdch a\u00a0vel\u0161sk\u00fdch v\u011bznic\u00edch 10\u00a0134\u00a0cizinc\u016f, 3283\u00a0z\u00a0nich ale nelze deportovat, proto\u017ee jsou ve vazebn\u00edm st\u00edh\u00e1n\u00ed. Za p\u0159edchoz\u00edch dvan\u00e1ct m\u011bs\u00edc\u016f bylo z\u00a0ostrovn\u00ed zem\u011b deportov\u00e1no 5962\u00a0zahrani\u010dn\u00edch zlo\u010dinc\u016f, co\u017e je nejvy\u0161\u0161\u00ed po\u010det deportac\u00ed od roku 2017.<\/p>\n<p class=\"c_bB\">Neomezen\u00e9 tresty v\u00a0Brit\u00e1nii nejsou ud\u011blov\u00e1ny u\u017e od roku 2012, ale ve v\u011bzen\u00edch jsou st\u00e1le lid\u00e9, kte\u0159\u00ed je dostali. Byly ur\u010den\u00e9 pro jedince, kte\u0159\u00ed podle soudu p\u0159edstavovali nebezpe\u010d\u00ed pro ve\u0159ejnost. Propustit je mohl jen V\u00fdbor pro podm\u00edne\u010dn\u00e9 propu\u0161t\u011bn\u00ed, pokud by vyhodnotil, \u017ee u\u017e hrozbu nep\u0159edstavuj\u00ed. Proti tomu, \u017ee jich Burnham chce \u010d\u00e1st propustit, se stav\u00ed opozi\u010dn\u00ed konzervativci.<\/p>\n<p class=\"c_bB\">Vl\u00e1dn\u00ed p\u0159\u00edstup k\u00a0p\u0159epln\u011bnosti v\u011bznic zkritizoval i\u00a0p\u0159edseda odborov\u00e9ho svazu v\u011bze\u0148sk\u00fdch pracovn\u00edk\u016f Mark Fairhurst. Podle n\u011bj vl\u00e1da opom\u00edj\u00ed nedostatek v\u011bze\u0148sk\u00e9ho person\u00e1lu. <\/p>\n<p class=\"c_bB\">\u201eM\u016f\u017eete vytvo\u0159it tolik nov\u00fdch m\u00edst, kolik chcete, a\u00a0postavit tolik nov\u00fdch v\u011bznic, kolik chcete, ale kde vezmete person\u00e1l, kter\u00fd na ty lidi bude dohl\u00ed\u017eet? Dneska u\u017e dozorcem nikdo b\u00fdt nechce,\u201c uvedl Fairhurst.<\/p>\n<p><a data-dot=\"atm-link\" target=\"_self\" href=\"https:\/\/www.novinky.cz\/clanek\/zahranicni-amerika-britskeho-protimigracniho-radikala-usa-vyhostily-byl-tam-dlouho-odchytila-jej-ice-40595090\" class=\"c_I\" rel=\"nofollow noopener\"><img height=\"1687\" width=\"3000\" src=\"https:\/\/www.europesays.com\/cz\/wp-content\/uploads\/2026\/09\/8232.jpeg\" loading=\"eager\" decoding=\"sync\" class=\"c_t c_r\"\/><\/a><\/p>\n","protected":false},"excerpt":{"rendered":"Z\u0159\u00edzen\u00ed nov\u00fdch cel podle ministerstva bude st\u00e1t p\u0159ibli\u017en\u011b 110\u00a0milion\u016f liber (3,1\u00a0miliardy korun), informuje BBC. Po\u0159\u00edzeny maj\u00ed b\u00fdt z\u00a0pen\u011bz&hellip;\n","protected":false},"author":2,"featured_media":200517,"comment_status":"","ping_status":"","sticky":false,"template":"","format":"standard","meta":{"footnotes":"","_share_on_mastodon":"0"},"categories":[7],"tags":[26285,2110,43,42,41,40,7524,4483,1003,2669,25552,5331,1136,4484,7201],"class_list":["post-200516","post","type-post","status-publish","format-standard","has-post-thumbnail","category-cesko","tag-andy-burnham","tag-anglie","tag-ceska-republika","tag-cesko","tag-czech-republic","tag-czechia","tag-deportace","tag-dozorci","tag-keir-starmer","tag-konzervativci","tag-labouriste","tag-podminene-propusteni","tag-velka-britanie","tag-veznice","tag-wales"],"share_on_mastodon":{"url":"https:\/\/pubeurope.com\/@cz\/117203715375031780","error":""},"_links":{"self":[{"href":"https:\/\/www.europesays.com\/cz\/wp-json\/wp\/v2\/posts\/200516","targetHints":{"allow":["GET"]}}],"collection":[{"href":"https:\/\/www.europesays.com\/cz\/wp-json\/wp\/v2\/posts"}],"about":[{"href":"https:\/\/www.europesays.com\/cz\/wp-json\/wp\/v2\/types\/post"}],"author":[{"embeddable":true,"href":"https:\/\/www.europesays.com\/cz\/wp-json\/wp\/v2\/users\/2"}],"replies":[{"embeddable":true,"href":"https:\/\/www.europesays.com\/cz\/wp-json\/wp\/v2\/comments?post=200516"}],"version-history":[{"count":0,"href":"https:\/\/www.europesays.com\/cz\/wp-json\/wp\/v2\/posts\/200516\/revisions"}],"wp:featuredmedia":[{"embeddable":true,"href":"https:\/\/www.europesays.com\/cz\/wp-json\/wp\/v2\/media\/200517"}],"wp:attachment":[{"href":"https:\/\/www.europesays.com\/cz\/wp-json\/wp\/v2\/media?parent=200516"}],"wp:term":[{"taxonomy":"category","embeddable":true,"href":"https:\/\/www.europesays.com\/cz\/wp-json\/wp\/v2\/categories?post=200516"},{"taxonomy":"post_tag","embeddable":true,"href":"https:\/\/www.europesays.com\/cz\/wp-json\/wp\/v2\/tags?post=200516"}],"curies":[{"name":"wp","href":"https:\/\/api.w.org\/{rel}","templated":true}]}}