{"id":200526,"date":"2026-09-02T22:12:14","date_gmt":"2026-09-02T22:12:14","guid":{"rendered":"https:\/\/www.europesays.com\/cz\/200526\/"},"modified":"2026-09-02T22:12:14","modified_gmt":"2026-09-02T22:12:14","slug":"hongkongsky-prodemokraticky-aktivista-se-priznal-ke-spolceni-se-zahranicnimi-entitami","status":"publish","type":"post","link":"https:\/\/www.europesays.com\/cz\/200526\/","title":{"rendered":"Hongkongsk\u00fd prodemokratick\u00fd aktivista se p\u0159iznal ke spol\u010den\u00ed se zahrani\u010dn\u00edmi entitami"},"content":{"rendered":"<p class=\"c_bB\">Nyn\u00ed dev\u011btadvacetilet\u00fd Wong se do mezin\u00e1rodn\u00edho pov\u011bdom\u00ed dostal jako n\u00e1ctilet\u00fd \u010dlen skupiny mlad\u00fdch prodemokratick\u00fdch aktivist\u016f. Hongkongsk\u00e9 \u00fa\u0159ady prakticky ve\u0161ker\u00fd podobn\u00fd disent za posledn\u00edch \u0161est let uml\u010dely. Wong byl u\u017e v\u00a0roce 2020\u00a0odsouzen za spiknut\u00ed za \u00fa\u010delem podvratn\u00e9 \u010dinnosti. Jeho trest za tento zlo\u010din m\u011bl skon\u010dit v\u00a0lednu, informuje agentura <a data-dot=\"atm-link\" target=\"_blank\" rel=\"noopener nofollow\" href=\"https:\/\/www.reuters.com\/world\/hong-kong-activist-joshua-wong-pleads-guilty-collusion-with-foreign-entities-2026-09-02\/\" class=\"c_I\">Reuters<\/a>.<\/p>\n<p class=\"c_bB\">Ve st\u0159edu se ale p\u0159ed vl\u00e1dou dosazen\u00fdm soudcem pro z\u00e1le\u017eitosti n\u00e1rodn\u00ed bezpe\u010dnosti Williamem Tamem p\u0159iznal ke spol\u010den\u00ed se zahrani\u010dn\u00edmi entitami, za co\u017e mu hroz\u00ed do\u017eivot\u00ed. <\/p>\n<p class=\"c_bB\">Podle ob\u017ealoby se obvin\u011bn\u00ed v\u016f\u010di Wongovi v\u00e1\u017ee na mezin\u00e1rodn\u00ed medi\u00e1ln\u00ed a\u00a0politickou kampa\u0148 ji\u017e rozpu\u0161t\u011bn\u00e9 politick\u00e9 strany Demosisto, kter\u00e1 po\u017eadovala referendum o\u00a0suverenit\u011b Hongkongu. V\u00a0r\u00e1mci zm\u00edn\u011bn\u00e9 kampan\u011b podle \u017ealobc\u016f apelovala na uvalen\u00ed sankc\u00ed proti Hongkongu a\u00a0\u010c\u00edn\u011b.<\/p>\n<p class=\"c_bB\">Wongovi, kter\u00fd pat\u0159il k\u00a0l\u00eddr\u016fm zm\u00edn\u011bn\u00e9 strany, nyn\u00ed hroz\u00ed do\u017eivot\u00ed. Jeho advok\u00e1t ale soudce Tama po\u017e\u00e1dal, aby zvolil trest mezi t\u0159emi a\u00a0deseti lety odn\u011bt\u00ed svobody. P\u0159ipom\u00ednal p\u0159i tom, \u017ee jeho klient u\u017e ve v\u011bzen\u00ed str\u00e1vil \u0161est let a\u00a0jeho pochyben\u00ed nebylo z\u00e1va\u017en\u00e9. Wong by podle advok\u00e1ta cht\u011bl b\u00fdt eventu\u00e1ln\u011b propu\u0161t\u011bn, aby se mohl starat o\u00a0sv\u00e9 rodi\u010de. Soudce Tam uvedl, \u017ee o\u00a0d\u00e9lce trestu brzy rozhodne, ale datum dal\u0161\u00edho sly\u0161en\u00ed nestanovil.<\/p>\n<p class=\"c_bB\">Wong\u016fv p\u0159\u00edpad bedliv\u011b sleduj\u00ed mezin\u00e1rodn\u00ed lidskopr\u00e1vn\u00ed organizace i\u00a0z\u00e1padn\u00ed vl\u00e1dy. V\u00a0soudn\u00ed m\u00edstnosti bylo proto ve st\u0159edu p\u0159\u00edtomno n\u011bkolik z\u00e1padn\u00edch diplomat\u016f. Z\u00e1kon o\u00a0n\u00e1rodn\u00ed bezpe\u010dnosti, kter\u00fd byl pou\u017eit k\u00a0potla\u010den\u00ed prodemokratick\u00fdch aktivist\u016f a\u00a0protest\u016f, je podle z\u00e1padn\u00edch st\u00e1t\u016f poru\u0161en\u00edm autonomie, kterou Hongkongu v\u00a0roce 1997\u00a0sliboval Peking, kdy\u017e mu nad n\u00edm vl\u00e1du p\u0159edala Velk\u00e1 Brit\u00e1nie.<\/p>\n<p><a data-dot=\"atm-link\" target=\"_self\" href=\"https:\/\/www.novinky.cz\/clanek\/domaci-cesko-rusi-konzulat-v-hongkongu-40591357\" class=\"c_I\" rel=\"nofollow noopener\"><img fetchpriority=\"high\" height=\"2304\" width=\"4096\" src=\"https:\/\/www.europesays.com\/cz\/wp-content\/uploads\/2026\/09\/68ed.jpeg\" loading=\"eager\" decoding=\"sync\" class=\"c_t c_r\"\/><\/a><\/p>\n","protected":false},"excerpt":{"rendered":"Nyn\u00ed dev\u011btadvacetilet\u00fd Wong se do mezin\u00e1rodn\u00edho pov\u011bdom\u00ed dostal jako n\u00e1ctilet\u00fd \u010dlen skupiny mlad\u00fdch prodemokratick\u00fdch aktivist\u016f. Hongkongsk\u00e9 \u00fa\u0159ady prakticky&hellip;\n","protected":false},"author":2,"featured_media":200527,"comment_status":"","ping_status":"","sticky":false,"template":"","format":"standard","meta":{"footnotes":"","_share_on_mastodon":"0"},"categories":[11],"tags":[4444,202,417,5217,258,54,1136,1624,53,52],"class_list":["post-200526","post","type-post","status-publish","format-standard","has-post-thumbnail","category-svet","tag-aktiviste","tag-cina","tag-demokracie","tag-hongkong","tag-soud","tag-svet","tag-velka-britanie","tag-vezeni","tag-world","tag-world-news"],"share_on_mastodon":{"url":"https:\/\/pubeurope.com\/@cz\/117203746617860778","error":""},"_links":{"self":[{"href":"https:\/\/www.europesays.com\/cz\/wp-json\/wp\/v2\/posts\/200526","targetHints":{"allow":["GET"]}}],"collection":[{"href":"https:\/\/www.europesays.com\/cz\/wp-json\/wp\/v2\/posts"}],"about":[{"href":"https:\/\/www.europesays.com\/cz\/wp-json\/wp\/v2\/types\/post"}],"author":[{"embeddable":true,"href":"https:\/\/www.europesays.com\/cz\/wp-json\/wp\/v2\/users\/2"}],"replies":[{"embeddable":true,"href":"https:\/\/www.europesays.com\/cz\/wp-json\/wp\/v2\/comments?post=200526"}],"version-history":[{"count":0,"href":"https:\/\/www.europesays.com\/cz\/wp-json\/wp\/v2\/posts\/200526\/revisions"}],"wp:featuredmedia":[{"embeddable":true,"href":"https:\/\/www.europesays.com\/cz\/wp-json\/wp\/v2\/media\/200527"}],"wp:attachment":[{"href":"https:\/\/www.europesays.com\/cz\/wp-json\/wp\/v2\/media?parent=200526"}],"wp:term":[{"taxonomy":"category","embeddable":true,"href":"https:\/\/www.europesays.com\/cz\/wp-json\/wp\/v2\/categories?post=200526"},{"taxonomy":"post_tag","embeddable":true,"href":"https:\/\/www.europesays.com\/cz\/wp-json\/wp\/v2\/tags?post=200526"}],"curies":[{"name":"wp","href":"https:\/\/api.w.org\/{rel}","templated":true}]}}