{"id":200552,"date":"2026-09-02T22:32:20","date_gmt":"2026-09-02T22:32:20","guid":{"rendered":"https:\/\/www.europesays.com\/cz\/200552\/"},"modified":"2026-09-02T22:32:20","modified_gmt":"2026-09-02T22:32:20","slug":"jak-schillerova-bere-kobliham-argument","status":"publish","type":"post","link":"https:\/\/www.europesays.com\/cz\/200552\/","title":{"rendered":"Jak Schillerov\u00e1 bere koblih\u00e1m argument"},"content":{"rendered":"<p class=\"e_cz\">Na sam\u00e9m konci pr\u00e1zdnin jsme se dozv\u011bd\u011bli, jak\u00fd st\u00e1tn\u00ed rozpo\u010det n\u00e1s \u010dek\u00e1 v\u00a0p\u0159\u00ed\u0161t\u00edm roce. Pro dluhov\u00e9 skeptiky, kte\u0159\u00ed upozor\u0148uj\u00ed na nebezpe\u010dnou rychlost zadlu\u017eov\u00e1n\u00ed republiky to nebyla p\u0159\u00edli\u0161 pozitivn\u00ed informace. Babi\u0161\u016fv kabinet toti\u017e sestavil rozpo\u010det se schodkem 389\u00a0miliard korun. Co\u017e p\u0159\u00edli\u0161 neodpov\u00edd\u00e1 Babi\u0161ov\u00fdm p\u0159edpov\u011bd\u00edm, \u017ee deficit bude hluboko pod 400\u00a0miliardami. Ale na druhou stranu, 11\u00a0miliard nen\u00ed m\u00e1lo, patrn\u011b to vyd\u011bl\u00e1 m\u00e1lokdo z\u00a0n\u00e1s.<\/p>\n<p class=\"e_cz\">Mohli bychom s\u00a0klidem v\u00a0du\u0161i \u0159\u00edci, \u017ee tenhle rozpo\u010det nen\u00ed \u017e\u00e1dn\u00e1 sl\u00e1va. Naopak se jedn\u00e1 o\u00a0pom\u011brn\u011b vydatn\u00fd pr\u016f\u0161vih. O\u00a0co v\u00edce se budeme moci \u201enaj\u00edst\u201c p\u0159\u00ed\u0161t\u00ed rok, to si budeme muset odtrhnout od \u00fast, a\u017e naraz\u00edme do dluhov\u00e9 bari\u00e9ry. A\u00a0ta se nevyhnuteln\u011b bl\u00ed\u017e\u00ed. Tedy vyhnout bychom se j\u00ed mohli, kdybychom m\u011bli rozpo\u010dty odpov\u011bdn\u011bj\u0161\u00ed, ale zd\u00e1 se, \u017ee to se sou\u010dasn\u00e9 \u0161estikoalice p\u0159\u00edli\u0161 net\u00fdk\u00e1. Pravdou tak\u00e9 z\u016fst\u00e1v\u00e1, \u017ee se to net\u00fdk\u00e1 t\u00e9m\u011b\u0159 \u017e\u00e1dn\u00e9 polistopadov\u00e9 vl\u00e1dy.<\/p>\n<p class=\"e_cz\">O tam, jak je rozpo\u010det \u0161patn\u00fd, nech\u00e1me mluvit odborn\u00edky a\u00a0p\u0159edev\u0161\u00edm budoucnost, a\u017e to okus\u00edme na vlastn\u00ed k\u016f\u017ei. Co v\u0161ak m\u016f\u017eeme na vlastn\u00ed k\u016f\u017ei poc\u00edtit rovnou, nebo aspo\u0148 v\u00a0bl\u00edzk\u00e9 budoucnosti, je \u00fabytek argument\u016f od p\u0159\u00edznivc\u016f hnut\u00ed ANO.<\/p>\n<p class=\"e_cz\">T\u011bch argument\u016f, pro\u010d je jejich obl\u00edben\u00e1 strana lep\u0161\u00ed ne\u017e \u201ep\u011btidemolice,\u201c nebylo mnoho a\u00a0st\u00e1le dokola se opakovaly. Bitcoin, Kampeli\u010dka a\u00a0nejv\u011bt\u0161\u00ed zadlu\u017een\u00ed v\u00a0historii. Paradoxn\u011b p\u0159itom zapomn\u011bli na n\u011bkter\u00e9 dal\u0161\u00ed pr\u016f\u0161vihy Fialovy vl\u00e1dy. Bitcoin a\u00a0Kampeli\u010dka z\u016fst\u00e1vaj\u00ed. Spr\u00e1vkyn\u011b st\u00e1tn\u00ed kasy Alena Schillerov\u00e1 v\u0161ak ud\u011blala z\u00a0extr\u00e9mn\u00edho zadlu\u017een\u00ed Fialov\u00fdm hospoda\u0159en\u00edm naprosto ploch\u00fd argument, proto\u017ee nyn\u00ed se jasn\u011b uk\u00e1zalo, kdo je na sek\u00e1n\u00ed ob\u0159\u00edch schodk\u016f skute\u010dn\u00fd mistr.<\/p>\n<p class=\"e_cz\">Fial\u016fv kabinet vl\u00e1dl mezi lety 2022\u00a0\u2013 2025\u00a0se <a data-dot=\"atm-link\" target=\"_blank\" rel=\"ugc noopener nofollow\" href=\"https:\/\/zpravy.kurzy.cz\/785076-povodne-zaplavily-schodek-statniho-rozpoctu-co-bude-dal\/\" class=\"e_w\">schodky 360, 288, 252\u00a0a\u00a0290\u00a0miliard<\/a>. Dohromady to d\u00e1 \u201ekr\u00e1sn\u00fd\u201c jeden bilion a\u00a0190\u00a0miliard. Z\u00a0celkov\u00e9ho st\u00e1tn\u00edho dluhu <a data-dot=\"atm-link\" target=\"_blank\" rel=\"ugc noopener nofollow\" href=\"https:\/\/www.e-finance.eu\/blog\/cesky-statni-dluh-1-pololeti-2026-23258\/\" class=\"e_w\">3,727\u00a0bilionu<\/a> je to t\u00e9m\u011b\u0159 t\u0159etina, co\u017e je na pouh\u00e9 \u010dty\u0159i roky vl\u00e1dy opravdu d\u011bsiv\u00fd v\u00fdkon.<\/p>\n<p class=\"e_cz\">Jen\u017ee jestli\u017ee \u00e9ra Fialovy vl\u00e1dy byla j\u00edzda po rozbit\u00e9m tobog\u00e1nu, nyn\u00ed n\u00e1s \u010dek\u00e1 p\u0159\u00edmo propad do temn\u00fdch hlubin. Sou\u010dasn\u00fd rozpo\u010det na tento rok je je\u0161t\u011b z\u00a0velk\u00e9 \u010d\u00e1sti ovlivn\u011bn rozpo\u010dtem sestaven\u00fdm Zby\u0148kem Stanjurou a\u00a0p\u0159esto <a data-dot=\"atm-link\" target=\"_blank\" rel=\"ugc noopener nofollow\" href=\"https:\/\/mf.gov.cz\/cs\/ministerstvo\/media\/tiskove-zpravy\/2026\/snemovna-schvalila-zakon-o-statnim-rozpoctu-2026-63269\" class=\"e_w\">p\u0159es\u00e1hl schodek 310\u00a0miliard<\/a>. P\u0159\u00ed\u0161t\u00ed rok se zv\u00fd\u0161\u00ed je\u0161t\u011b o\u00a0dal\u0161\u00edch 69\u00a0miliard a\u00a0v\u016fbec nic nenasv\u011bd\u010duje tomu, \u017ee by se trend zvy\u0161ov\u00e1n\u00ed deficitu m\u011bl n\u011bjak m\u011bnit. Dokud m\u016f\u017eeme, budeme si p\u016fj\u010dovat. Slovy Feldkur\u00e1ta Katze: \u201eTo se n\u00e1m to hoduje, kdy\u017e n\u00e1m lidi puj\u010dujou.\u201c<\/p>\n<p class=\"e_cz\">I kdyby se Babi\u0161 dr\u017eel p\u0159i zemi na sou\u010dasn\u00fdch 310\u00a0miliard\u00e1ch, za \u010dty\u0159i roky p\u0159ekon\u00e1 Fial\u016fv dluh o\u00a050\u00a0miliard. Ve chv\u00edli, kdy u\u017e na p\u0159\u00ed\u0161t\u00ed rok navrhuje Schillerov\u00e1 rozpo\u010det se schodkem o\u00a070\u00a0miliard vy\u0161\u0161\u00edm, je naprosto jasn\u00e9, kdo bude rekordmanem ve vytv\u00e1\u0159en\u00ed dluhu. Proto by ve vlastn\u00edm z\u00e1jmu fanou\u0161ci hnut\u00ed ANO nem\u011bli o\u00a0schodc\u00edch st\u00e1tn\u00edho rozpo\u010dtu rad\u011bji v\u016fbec mluvit. Co\u017e jim jist\u011b zp\u016fsob\u00ed velk\u00e9 mrzen\u00ed, nebo\u0165 argument\u016f, pro\u010d byla Fialova vl\u00e1da nejhor\u0161\u00ed v\u00a0historii, u\u017e mnoho nezbyde.<\/p>\n<p class=\"e_cz\">Dalo by se \u0159\u00edci, \u017ee zat\u00edmco v\u00a0opozici Babi\u0161 a\u00a0jeho nohsledi kritizovali Fialovu vl\u00e1du a\u00a0ka\u017ed\u00fd jej\u00ed krok, v\u010detn\u011b n\u00e1vrh\u016f rozpo\u010dt\u016f, p\u011bkn\u011b d\u016fkladn\u011b kritizovali, nyn\u00ed se sami dostali do situace, kdy za st\u00e1tn\u00ed rozpo\u010det odpov\u00eddaj\u00ed oni. A\u00a0jak vidno, moc jim to nejde. A\u00a0to p\u0159esto, \u017ee velmi pravd\u011bpodobn\u011b p\u0159est\u0159elili odhad p\u0159\u00edjm\u016f z\u00a0EET 2, kde po\u010d\u00edtaj\u00ed s\u00a0p\u0159\u00edjmem zhruba 14,4\u00a0miliardy, zat\u00edmco ekonomov\u00e9 jsou daleko <a data-dot=\"atm-link\" target=\"_blank\" rel=\"ugc noopener nofollow\" href=\"https:\/\/www.podnikatel.cz\/clanky\/proc-je-nutne-brat-studii-ktery-odhaduje-prinosy-eet-na-14-mld-kc-s-rezervou\/\" class=\"e_w\">skepti\u010dt\u011bj\u0161\u00ed<\/a>.<\/p>\n<p class=\"e_cz\">A\u010dkoliv to nejlep\u0161\u00ed, co mohla Babi\u0161ova vl\u00e1da ud\u011blat, je to, \u017ee nepln\u00ed sv\u00e9 rok star\u00e9 p\u0159edvolebn\u00ed sliby, st\u00e1le se jedn\u00e1 o\u00a0vl\u00e1du populistickou. Vl\u00e1du, od n\u00ed\u017e ob\u010dan\u00e9 neo\u010dek\u00e1vaj\u00ed utahov\u00e1n\u00ed opask\u016f. Proto byly n\u011bjak\u00e9 ty \u201ed\u00e1rky\u201c nezbytn\u00e9 a\u00a0proto Babi\u0161 s\u00e1hl po kroc\u00edch, kter\u00e9 mohou ob\u010dany t\u011b\u0161it, pokud neberou ohledy na budoucnost. Odpu\u0161t\u011bn\u00ed televizn\u00edch poplatk\u016f, nav\u00fd\u0161en\u00ed plat\u016f ve st\u00e1tn\u00ed sf\u00e9\u0159e, valorizace d\u016fchod\u016f, \u00fahrada poplatk\u016f za obnoviteln\u00e9 zdroje. To v\u0161echno jsou kroky, kter\u00e9 lidem u\u0161et\u0159\u00ed pen\u00edze. Za cenu projeden\u00ed vlastn\u00ed budoucnosti se nyn\u00ed m\u016f\u017eeme lidov\u011b \u0159e\u010deno roz\u0161oupnout. Prost\u011b si na to p\u016fj\u010d\u00edme, stejn\u011b jako si mnoz\u00ed nezodpov\u011bdn\u00ed ob\u010dan\u00e9 p\u016fj\u010duj\u00ed na dovolenou. Princip je vlastn\u011b stejn\u00fd.<\/p>\n<p class=\"e_cz\">Bylo zcela legitimn\u00ed kritizovat vl\u00e1du Petra Fialy za to, \u017ee se ke st\u00e1tn\u00edm financ\u00edm chov\u00e1 nezodpov\u011bdn\u011b. Jist\u011b by se tehdy na\u0161ly \u00faspory, aby rozpo\u010dty vypadaly o\u00a0n\u011bco l\u00e9pe. Ostatn\u011b NERV jich <a data-dot=\"atm-link\" target=\"_blank\" rel=\"ugc noopener nofollow\" href=\"https:\/\/www.ceskenoviny.cz\/zpravy\/2469568\" class=\"e_w\">doporu\u010dil mnoho<\/a>. Jen\u017ee zcela nelegitimn\u00ed je tato kritika od fanou\u0161k\u016f hnut\u00ed ANO, naz\u00fdvan\u00fdm pejorativn\u011b kobl\u00ed\u017eci, nebo\u0165 ten, koho h\u00e1j\u00ed, d\u011bl\u00e1 do rozpo\u010dtu daleko v\u011bt\u0161\u00ed d\u00edru, ne\u017e Fiala.<\/p>\n<p class=\"e_cz\">PS: Koblihami \u010di kobl\u00ed\u017eky jsou v\u00a0textu naz\u00fdv\u00e1ni fanati\u010dt\u00ed voli\u010di Andreje Babi\u0161e, kte\u0159\u00ed ztratili pojem o\u00a0realit\u011b, informace sb\u00edraj\u00ed pouze z\u00a0kan\u00e1lu \u010caulidi a\u00a0Sorryjako, p\u0159\u00edpadn\u011b instagramov\u00fdch vide\u00ed Alena Schillerov\u00e9 a\u00a0kte\u0159\u00ed fanaticky h\u00e1j\u00ed hnut\u00ed ANO \u201edo roztrh\u00e1n\u00ed t\u011bla.\u201c V\u0161ech ostatn\u00edch voli\u010d\u016f hnut\u00ed ANO, kte\u0159\u00ed to tak nemaj\u00ed, si v\u00e1\u017e\u00edm.<\/p>\n<p>Anketa<\/p>\n<p>Je hor\u0161\u00ed hospod\u00e1\u0159 Babi\u0161 nebo Fiala?<\/p>\n<p>Celkem<br \/>\n\t\t\t\thlasovalo<br \/>\n\t\t\t\t527<br \/>\n\t\t\t\t\u010dten\u00e1\u0159\u016f.<\/p>\n<p class=\"e_cz\">Zdroj: Diskuse na soci\u00e1ln\u00edch s\u00edt\u00edch.<\/p>\n","protected":false},"excerpt":{"rendered":"Na sam\u00e9m konci pr\u00e1zdnin jsme se dozv\u011bd\u011bli, jak\u00fd st\u00e1tn\u00ed rozpo\u010det n\u00e1s \u010dek\u00e1 v\u00a0p\u0159\u00ed\u0161t\u00edm roce. Pro dluhov\u00e9 skeptiky, kte\u0159\u00ed&hellip;\n","protected":false},"author":2,"featured_media":200553,"comment_status":"","ping_status":"","sticky":false,"template":"","format":"standard","meta":{"footnotes":"","_share_on_mastodon":"0"},"categories":[10],"tags":[266,648,883,17,21,650,1016,16,3672,174,137,10331,649,3737,3502,18,19,22,562,3964,20],"class_list":["post-200552","post","type-post","status-publish","format-standard","has-post-thumbnail","category-zpravy","tag-andrej-babis","tag-dluhy","tag-finance","tag-headlines","tag-hlavni-udalosti","tag-lide","tag-nazor","tag-news","tag-petr-fiala","tag-politika","tag-rozpocet","tag-schodek-statniho-rozpoctu","tag-spolecnost","tag-statni-dluh","tag-statni-rozpocet","tag-top-news","tag-top-stories","tag-udalosti-dne","tag-vlada-andreje-babise","tag-vlada-petra-fialy","tag-zpravy"],"share_on_mastodon":{"url":"https:\/\/pubeurope.com\/@cz\/117203824989457432","error":""},"_links":{"self":[{"href":"https:\/\/www.europesays.com\/cz\/wp-json\/wp\/v2\/posts\/200552","targetHints":{"allow":["GET"]}}],"collection":[{"href":"https:\/\/www.europesays.com\/cz\/wp-json\/wp\/v2\/posts"}],"about":[{"href":"https:\/\/www.europesays.com\/cz\/wp-json\/wp\/v2\/types\/post"}],"author":[{"embeddable":true,"href":"https:\/\/www.europesays.com\/cz\/wp-json\/wp\/v2\/users\/2"}],"replies":[{"embeddable":true,"href":"https:\/\/www.europesays.com\/cz\/wp-json\/wp\/v2\/comments?post=200552"}],"version-history":[{"count":0,"href":"https:\/\/www.europesays.com\/cz\/wp-json\/wp\/v2\/posts\/200552\/revisions"}],"wp:featuredmedia":[{"embeddable":true,"href":"https:\/\/www.europesays.com\/cz\/wp-json\/wp\/v2\/media\/200553"}],"wp:attachment":[{"href":"https:\/\/www.europesays.com\/cz\/wp-json\/wp\/v2\/media?parent=200552"}],"wp:term":[{"taxonomy":"category","embeddable":true,"href":"https:\/\/www.europesays.com\/cz\/wp-json\/wp\/v2\/categories?post=200552"},{"taxonomy":"post_tag","embeddable":true,"href":"https:\/\/www.europesays.com\/cz\/wp-json\/wp\/v2\/tags?post=200552"}],"curies":[{"name":"wp","href":"https:\/\/api.w.org\/{rel}","templated":true}]}}