{"id":200580,"date":"2026-09-02T23:02:10","date_gmt":"2026-09-02T23:02:10","guid":{"rendered":"https:\/\/www.europesays.com\/cz\/200580\/"},"modified":"2026-09-02T23:02:10","modified_gmt":"2026-09-02T23:02:10","slug":"vuelta-2026-11-etapa-brennan-slavi-uz-treti-vitezstvi","status":"publish","type":"post","link":"https:\/\/www.europesays.com\/cz\/200580\/","title":{"rendered":"Vuelta 2026 | 11. etapa: Brennan slav\u00ed u\u017e t\u0159et\u00ed v\u00edt\u011bzstv\u00ed"},"content":{"rendered":"<p class=\"b_bA\">Tra\u0165 byla jako d\u011blan\u00e1 pro elitn\u00ed sprintery, pr\u016fb\u011bh tak kontroloval Brennan\u016fv t\u00fdm Visma\u00a0\u2013 Lease a\u00a0Bike a\u00a0Coquard\u016fv Cofidis. Peloton docvakl \u010dtve\u0159ici uprchl\u00edk\u016f u\u017e 91\u00a0kilometr\u016f p\u0159ed c\u00edlem. N\u00e1sledn\u011b se hlavn\u00ed skupina na chv\u00edli rozd\u011blila kv\u016fli siln\u00e9mu bo\u010dn\u00edmu v\u011btru, ale po chv\u00edli se ob\u011b \u010d\u00e1sti znovu spojily.<\/p>\n<p class=\"b_bA\">V jedin\u00e9m stoup\u00e1n\u00ed dne za\u00fato\u010dil Wout van Aert, jen\u017e vedle zelen\u00e9ho trikotu bojuje i\u00a0o punt\u00edkat\u00fd dres nejlep\u0161\u00edho vrcha\u0159e. Belgi\u010dan pak hr\u00e1l kl\u00ed\u010dovou roli i\u00a0v z\u00e1v\u011bru. Posledn\u00ed zat\u00e1\u010dku sice neprojel v\u00a0ide\u00e1ln\u00ed stop\u011b, p\u0159esto do c\u00edlov\u00e9 rovinky vyj\u00ed\u017ed\u011bl z\u00a0prvn\u00edho m\u00edsta a\u00a0p\u0159ichystal ide\u00e1ln\u00ed pozici pro t\u00fdmov\u00e9ho kolegu Brennana.<\/p>\n<p class=\"b_bA\">P\u00e1t\u00fd nejmlad\u0161\u00ed cyklista v\u00a0cel\u00e9m startovn\u00edm poli zvl\u00e1dl fini\u0161 v\u00fdte\u010dn\u011b a\u00a0konkurenty op\u011bt nechal za sebou. \u201eByli jsme znovu dost iniciativn\u00ed. Sna\u017eili jsme se ud\u011blat t\u011b\u017ek\u00fd z\u00e1vod. Kluci \u0161lapali par\u00e1dn\u011b, v\u00fdborn\u011b mi p\u0159ipravili pozici. A\u00a0vyplatilo se, tak\u017ee jsem moc \u0161\u0165astn\u00fd,\u201c pochvaloval si Brennan.<\/p>\n<p class=\"b_bA\">Rod\u00e1k z\u00a0Darlingtonu pro\u017e\u00edv\u00e1 snovou premi\u00e9ru na Vuelt\u011b. \u201eJe to obrovsk\u00fd \u00fasp\u011bch. Jsem v\u00a0t\u00fdmu pln\u00e9m \u0161ampion\u016f a\u00a0je \u00fa\u017easn\u00e9 vid\u011bt, \u017ee se pro m\u011b ob\u011btuj\u00ed,\u201c oce\u0148oval.<\/p>\n<p class=\"b_bA\">Jedin\u00fd \u010desk\u00fd z\u00e1stupce Jan Hirt dojel v\u00a0pelotonu ve stejn\u00e9m \u010dase jako v\u00edt\u011bz na 71.\u00a0m\u00edst\u011b a\u00a0v pr\u016fb\u011b\u017en\u00e9m po\u0159ad\u00ed se dr\u017e\u00ed na 22.\u00a0p\u0159\u00ed\u010dce. St\u00e1le vede \u0160pan\u011bl Mas o\u00a078\u00a0sekund p\u0159ed Slovincem Primo\u017eem Rogli\u010dem.<\/p>\n<p class=\"b_bA\">Ve \u010dtvrtek znovu p\u016fjdou do akce jezdci na celkov\u00e9 po\u0159ad\u00ed. Prov\u011b\u0159\u00ed je p\u011bt hodnocen\u00fdch stoup\u00e1n\u00ed a\u00a0n\u00e1ro\u010dn\u00e9 v\u00fd\u0161lapy v\u00a0poho\u0159\u00ed Sierra de los Filabres s\u00a0c\u00edlem na Calar Alto.<\/p>\n<p>Cyklistick\u00fd z\u00e1vod Vuelta &#8211; 11. etapa (Cartagena &#8211; Lorca, 153,8 km):1. Brennan (Brit.\/Visma-Lease a Bike) 3:17:182. Coquard (Fr.\/Cofidis)3. Meeus (Belg.\/Red Bull-Bora hansgrohe)4. Cort (D\u00e1n.\/Uno-X Mobility)5. Van Aert (Belg.\/Visma-Lease a Bike)6. Hofstetter (Fr.\/NSN)&#8230;71. HIRT (\u010cR\/NSN) v\u0161ichni stejn\u00fd \u010das.Pr\u016fb\u011b\u017en\u00e9 po\u0159ad\u00ed: 1. Mas (\u0160p.\/Movistar) 35:59:022. Rogli\u010d (Slovin.\/Red Bull-BORA-hansgrohe) -1:183. Gall (Rak.\/Decathlon CMA CGM) -1:394. Onley (Brit.\/Netcompany INEOS) -2:205. Carapaz (Ekv.\/EF Education-EasyPost) -3:266. Skjelmose (D\u00e1n.\/Lidl-Trek) -3:55,&#8230;22. HIRT 31:05.Vuelta 2026<\/p>\n<p class=\"b_bA\">V po\u0159ad\u00ed t\u0159et\u00ed cyklistick\u00fd etapov\u00fd z\u00e1vod z\u00a0elitn\u00ed s\u00e9rie <a data-dot=\"atm-link\" target=\"_blank\" href=\"https:\/\/www.sport.cz\/tag\/grand-tours-80977\" class=\"b_V\" rel=\"nofollow noopener\">Grand Tour<\/a> se jede od 22.\u00a0srpna do 13.\u00a0z\u00e1\u0159\u00ed 2026.\u00a0Nejv\u011bt\u0161\u00edm favoritem na v\u00edt\u011bzstv\u00ed byl slovinsk\u00fd z\u00e1vodn\u00edk <a data-dot=\"atm-link\" target=\"_blank\" href=\"https:\/\/www.sport.cz\/tag\/tadej-pogacar-108491\" class=\"b_V\" rel=\"nofollow noopener\">Tadej Poga\u010dar<\/a>, v\u00a0osm\u00e9 etap\u011b ale po p\u00e1du odstoupil. Na startu nechyb\u00ed ani \u010desk\u00fd z\u00e1stupce <a data-dot=\"atm-link\" target=\"_blank\" href=\"https:\/\/www.sport.cz\/tag\/jan-hirt-14605\" class=\"b_V\" rel=\"nofollow noopener\">Jan Hirt<\/a>.<\/p>\n<p><a data-dot=\"atm-link\" target=\"_self\" href=\"https:\/\/www.sport.cz\/clanek\/cyklistika-vuelta-prisla-o-dalsi-velke-jmeno-5524922\" class=\"b_V g_ia\" rel=\"nofollow noopener\"><img fetchpriority=\"high\" height=\"2730\" width=\"3641\" src=\"https:\/\/www.europesays.com\/cz\/wp-content\/uploads\/2026\/09\/1788390130_534_cyklistika-vuelta-mads-pedersen.jpeg\" loading=\"eager\" decoding=\"sync\" class=\"b_B b_z\"\/><\/a><\/p>\n","protected":false},"excerpt":{"rendered":"Tra\u0165 byla jako d\u011blan\u00e1 pro elitn\u00ed sprintery, pr\u016fb\u011bh tak kontroloval Brennan\u016fv t\u00fdm Visma\u00a0\u2013 Lease a\u00a0Bike a\u00a0Coquard\u016fv Cofidis. Peloton&hellip;\n","protected":false},"author":2,"featured_media":200581,"comment_status":"","ping_status":"","sticky":false,"template":"","format":"standard","meta":{"footnotes":"","_share_on_mastodon":"0"},"categories":[15],"tags":[4967,44614,94,93,24093],"class_list":["post-200580","post","type-post","status-publish","format-standard","has-post-thumbnail","category-sport","tag-cyklistika","tag-matthew-brennan","tag-sport","tag-sports","tag-vuelta-a-espana"],"share_on_mastodon":{"url":"https:\/\/pubeurope.com\/@cz\/117203943518319957","error":""},"_links":{"self":[{"href":"https:\/\/www.europesays.com\/cz\/wp-json\/wp\/v2\/posts\/200580","targetHints":{"allow":["GET"]}}],"collection":[{"href":"https:\/\/www.europesays.com\/cz\/wp-json\/wp\/v2\/posts"}],"about":[{"href":"https:\/\/www.europesays.com\/cz\/wp-json\/wp\/v2\/types\/post"}],"author":[{"embeddable":true,"href":"https:\/\/www.europesays.com\/cz\/wp-json\/wp\/v2\/users\/2"}],"replies":[{"embeddable":true,"href":"https:\/\/www.europesays.com\/cz\/wp-json\/wp\/v2\/comments?post=200580"}],"version-history":[{"count":0,"href":"https:\/\/www.europesays.com\/cz\/wp-json\/wp\/v2\/posts\/200580\/revisions"}],"wp:featuredmedia":[{"embeddable":true,"href":"https:\/\/www.europesays.com\/cz\/wp-json\/wp\/v2\/media\/200581"}],"wp:attachment":[{"href":"https:\/\/www.europesays.com\/cz\/wp-json\/wp\/v2\/media?parent=200580"}],"wp:term":[{"taxonomy":"category","embeddable":true,"href":"https:\/\/www.europesays.com\/cz\/wp-json\/wp\/v2\/categories?post=200580"},{"taxonomy":"post_tag","embeddable":true,"href":"https:\/\/www.europesays.com\/cz\/wp-json\/wp\/v2\/tags?post=200580"}],"curies":[{"name":"wp","href":"https:\/\/api.w.org\/{rel}","templated":true}]}}