{"id":200584,"date":"2026-09-02T23:08:17","date_gmt":"2026-09-02T23:08:17","guid":{"rendered":"https:\/\/www.europesays.com\/cz\/200584\/"},"modified":"2026-09-02T23:08:17","modified_gmt":"2026-09-02T23:08:17","slug":"testujeme-nove-skodovky-peaq-a-epiq-ptejte-se-co-vas-zajima","status":"publish","type":"post","link":"https:\/\/www.europesays.com\/cz\/200584\/","title":{"rendered":"Testujeme nov\u00e9 \u0161kodovky Peaq a Epiq. Ptejte se, co v\u00e1s zaj\u00edm\u00e1"},"content":{"rendered":"<p>Zanedlouho se jako jedni z\u00a0prvn\u00edch novin\u00e1\u0159\u016f posad\u00edme za volant epiqu a peaqu, alespo\u0148 nakr\u00e1tko p\u0159i dynamick\u00e9 prezentaci. Pokus\u00edme se naj\u00edt odpov\u011bdi na ot\u00e1zky, kter\u00e1 n\u00e1m nap\u00ed\u0161ete do soboty do 18. hodiny.<\/p>\n<p>Jezdili jsme s\u00a0nimi v\u00a0maskov\u00e1n\u00ed, nyn\u00ed to u\u017e budou produk\u010dn\u00ed verze ve sv\u00e9 vlastn\u00ed k\u016f\u017ei. O co jde? O nov\u00e9 elektrick\u00e9 \u0161kodovky Peaq a Epiq. Automobilka po\u0159\u00e1d\u00e1 mezin\u00e1rodn\u00ed j\u00edzdn\u00ed prezentaci, a tak budeme mezi prvn\u00edmi novin\u00e1\u0159i na sv\u011bt\u011b, kte\u0159\u00ed se posad\u00ed za volant skute\u010dn\u011b produk\u010dn\u00edch verz\u00ed tak, jak si je budou moci z\u00e1kazn\u00edci koupit.<\/p>\n<p><a class=\"article-card__image\" data-ac-image=\"\" href=\"https:\/\/www.auto.cz\/nejdrazsi-elektricka-skoda-je-tady-peaq-odveze-sedm-dospelych-a-matrixy-ma-v-zakladu-161425\" title=\"Nejdra\u017e\u0161\u00ed elektrick\u00e1 \u0160koda je tady! Peaq odveze sedm dosp\u011bl\u00fdch a matrixy m\u00e1 v z\u00e1kladu\" rel=\"nofollow noopener\" target=\"_blank\"><img decoding=\"async\" alt=\"Nejdra\u017e\u0161\u00ed elektrick\u00e1 \u0160koda je tady! Peaq odveze sedm dosp\u011bl\u00fdch a matrixy m\u00e1 v z\u00e1kladu\" title=\"Nejdra\u017e\u0161\u00ed elektrick\u00e1 \u0160koda je tady! Peaq odveze sedm dosp\u011bl\u00fdch a matrixy m\u00e1 v z\u00e1kladu\" class=\"\" data-magazine=\"\" src=\"https:\/\/www.europesays.com\/cz\/wp-content\/uploads\/2026\/09\/9884614.jpg\" loading=\"lazy\" style=\"aspect-ratio: 328 \/ 184\"\/><\/a><a class=\"article-card__title-link line-limit-3\" data-ac-title=\"\" href=\"https:\/\/www.auto.cz\/nejdrazsi-elektricka-skoda-je-tady-peaq-odveze-sedm-dospelych-a-matrixy-ma-v-zakladu-161425\" title=\"Nejdra\u017e\u0161\u00ed elektrick\u00e1 \u0160koda je tady! Peaq odveze sedm dosp\u011bl\u00fdch a matrixy m\u00e1 v z\u00e1kladu\" rel=\"nofollow noopener\" target=\"_blank\">Nejdra\u017e\u0161\u00ed elektrick\u00e1 \u0160koda je tady! Peaq odveze sedm dosp\u011bl\u00fdch a matrixy m\u00e1 v z\u00e1kladu<\/a><\/p>\n<p>Jeden z\u00a0nich je mal\u00fdm elektromobilem na platform\u011b MEB+, kter\u00fd ale nab\u00edz\u00ed \u0159adu praktick\u00fdch \u0159e\u0161en\u00ed, dostatek m\u00edsta pro \u010dty\u0159i cestuj\u00edc\u00ed a vybav\u00edte-li ho spr\u00e1vn\u011b, tak\u00e9 p\u0159edn\u00ed zavazadeln\u00edk. Ten druh\u00fd zase nejv\u011bt\u0161\u00ed elektromobil zna\u010dky, sedm m\u00edst k\u00a0sezen\u00ed a docela slu\u0161nou d\u00e1vku komfortu \u2013 alespo\u0148 staticky. Jak komfortn\u00ed je p\u0159i j\u00edzd\u011b, zjist\u00edme u\u017e za n\u011bkolik dn\u016f.<\/p>\n<p><a class=\"article-card__image\" data-ac-image=\"\" href=\"https:\/\/www.auto.cz\/skoda-epiq-je-tady-nejlevnejsi-elektro-z-boleslavi-ma-nejlepsi-asistenty-161008\" title=\"\u0160koda Epiq je tady! Nejlevn\u011bj\u0161\u00ed elektro z Boleslavi m\u00e1 nejlep\u0161\u00ed asistenty\" rel=\"nofollow noopener\" target=\"_blank\"><img decoding=\"async\" alt=\"\u0160koda Epiq je tady! Nejlevn\u011bj\u0161\u00ed elektro z Boleslavi m\u00e1 nejlep\u0161\u00ed asistenty\" title=\"\u0160koda Epiq je tady! Nejlevn\u011bj\u0161\u00ed elektro z Boleslavi m\u00e1 nejlep\u0161\u00ed asistenty\" class=\"\" data-magazine=\"\" src=\"https:\/\/www.europesays.com\/cz\/wp-content\/uploads\/2026\/09\/9845786.jpg\" loading=\"lazy\" style=\"aspect-ratio: 328 \/ 184\"\/><\/a><a class=\"article-card__title-link line-limit-3\" data-ac-title=\"\" href=\"https:\/\/www.auto.cz\/skoda-epiq-je-tady-nejlevnejsi-elektro-z-boleslavi-ma-nejlepsi-asistenty-161008\" title=\"\u0160koda Epiq je tady! Nejlevn\u011bj\u0161\u00ed elektro z Boleslavi m\u00e1 nejlep\u0161\u00ed asistenty\" rel=\"nofollow noopener\" target=\"_blank\">\u0160koda Epiq je tady! Nejlevn\u011bj\u0161\u00ed elektro z Boleslavi m\u00e1 nejlep\u0161\u00ed asistenty<\/a><\/p>\n<p>To d\u00e1v\u00e1 p\u0159\u00edle\u017eitost v\u00e1m, \u010dten\u00e1\u0159\u016fm Auto.cz, se zeptat na to, co v\u00e1s zaj\u00edm\u00e1 \u2013 a my se pokus\u00edme naj\u00edt odpov\u011bdi. P\u0159i j\u00edzdn\u00ed prezentaci nenajezd\u00edme vysok\u00e9 stovky kilometr\u016f a nebude prostor vyzkou\u0161et rychlost nab\u00edjen\u00ed, ani t\u0159eba, jak v\u016fz sv\u00edt\u00ed ve tm\u011b \u010di jak si porad\u00ed s mlhou. Tyto ot\u00e1zky zodpov\u00ed a\u017e klasick\u00fd t\u00fddenn\u00ed test. \u0158adu jin\u00fdch v\u011bc\u00ed v\u0161ak zjistit dok\u00e1\u017eeme, anebo se na n\u011b um\u00edme vyptat.<\/p>\n<p>Pokus\u00edme se odpov\u011bd\u011bt na ot\u00e1zky, kter\u00e9 nap\u00ed\u0161ete do koment\u00e1\u0159\u016f pod tento \u010dl\u00e1nek do 18:00 v\u00a0sobotu 5. z\u00e1\u0159\u00ed.<\/p>\n<p><img decoding=\"async\" src=\"https:\/\/www.europesays.com\/cz\/wp-content\/uploads\/2026\/09\/1788390497_211_retina.jpg\" alt=\"Video placeholder\" class=\"gvjp-video-placeholder\"\/><\/p>\n<p>\n\t\t\t\tPremi\u00e9ra \u0160kody Peaq v \u017denev\u011b \u2022 auto.cz\/Marek Bedn\u00e1\u0159\n\t\t\t<\/p>\n<p>Zdroj: Autorsk\u00fd text | foto: \u0160koda | video: Marek Bedn\u00e1\u0159\/Auto.cz<\/p>\n","protected":false},"excerpt":{"rendered":"Zanedlouho se jako jedni z\u00a0prvn\u00edch novin\u00e1\u0159\u016f posad\u00edme za volant epiqu a peaqu, alespo\u0148 nakr\u00e1tko p\u0159i dynamick\u00e9 prezentaci. Pokus\u00edme&hellip;\n","protected":false},"author":2,"featured_media":200585,"comment_status":"","ping_status":"","sticky":false,"template":"","format":"standard","meta":{"footnotes":"","_share_on_mastodon":"0"},"categories":[10],"tags":[3208,251,6250,17,21,16,6251,768,2133,2895,14712,18,19,22,424,20],"class_list":["post-200584","post","type-post","status-publish","format-standard","has-post-thumbnail","category-zpravy","tag-alternativni-pohony","tag-elektromobil","tag-epiq","tag-headlines","tag-hlavni-udalosti","tag-news","tag-peaq","tag-redakcni-video","tag-skoda","tag-skoda-epiq","tag-skoda-peaq","tag-top-news","tag-top-stories","tag-udalosti-dne","tag-video","tag-zpravy"],"share_on_mastodon":{"url":"https:\/\/pubeurope.com\/@cz\/117203966886229196","error":""},"_links":{"self":[{"href":"https:\/\/www.europesays.com\/cz\/wp-json\/wp\/v2\/posts\/200584","targetHints":{"allow":["GET"]}}],"collection":[{"href":"https:\/\/www.europesays.com\/cz\/wp-json\/wp\/v2\/posts"}],"about":[{"href":"https:\/\/www.europesays.com\/cz\/wp-json\/wp\/v2\/types\/post"}],"author":[{"embeddable":true,"href":"https:\/\/www.europesays.com\/cz\/wp-json\/wp\/v2\/users\/2"}],"replies":[{"embeddable":true,"href":"https:\/\/www.europesays.com\/cz\/wp-json\/wp\/v2\/comments?post=200584"}],"version-history":[{"count":0,"href":"https:\/\/www.europesays.com\/cz\/wp-json\/wp\/v2\/posts\/200584\/revisions"}],"wp:featuredmedia":[{"embeddable":true,"href":"https:\/\/www.europesays.com\/cz\/wp-json\/wp\/v2\/media\/200585"}],"wp:attachment":[{"href":"https:\/\/www.europesays.com\/cz\/wp-json\/wp\/v2\/media?parent=200584"}],"wp:term":[{"taxonomy":"category","embeddable":true,"href":"https:\/\/www.europesays.com\/cz\/wp-json\/wp\/v2\/categories?post=200584"},{"taxonomy":"post_tag","embeddable":true,"href":"https:\/\/www.europesays.com\/cz\/wp-json\/wp\/v2\/tags?post=200584"}],"curies":[{"name":"wp","href":"https:\/\/api.w.org\/{rel}","templated":true}]}}