{"id":200602,"date":"2026-09-02T23:35:18","date_gmt":"2026-09-02T23:35:18","guid":{"rendered":"https:\/\/www.europesays.com\/cz\/200602\/"},"modified":"2026-09-02T23:35:18","modified_gmt":"2026-09-02T23:35:18","slug":"velky-prestizni-prestup-pro-cesko-martin-jahn-miri-z-vedeni-skody-primo-do-predstavenstva-volkswagenu","status":"publish","type":"post","link":"https:\/\/www.europesays.com\/cz\/200602\/","title":{"rendered":"Velk\u00fd presti\u017en\u00ed p\u0159estup pro \u010cesko. Martin Jahn m\u00ed\u0159\u00ed z veden\u00ed \u0160kody p\u0159\u00edmo do p\u0159edstavenstva Volkswagenu"},"content":{"rendered":"<p>Jedin\u00fd \u010cech v p\u0159edstavenstvu <a href=\"https:\/\/www.e15.cz\/byznys\/prumysl-a-energetika\/nemecko-v-problemech-cesko-prekvapuje-co-stoji-za-necekanym-vzestupem-tuzemskych-fabrik-1435349\" rel=\"nofollow noopener\" target=\"_blank\">\u0160kody Auto<\/a> Martin Jahn, kter\u00fd je odpov\u011bdn\u00fd za prodej a marketing, bude od \u0159\u00edjna jmenovan\u00fd \u010dlenem p\u0159edstavenstva pro prodej, marketing a after sales zna\u010dky Volkswagen v n\u011bmeck\u00e9m Wolfsburgu. V p\u0159edstavenstvu \u0160kody jej nahrad\u00ed dosavadn\u00ed p\u0159edsedkyn\u011b p\u0159edstavenstva a v\u00fdkonn\u00e1 \u0159editelka Volkswagen Group Africa Martina Bieneov\u00e1. Jahn je z\u00e1rove\u0148 nominovan\u00fd do dozor\u010d\u00ed rady \u0160kody. \u0160koda Auto a sestersk\u00fd Volkswagen to dnes ozn\u00e1mily v tiskov\u00fdch zpr\u00e1v\u00e1ch.<\/p>\n<p>\u201eMartin Jahn b\u011bhem sv\u00e9ho p\u016fsoben\u00ed v\u00fdznamn\u011b p\u0159isp\u011bl k rozvoji a \u00fasp\u011bchu spole\u010dnosti \u0160koda Auto. Pod jeho veden\u00edm jsme se stali druhou nejprod\u00e1van\u011bj\u0161\u00ed zna\u010dkou v Evrop\u011b, \u00fasp\u011b\u0161n\u011b uvedli na\u0161e pln\u011b elektrick\u00e9 vozy, vybudovali prodejn\u00ed organizaci je\u0161t\u011b v\u00edce orientovanou na z\u00e1kazn\u00edka s p\u0159\u00edstupem Human Touch typick\u00fdm pro zna\u010dku \u0160koda, p\u0159edstavili novou korpor\u00e1tn\u00ed identitu odr\u00e1\u017eej\u00edc\u00ed na\u0161e ambice a zv\u00fd\u0161ili hodnotu na\u0161\u00ed zna\u010dky,\u201c uvedl p\u0159edseda p\u0159edstavenstva Klaus Zellmer.<\/p>\n<p>\u017d\u00e1dn\u00fd \u010cech ve \u0160kodovce<\/p>\n<p>Po Jahnov\u011b odchodu z dozor\u010d\u00ed rady \u0160kodovky v n\u00ed po 15 letech nebude zasedat \u017e\u00e1dn\u00fd \u010cech.<\/p>\n<p>Bieneov\u00e1 po sv\u00e9m n\u00e1stupu do koncernu Volkswagen v roce 2001 zast\u00e1vala r\u016fzn\u00e9 pozice, mimo jin\u00e9 v oblasti strategie a prodeje pr\u00e9miov\u00fdch voz\u016f, p\u016fsobila jako oblastn\u00ed mana\u017eerka prodeje pro Belgii a Lucembursko, vedouc\u00ed produktov\u00e9ho pl\u00e1nov\u00e1n\u00ed pro N\u011bmecko,vedouc\u00ed glob\u00e1ln\u00edho produktov\u00e9ho marketingu a vedouc\u00ed zna\u010dky Volkswagen v Jihoafrick\u00e9 republice. V srpnu 2020 byla jmenov\u00e1na do pozice vedouc\u00ed produktov\u00e9 \u0159ady mal\u00fdch a kompaktn\u00edch voz\u016f Volkswagen. Od z\u00e1\u0159\u00ed 2022 p\u016fsob\u00ed jako p\u0159edsedkyn\u011b p\u0159edstavenstva a v\u00fdkonn\u00e1 \u0159editelka Volkswagen Group Africa.<\/p>\n<p>Jahn p\u016fsob\u00ed v koncernu Volkswagen 20 let. Svou kari\u00e9ru zah\u00e1jil v roce 1994 v agentu\u0159e CzechInvest, \u010desk\u00e9 vl\u00e1dn\u00ed agentu\u0159e pro zahrani\u010dn\u00ed investice, a po veden\u00ed americk\u00e9ho zastoupen\u00ed agentury v Chicagu se v roce 2000 stal jej\u00edm gener\u00e1ln\u00edm \u0159editelem. V letech 2004 a\u017e 2006 byl m\u00edstop\u0159edsedou vl\u00e1dy pro ekonomiku.<\/p>\n<p>V roce 2006 nastoupil do \u0160koda Auto v Mlad\u00e9 Boleslavi jako \u010dlen p\u0159edstavenstva pro oblast lidsk\u00fdch zdroj\u016f. Roku 2008 byl Jahn jmenov\u00e1n v\u00fdkonn\u00fdm \u0159editelem Volkswagen Group Rusko v Moskv\u011b, kde odpov\u00eddal za koncernov\u00fd prodej. V roce 2010 se stal v\u00fdkonn\u00fdm \u0159editelem mezin\u00e1rodn\u00edho fleetov\u00e9ho obchodu koncernu Volkswagen ve Wolfsburgu, kde m\u011bl na starosti \u0159\u00edzen\u00ed glob\u00e1ln\u00edho koncernov\u00e9ho prodeje. Od roku 2016 p\u016fsobil v \u010c\u00edn\u011b jako v\u00fdkonn\u00fd viceprezident pro prodej a marketing a v\u00fdkonn\u00fd \u0159editel zna\u010dky Volkswagen ve spole\u010dnosti FAW-VW. V b\u0159eznu 2021 se znovu p\u0159ipojil ke \u0160koda Auto jako \u010dlen p\u0159edstavenstva pro prodej a marketing.<\/p>\n<p>Koncern Volkswagen postihla krize, jeho veden\u00ed chyst\u00e1 rozs\u00e1hlou restrukturalizaci. V p\u00e1tek podle\u00a0<a href=\"https:\/\/www.wiwo.de\/unternehmen\/auto\/vw-geheimpapier-das-steht-in-volkswagens-vertraulichem-bericht-zum-konzeptbeschluss\/100250907.html\" target=\"_blank\" rel=\"noopener nofollow\">webu<\/a>\u00a0WirtschaftsWoche navrhne na zased\u00e1n\u00ed dozor\u010d\u00ed rady uzav\u0159en\u00ed \u010dty\u0159 z\u00e1vod\u016f v N\u011bmecku. V sou\u010dasnosti m\u00e1 v N\u011bmecku deset tov\u00e1ren, v nich\u017e se vyr\u00e1b\u00ed vozy zna\u010dky Volkswagen, dva z\u00e1vody zna\u010dky Audi a dv\u011b v\u00fdrobn\u00ed tov\u00e1rny automobilky Porsche.<\/p>\n<p>VIDEO:\u00a0Fabia za 400 tis\u00edc je minulost\u00ed. Nebudeme nejlevn\u011bj\u0161\u00ed, bereme z\u00e1kazn\u00edky BMW i\u00a0Tesle, \u0159\u00edk\u00e1 Jahn ze \u0160kody Auto<\/p>\n<p><img decoding=\"async\" src=\"https:\/\/www.europesays.com\/cz\/wp-content\/uploads\/2026\/09\/1788392118_615_retina.jpg\" alt=\"Video placeholder\" class=\"gvjp-video-placeholder\"\/><\/p>\n<p>\n\t\t\t\tFLOW: Fabia za 400 tis\u00edc je minulost. Nebudeme nejlevn\u011bj\u0161\u00ed, bereme z\u00e1kazn\u00edky BMW i Tesly, \u0159\u00edk\u00e1 Jahn ze \u0160kody Auto \u2022 e15\n\t\t\t<\/p>\n","protected":false},"excerpt":{"rendered":"Jedin\u00fd \u010cech v p\u0159edstavenstvu \u0160kody Auto Martin Jahn, kter\u00fd je odpov\u011bdn\u00fd za prodej a marketing, bude od \u0159\u00edjna&hellip;\n","protected":false},"author":2,"featured_media":200603,"comment_status":"","ping_status":"","sticky":false,"template":"","format":"standard","meta":{"footnotes":"","_share_on_mastodon":"0"},"categories":[10],"tags":[10511,68,106,17,21,13439,16,28982,317,18,19,22,1351,9117,20],"class_list":["post-200602","post","type-post","status-publish","format-standard","has-post-thumbnail","category-zpravy","tag-automobilka","tag-byznys","tag-evropa","tag-headlines","tag-hlavni-udalosti","tag-martin-jahn","tag-news","tag-prestup","tag-skoda-auto","tag-top-news","tag-top-stories","tag-udalosti-dne","tag-volkswagen","tag-wolfsburg","tag-zpravy"],"share_on_mastodon":{"url":"https:\/\/pubeurope.com\/@cz\/117204072947765981","error":""},"_links":{"self":[{"href":"https:\/\/www.europesays.com\/cz\/wp-json\/wp\/v2\/posts\/200602","targetHints":{"allow":["GET"]}}],"collection":[{"href":"https:\/\/www.europesays.com\/cz\/wp-json\/wp\/v2\/posts"}],"about":[{"href":"https:\/\/www.europesays.com\/cz\/wp-json\/wp\/v2\/types\/post"}],"author":[{"embeddable":true,"href":"https:\/\/www.europesays.com\/cz\/wp-json\/wp\/v2\/users\/2"}],"replies":[{"embeddable":true,"href":"https:\/\/www.europesays.com\/cz\/wp-json\/wp\/v2\/comments?post=200602"}],"version-history":[{"count":0,"href":"https:\/\/www.europesays.com\/cz\/wp-json\/wp\/v2\/posts\/200602\/revisions"}],"wp:featuredmedia":[{"embeddable":true,"href":"https:\/\/www.europesays.com\/cz\/wp-json\/wp\/v2\/media\/200603"}],"wp:attachment":[{"href":"https:\/\/www.europesays.com\/cz\/wp-json\/wp\/v2\/media?parent=200602"}],"wp:term":[{"taxonomy":"category","embeddable":true,"href":"https:\/\/www.europesays.com\/cz\/wp-json\/wp\/v2\/categories?post=200602"},{"taxonomy":"post_tag","embeddable":true,"href":"https:\/\/www.europesays.com\/cz\/wp-json\/wp\/v2\/tags?post=200602"}],"curies":[{"name":"wp","href":"https:\/\/api.w.org\/{rel}","templated":true}]}}