{"id":200608,"date":"2026-09-02T23:44:21","date_gmt":"2026-09-02T23:44:21","guid":{"rendered":"https:\/\/www.europesays.com\/cz\/200608\/"},"modified":"2026-09-02T23:44:21","modified_gmt":"2026-09-02T23:44:21","slug":"do-casti-ceska-se-vrati-tropy-o-vikendu-zahrozi-i-bourky-radar-ukazuje-zda-uderi-i-u-vas","status":"publish","type":"post","link":"https:\/\/www.europesays.com\/cz\/200608\/","title":{"rendered":"Do \u010d\u00e1sti \u010ceska se vr\u00e1t\u00ed tropy, o v\u00edkendu zahroz\u00ed i bou\u0159ky. RADAR ukazuje, zda ude\u0159\u00ed i u v\u00e1s"},"content":{"rendered":"<p>\n                        Po zbytek pracovn\u00edho t\u00fddne bude na v\u011bt\u0161in\u011b \u00fazem\u00ed jasno a\u017e polojasno. Sr\u00e1\u017eky se o\u010dek\u00e1vaj\u00ed jen ojedin\u011ble a nejvy\u0161\u0161\u00ed denn\u00ed teploty se budou pohybovat mezi 21 a 25 stupni, v p\u00e1tek se na Morav\u011b dostanou a\u017e na tropickou t\u0159ic\u00edtku. Sobota pak bude de\u0161tiv\u00e1 a p\u0159ij\u00edt mohou i bou\u0159ky. Koncem t\u00fddne se po\u010das\u00ed op\u011bt zklidn\u00ed. Vypl\u00fdv\u00e1 to z p\u0159edpov\u011bdi \u010cesk\u00e9ho hydrometeorologick\u00e9ho \u00fastavu (\u010cHM\u00da).\n                    <\/p>\n<p>Ve st\u0159edu dopoledne bude na v\u011bt\u0161in\u011b \u00fazem\u00ed skoro jasno a\u017e polojasno, b\u011bhem dne bude od z\u00e1padu p\u0159ib\u00fdvat obla\u010dnosti. P\u0159eh\u00e1\u0148ky se ov\u0161em vyskytnou ojedin\u011ble a pouze na hor\u00e1ch. \u201eNad severn\u00edmi \u010cechami je\u0161t\u011b dozn\u00edvaj\u00ed. Teploty dnes o\u010dek\u00e1v\u00e1me mezi 21 a 25 stupni Celsia,\u201c uvedla ve vys\u00edl\u00e1n\u00ed CNN Prima NEWS meteorolo\u017eka Michaela Gal\u00e1\u0159ov\u00e1.<\/p>\n<p>\u010cT\u011aTE TAK\u00c9: <a target=\"_blank\" href=\"https:\/\/cnn.iprima.cz\/houbarske-zne-v-cesku-musel-jsem-do-lesa-s-koleckem-rika-muz-mapa-ukazuje-kde-vsude-rostou-520658\" rel=\"nofollow noopener\">Houba\u0159sk\u00e9 \u017en\u011b v \u010cesku: Musel jsem do lesa s kole\u010dkem, \u0159\u00edk\u00e1 mu\u017e. MAPA ukazuje, kde v\u0161ude rostou.<\/a><\/p>\n<p>\u010ctvrte\u010dn\u00ed po\u010das\u00ed bude obdobn\u00e9ho r\u00e1zu. Obla\u010dnosti p\u0159ibude od severoz\u00e1padu a m\u00edsty m\u016f\u017ee b\u00fdt i zata\u017eeno. Na \u010d\u00e1sti \u00fazem\u00ed se pak p\u0159id\u00e1 tak\u00e9 slab\u00fd d\u00e9\u0161\u0165, a to zejm\u00e9na na severu. Denn\u00ed maxima se znovu udr\u017e\u00ed mezi 21 a 25 stupni, pouze na Morav\u011b se mohou vy\u0161plhat a\u017e k 27 stup\u0148\u016fm.<\/p>\n<p>Situaci ve sv\u00e9m kraji m\u016f\u017eete sledovat prost\u0159ednictv\u00edm radaru:<\/p>\n<p>Pozn.: K zobrazen\u00ed aktu\u00e1ln\u00ed situace rozklikn\u011bte na radaru v lev\u00e9m horn\u00edm rohu p\u0159\u00edslu\u0161nou kategorii. Na \u010dasov\u00e9 ose ve spodn\u00ed \u010d\u00e1sti si pak zvolte den a hodinu, kter\u00e9 v\u00e1s zaj\u00edmaj\u00ed.<\/p>\n<p>V\u00a0p\u00e1tek se v\u00a0\u010cesku lehce otepl\u00ed a na Morav\u011b se teploty dostanou a\u017e na tropickou t\u0159ic\u00edtku. Ve zbytku republiky se udr\u017e\u00ed pod 28 stupni. Meteorologov\u00e9 po\u010d\u00edtaj\u00ed s\u00a0jasnou a\u017e polojasnou oblohou. Zpo\u010d\u00e1tku ov\u0161em na severu a severov\u00fdchod\u011b zata\u017eeno s\u00a0ojedin\u011bl\u00fdmi p\u0159eh\u00e1\u0148kami.<\/p>\n<p>Aktu\u00e1ln\u00ed p\u0159edpov\u011b\u010f po\u010das\u00ed:<\/p>\n<p>Sobota bude de\u0161tiv\u00e1 a mohou se p\u0159idat i bou\u0159ky. \u201eOd severoz\u00e1padu bude p\u0159echodn\u011b obla\u010dno a\u017e zata\u017eeno a na v\u011bt\u0161in\u011b \u00fazem\u00ed d\u00e9\u0161\u0165 nebo p\u0159eh\u00e1\u0148ky, ojedin\u011ble bou\u0159ky,\u201c popsali odborn\u00edci z \u010cHM\u00da. Denn\u00ed maxima se budou pohybovat mezi 21 a 25 stupni, nejtepleji bude na jihu a jihov\u00fdchod\u011b, a to a\u017e 28 stup\u0148\u016f.<\/p>\n<p class=\"intro-title-mobile\">\n        \u010ct\u011bte tak\u00e9\n    <\/p>\n<p>        <a href=\"https:\/\/cnn.iprima.cz\/teploty-porostou-az-k-tropicke-tricitce-pak-prijde-nahly-zlom-meteorologove-rekli-kdy-opet-dorazi-bourky-520634\" class=\"image-link\" rel=\"nofollow noopener\" target=\"_blank\"><\/p>\n<p>            <img decoding=\"async\" loading=\"lazy\" class=\"image\" src=\"https:\/\/www.europesays.com\/cz\/wp-content\/uploads\/2026\/09\/1788392661_82_b403456a9b92dbeceb2b4c30d8653423.jpg\" alt=\"Letn\u00ed teploty vyst\u0159\u00eddaj\u00ed v \u010cesku sobotn\u00ed de\u0161t\u011b. (Ilustra\u010dn\u00ed foto)\"\/><\/p>\n<p>            <\/a><\/p>\n<p class=\"intro-title-desktop\">\n            \u010ct\u011bte tak\u00e9\n        <\/p>\n<p>                <a href=\"https:\/\/cnn.iprima.cz\/teploty-porostou-az-k-tropicke-tricitce-pak-prijde-nahly-zlom-meteorologove-rekli-kdy-opet-dorazi-bourky-520634\" class=\"title-link\" rel=\"nofollow noopener\" target=\"_blank\"><\/p>\n<p class=\"title\">\n                Sledujte RADAR: P\u0159ijde radik\u00e1ln\u00ed zlom. Meteorologov\u00e9 \u0159ekli, kdy znovu ude\u0159\u00ed bou\u0159ky\n            <\/p>\n<p>        <\/a><\/p>\n<p>                                                                                                1. z\u00e1\u0159 2026, 09:21<\/p>\n<p>                6 min \u010dten\u00ed<\/p>\n<p>V ned\u011bli se obloha op\u011bt projasn\u00ed, r\u00e1no se ov\u0161em mohou tvo\u0159it mlhy. P\u0159es den se pak teploty vyhoupnou a\u017e na 25 stup\u0148\u016f Celsia. Za\u010d\u00e1tkem pracovn\u00edho t\u00fddne pak bude jasno a\u017e polojasno. Ojedin\u011ble se na na\u0161em \u00fazem\u00ed mohou vyskytnout p\u0159eh\u00e1\u0148ky.<\/p>\n<p>MOHLO V\u00c1M UNIKNOUT: <a target=\"_blank\" href=\"https:\/\/cnn.iprima.cz\/myty-o-houbach-480293\" rel=\"nofollow noopener\">Nebezpe\u010dn\u00e9 m\u00fdty o houb\u00e1ch: Neposuzujte jedovatost podle barvy, varuje mykolog<\/a><\/p>\n","protected":false},"excerpt":{"rendered":"Po zbytek pracovn\u00edho t\u00fddne bude na v\u011bt\u0161in\u011b \u00fazem\u00ed jasno a\u017e polojasno. Sr\u00e1\u017eky se o\u010dek\u00e1vaj\u00ed jen ojedin\u011ble a nejvy\u0161\u0161\u00ed&hellip;\n","protected":false},"author":2,"featured_media":200609,"comment_status":"","ping_status":"","sticky":false,"template":"","format":"standard","meta":{"footnotes":"","_share_on_mastodon":"0"},"categories":[10],"tags":[3862,42,1843,17,21,2770,16,255,45908,1440,44597,18,19,22,20],"class_list":["post-200608","post","type-post","status-publish","format-standard","has-post-thumbnail","category-zpravy","tag-bourka","tag-cesko","tag-cesky-hydrometeorologicky-ustav","tag-headlines","tag-hlavni-udalosti","tag-morava","tag-news","tag-pocasi","tag-pracovni-tyden","tag-predpoved-pocasi","tag-severni-cechy","tag-top-news","tag-top-stories","tag-udalosti-dne","tag-zpravy"],"share_on_mastodon":{"url":"https:\/\/pubeurope.com\/@cz\/117204108649009695","error":""},"_links":{"self":[{"href":"https:\/\/www.europesays.com\/cz\/wp-json\/wp\/v2\/posts\/200608","targetHints":{"allow":["GET"]}}],"collection":[{"href":"https:\/\/www.europesays.com\/cz\/wp-json\/wp\/v2\/posts"}],"about":[{"href":"https:\/\/www.europesays.com\/cz\/wp-json\/wp\/v2\/types\/post"}],"author":[{"embeddable":true,"href":"https:\/\/www.europesays.com\/cz\/wp-json\/wp\/v2\/users\/2"}],"replies":[{"embeddable":true,"href":"https:\/\/www.europesays.com\/cz\/wp-json\/wp\/v2\/comments?post=200608"}],"version-history":[{"count":0,"href":"https:\/\/www.europesays.com\/cz\/wp-json\/wp\/v2\/posts\/200608\/revisions"}],"wp:featuredmedia":[{"embeddable":true,"href":"https:\/\/www.europesays.com\/cz\/wp-json\/wp\/v2\/media\/200609"}],"wp:attachment":[{"href":"https:\/\/www.europesays.com\/cz\/wp-json\/wp\/v2\/media?parent=200608"}],"wp:term":[{"taxonomy":"category","embeddable":true,"href":"https:\/\/www.europesays.com\/cz\/wp-json\/wp\/v2\/categories?post=200608"},{"taxonomy":"post_tag","embeddable":true,"href":"https:\/\/www.europesays.com\/cz\/wp-json\/wp\/v2\/tags?post=200608"}],"curies":[{"name":"wp","href":"https:\/\/api.w.org\/{rel}","templated":true}]}}