{"id":200612,"date":"2026-09-02T23:52:08","date_gmt":"2026-09-02T23:52:08","guid":{"rendered":"https:\/\/www.europesays.com\/cz\/200612\/"},"modified":"2026-09-02T23:52:08","modified_gmt":"2026-09-02T23:52:08","slug":"motoristy-dohnaly-jejich-sliby-o-rozpoctu-babis-se-jim-utrhl-ze-retezu-rikaji-experti-idnes-cz","status":"publish","type":"post","link":"https:\/\/www.europesays.com\/cz\/200612\/","title":{"rendered":"Motoristy dohnaly jejich sliby o rozpo\u010dtu, Babi\u0161 se jim utrhl ze \u0159et\u011bzu, \u0159\u00edkaj\u00ed experti &#8211; iDNES.cz"},"content":{"rendered":"<p><a href=\"https:\/\/news.google.com\/rss\/articles\/CBMiuAFBVV95cUxPZXFzNjkzUFJzbFNvZ1R2MGpnUG5fMHYyaG1jclp2ZXNqYUxJaWgtNVRpZDNNYkpWREcxWG8xZElrZnJyNTBoT2kycVdNSzR1ZldzZkJ4SUxodUducVAxVW1kYVRXMmZPVnJ5UDgtMnFEWUpkb3M4RXBPaG85SnNsR1NQSnN6YUgycHM5dkczTjR5TVdhcENpeU9IUVpIZ1piR1gtZEhyeC1CZXdYYnhjZU9uUWVjMndZ?oc=5\" target=\"_blank\" rel=\"nofollow noopener\">Motoristy dohnaly jejich sliby o rozpo\u010dtu, Babi\u0161 se jim utrhl ze \u0159et\u011bzu, \u0159\u00edkaj\u00ed experti<\/a>&nbsp;&nbsp;iDNES.cz<a href=\"https:\/\/news.google.com\/rss\/articles\/CBMi0gFBVV95cUxNMGRRZTF6ZmM1T2JjdTFMQi03LUlLaGtiYkxodFNHSFBVVFhnSlBNMGhaNmRrY2VrM01QZTdzVnRObGUyWjhka09QTnU0dFkta0hldHdfMGtvSk53UWdEMjlLUzRkRkpkeng0RDlmcG5POXJqQ2ZvSXlKRDloRFdDNWlyWUhaTE9wY0cyV25oQ1QzLWpXYnAzVUZzMGtOaS1KdGlqUm9wWkp1WDRUYXVGalU2R1YyUzV6M0tDNzlOTTNkN3ZyODVoMXZQUnV3VWE2b2c?oc=5\" target=\"_blank\" rel=\"nofollow noopener\">Vl\u00e1da n\u00e1s vede k ot\u0159esu. \u00daroky vysko\u010dily nejrychleji ze v\u0161ech, varuje Kalousek<\/a>&nbsp;&nbsp;Seznam Zpr\u00e1vy<a href=\"https:\/\/news.google.com\/rss\/articles\/CBMi2gFBVV95cUxNOEVQMS1tazZMeGJUOEFjNWNmWDVpY01WTUpxMXVhSldOMnd2ZUZKOWRCaEZ4eWlrWWJMV2F1bWRvX0pBdjlsdkJ6NDBxeVBqa0NWeFA1OG9KTTdBTDhZY01jVWVtZFdlYkRhRnpkMzJrRGdwQkhTWkRqWHRrQzNNbTJqc2l3YkpOdjROYVpwLTl2eGtjOXQ0Qm9LVGF5QmZfaVlROWZmMnBLRC02Si1INFlmSXZlaVcxbldwdmlEcGlpdTdWWDVkZUpzVTY5NDlQUmlfOUFmenJkUQ?oc=5\" target=\"_blank\" rel=\"nofollow noopener\">KOMENT\u00c1\u0158: Babi\u0161 a Schillerov\u00e1 lidem taj\u00ed, co je \u010dek\u00e1 na konci rozpo\u010dtov\u00e9ho tobog\u00e1nu &#8211; Petr \u0160abata<\/a>&nbsp;&nbsp;Novinky<a href=\"https:\/\/news.google.com\/rss\/articles\/CBMiuAFBVV95cUxQSUlMaF9NZ1MtLUxqYjJjRnAxMVd6MEVjeUN4UUx0T0dBZ2U3cmNKbzc5SFBaR2cxeXdHbkdWaktwYkh2blBDbGFxbXYxZk1Sblg0NXJTODZLTjhHbnJRdUxFckdnREZ5TFBvU2JvZTNTQ05ka0QxVEdzV2VKMDNsRXBNMm9zNkZlT2ZkY2I4ZUY4Y2Q5N2ZKSHNyYnhsNHk2ckZadzBNNTdHZUM0V21XdGNSN1dtREhK?oc=5\" target=\"_blank\" rel=\"nofollow noopener\">Slunce seno a rozpo\u010det. Babi\u0161ova vl\u00e1da obda\u0159ila \u010cesko dokonal\u00fdm rozpo\u010dtov\u00fdm kame\u0148\u00e1kem<\/a>&nbsp;&nbsp;Hospod\u00e1\u0159sk\u00e9 noviny<a href=\"https:\/\/news.google.com\/rss\/articles\/CBMihAFBVV95cUxPMGlMdHpzRHRHb1JVVTZhR3U2NksxLVVOY0F4ek5mZ0JWN01YalRseFExdkJzdHNLWHVPb1lCYzJCb1QtWjJyVkVOTE1ub25TYXJVc0MyNUFMUzgxMVBIelc3YUlCa01jQXdBbnRzWDI1dkdmby1UOTAwMnVWbHBOemtBYlQ?oc=5\" target=\"_blank\" rel=\"nofollow noopener\">Rozpo\u010det \u0161\u00edlenc\u016f a populist\u016f?<\/a>&nbsp;&nbsp;irozhlas.cz<\/p>\n","protected":false},"excerpt":{"rendered":"Motoristy dohnaly jejich sliby o rozpo\u010dtu, Babi\u0161 se jim utrhl ze \u0159et\u011bzu, \u0159\u00edkaj\u00ed experti&nbsp;&nbsp;iDNES.czVl\u00e1da n\u00e1s vede k ot\u0159esu.&hellip;\n","protected":false},"author":2,"featured_media":200613,"comment_status":"","ping_status":"","sticky":false,"template":"","format":"standard","meta":{"footnotes":"","_share_on_mastodon":"0"},"categories":[7],"tags":[266,43,42,41,40,561,42061,1341,177],"class_list":["post-200612","post","type-post","status-publish","format-standard","has-post-thumbnail","category-cesko","tag-andrej-babis","tag-ceska-republika","tag-cesko","tag-czech-republic","tag-czechia","tag-hnuti-ano","tag-josef-mlejnek","tag-spd","tag-zpravodajstvi"],"share_on_mastodon":{"url":"https:\/\/pubeurope.com\/@cz\/117204139638586093","error":""},"_links":{"self":[{"href":"https:\/\/www.europesays.com\/cz\/wp-json\/wp\/v2\/posts\/200612","targetHints":{"allow":["GET"]}}],"collection":[{"href":"https:\/\/www.europesays.com\/cz\/wp-json\/wp\/v2\/posts"}],"about":[{"href":"https:\/\/www.europesays.com\/cz\/wp-json\/wp\/v2\/types\/post"}],"author":[{"embeddable":true,"href":"https:\/\/www.europesays.com\/cz\/wp-json\/wp\/v2\/users\/2"}],"replies":[{"embeddable":true,"href":"https:\/\/www.europesays.com\/cz\/wp-json\/wp\/v2\/comments?post=200612"}],"version-history":[{"count":0,"href":"https:\/\/www.europesays.com\/cz\/wp-json\/wp\/v2\/posts\/200612\/revisions"}],"wp:featuredmedia":[{"embeddable":true,"href":"https:\/\/www.europesays.com\/cz\/wp-json\/wp\/v2\/media\/200613"}],"wp:attachment":[{"href":"https:\/\/www.europesays.com\/cz\/wp-json\/wp\/v2\/media?parent=200612"}],"wp:term":[{"taxonomy":"category","embeddable":true,"href":"https:\/\/www.europesays.com\/cz\/wp-json\/wp\/v2\/categories?post=200612"},{"taxonomy":"post_tag","embeddable":true,"href":"https:\/\/www.europesays.com\/cz\/wp-json\/wp\/v2\/tags?post=200612"}],"curies":[{"name":"wp","href":"https:\/\/api.w.org\/{rel}","templated":true}]}}