{"id":200626,"date":"2026-09-03T00:10:25","date_gmt":"2026-09-03T00:10:25","guid":{"rendered":"https:\/\/www.europesays.com\/cz\/200626\/"},"modified":"2026-09-03T00:10:25","modified_gmt":"2026-09-03T00:10:25","slug":"zarijova-predpoved-ukazala-nejchladnejsi-tyden-teploty-se-prudce-propadnou-a-cesko-zasahnou-prvni-mraziky","status":"publish","type":"post","link":"https:\/\/www.europesays.com\/cz\/200626\/","title":{"rendered":"Z\u00e1\u0159ijov\u00e1 p\u0159edpov\u011b\u010f uk\u00e1zala nejchladn\u011bj\u0161\u00ed t\u00fdden. Teploty se prudce propadnou a \u010cesko zas\u00e1hnou prvn\u00ed mraz\u00edky"},"content":{"rendered":"<p class=\"MsoNormal\">Z\u00e1\u0159\u00ed bude z\u00a0hlediska teplot z\u0159ejm\u011b pom\u011brn\u011b<br \/>\np\u0159\u00edjemn\u00fdm obdob\u00edm. Alespo\u0148 v\u00a0prvn\u00ed \u010d\u00e1sti m\u011bs\u00edce n\u00e1s v\u00fdrazn\u00fd propad<br \/>\nteplot z\u0159ejm\u011b ne\u010dek\u00e1.\u00a0\u201eP\u0159ed\u00adpokl\u00e1d\u00e1me, \u017ee obdob\u00ed od 31.\u00a0srpna do<br \/>\n27.\u00a0z\u00e1\u0159\u00ed 2026\u00a0bude teplotn\u011b nadpr\u016fm\u011brn\u00e9 a\u017e<br \/>\npr\u016fm\u011brn\u00e9,\u201c p\u00ed\u0161e ve<br \/>\nsv\u00e9 m\u011bs\u00ed\u010dn\u00ed p\u0159edpov\u011bdi \u010cesk\u00fd hydrometeorologick\u00fd \u00fastav (\u010cHM\u00da).<br \/>\nNakonec se v\u0161ak p\u0159ece jen m\u016f\u017eeme do\u010dkat v\u011bt\u0161\u00edho ochlazen\u00ed a dokonce<br \/>\ni\u00a0prvn\u00edch rann\u00edch mraz\u00edk\u016f. Z\u00e1\u0159\u00ed ka\u017edop\u00e1dn\u011b pat\u0159\u00ed k\u00a0m\u00e9n\u011b<br \/>\nde\u0161tiv\u00fdm m\u011bs\u00edc\u016fm. A\u00a0podle meteorolog\u016f bude letos sr\u00e1\u017ekov\u011b<br \/>\npr\u016fm\u011brn\u00e9.<\/p>\n<p>Za\u010d\u00e1tek z\u00e1\u0159\u00ed bude teplotn\u011b nadpr\u016fm\u011brn\u00fd<\/p>\n<p class=\"MsoNormal\">V\u00a0prvn\u00edm z\u00e1\u0159ijov\u00e9m t\u00fddnu n\u00e1s ur\u010dit\u011b ne\u010dek\u00e1<br \/>\nprudk\u00e9 ochlazen\u00ed. Podle \u010cHM\u00da bude toto obdob\u00ed dokonce teplotn\u011b<br \/>\nnadpr\u016fm\u011brn\u00e9, kdy\u017e se minim\u00e1ln\u00ed teploty budou pohybovat kolem 13\u00a0\u00b0C a<br \/>\nmaxim\u00e1ln\u00ed kolem 24\u00a0\u00b0C. Na ji\u017en\u00ed Morav\u011b by ostatn\u011b v\u00a0p\u00e1tek<br \/>\nm\u011bly teploty atakovat tropickou \u201et\u0159ic\u00edtku\u201c. D\u011btem tedy bude<br \/>\np\u0159i n\u00e1vratu do \u0161koln\u00edch lavic d\u011blat radost alespo\u0148 po\u010das\u00ed, kter\u00e9 by<br \/>\nm\u011blo z\u016fstat p\u0159\u00edjemn\u00e9 i\u00a0v\u00a0dal\u0161\u00edch\u00a0dnech.<\/p>\n<p class=\"MsoNormal\">V\u00a0pr\u016fb\u011bhu v\u00edkendu u\u017e by se m\u011blo ochladit. V\u00a0noci ze soboty na ned\u011bli dokonce<br \/>\nm\u016f\u017ee rtu\u0165 v\u00a0teplom\u011brech klesnout k\u00a05 stup\u0148\u016fm Celsia a b\u011bhem posledn\u00edho<br \/>\ndne aktu\u00e1ln\u00edho t\u00fddne bude jen 19\u00a0a\u017e 24\u00a0\u00b0C. N\u00e1sledn\u011b by se<br \/>\nov\u0161em m\u011blo za\u010d\u00edt op\u011bt oteplovat. B\u011bhem p\u0159\u00ed\u0161t\u00edho \u00fater\u00fd je proto na<br \/>\ncel\u00e9m \u00fazem\u00ed \u010cesk\u00e9 republiky o\u010dek\u00e1v\u00e1no 23\u00a0a\u017e 28\u00a0\u00b0C. I\u00a0nad\u00e1le tedy<br \/>\nbudou ve h\u0159e letn\u00ed teploty, by\u0165 se ob\u010das mohou objevit p\u0159eh\u00e1\u0148ky, de\u0161t\u011b<br \/>\na v\u00a0sobotu i\u00a0bou\u0159ky.<\/p>\n<p><a data-fancybox=\"gallery\" href=\"https:\/\/energozrouti.cz\/storage-webp\/3\/9XPKwJhxaSEPghOiRfIkgFuXjuWykclVYMQbp3bshMp19hwT7ObCECiBfucSpHY1qDd1T5sgep78k90WOC1I2n6pH64OHw1zhLlr_big.webp\" rel=\"nofollow noopener\" target=\"_blank\"><br \/>\n            <img decoding=\"async\" loading=\"lazy\" class=\"img-responsive\" src=\"https:\/\/www.europesays.com\/cz\/wp-content\/uploads\/2026\/09\/9XPKwJhxaSEPghOiRfIkgFuXjuWykclVYMQbp3bshMp19hwT7ObCECiBfucSpHY1qDd1T5sgep78k90WOC1I2n6pH64OHw1zhLlr.webp\" title=\"V\u011bt\u0161ina z\u00e1\u0159\u00ed bude teplotn\u011b sp\u00ed\u0161e nadpr\u016fm\u011brn\u00e1\"\/><br \/>\n            <\/a>V\u011bt\u0161ina z\u00e1\u0159\u00ed bude teplotn\u011b sp\u00ed\u0161e nadpr\u016fm\u011brn\u00e1<br \/>\n            , LEOCHEN66 \/&#8230;<\/p>\n<p>Jak bude kolem poloviny m\u011bs\u00edce?<\/p>\n<p class=\"MsoNormal\">Podle \u010cHM\u00da budou ve zb\u00fdvaj\u00edc\u00edch z\u00e1\u0159ijov\u00fdch t\u00fddnech<br \/>\npanovat teploty na hranici nadpr\u016fm\u011bru a pr\u016fm\u011bru. A\u010dkoli se tedy z\u0159ejm\u011b bude<br \/>\ns\u00a0bl\u00ed\u017e\u00edc\u00edm se podzimem postupn\u011b ochlazovat, ani nad\u00e1le se nedo\u010dk\u00e1me<br \/>\nv\u00fdrazn\u00e9ho propadu teplot. B\u011bhem p\u0159\u00ed\u0161t\u00edho t\u00fddne by m\u011blo b\u00fdt<br \/>\nsp\u00ed\u0161e obla\u010dno a\u017e zata\u017eeno a m\u00edsty se bude objevovat i\u00a0d\u00e9\u0161\u0165. N\u00e1sledn\u011b<br \/>\nse ov\u0161em vy\u010das\u00ed a p\u0159eh\u00e1\u0148ky se budou vyskytovat sp\u00ed\u0161e v\u00fdjime\u010dn\u011b.<\/p>\n<p class=\"MsoNormal\">B\u011bhem druh\u00e9ho a t\u0159et\u00edho z\u00e1\u0159ijov\u00e9ho t\u00fddne by podle<br \/>\ndlouhodob\u011bj\u0161\u00edch p\u0159edpov\u011bd\u00ed meteorolog\u016f, kter\u00e9 ov\u0161em nemus\u00ed b\u00fdt<br \/>\n\u00fapln\u011b p\u0159esn\u00e9, m\u011bly rann\u00ed<br \/>\nteploty klesat maxim\u00e1ln\u011b k\u00a06 stup\u0148\u016fm Celsia. Na hor\u00e1ch a<br \/>\nv\u00a0mrazov\u00fdch kotlin\u00e1ch by u\u017e ale mohly padat sm\u011brem k\u00a0nule. P\u0159es den se<br \/>\npak budou pohybovat kolem \u201edvac\u00edtky\u201c, p\u0159i\u010dem\u017e se st\u00e1le je\u0161t\u011b mohou<br \/>\nvy\u0161plhat nad letn\u00edch 25\u00a0stup\u0148\u016f Celsia. Po r\u00e1nu se ka\u017edop\u00e1dn\u011b budou<br \/>\nz\u0159ejm\u011b \u010dast\u011bji tvo\u0159it\u00a0mlhy.<\/p>\n<p>V\u00a0z\u00e1v\u011bru se z\u0159ejm\u011b objev\u00ed i\u00a0p\u0159\u00edzemn\u00ed mraz\u00edky<\/p>\n<p class=\"MsoNormal\">V\u00a0sou\u010dasn\u00e9 dob\u011b m\u016f\u017ee b\u00fdt z\u00e1\u0159\u00ed i\u00a0velmi tepl\u00e9.<br \/>\nNap\u0159\u00edklad v\u00a0roce 2023\u00a0bylo nejteplej\u0161\u00ed v\u00a0historii m\u011b\u0159en\u00ed. Na druhou<br \/>\nstranu na n\u011bkter\u00fdch m\u00edstech u\u017e m\u016f\u017ee teplota klesnout v\u00fdrazn\u011b pod nulu.<br \/>\n21.\u00a0z\u00e1\u0159\u00ed 1997\u00a0bylo<br \/>\nnap\u0159\u00edklad na meteorologick\u00e9 stanici Horsk\u00e1 Kvilda<br \/>\nnam\u011b\u0159eno\u00a0\u201310,5\u00a0stup\u0148\u016f Celsia, co\u017e je tak\u00e9 historick\u00fd rekord.<br \/>\nTato oblast na \u0160umav\u011b je ov\u0161em mrazovou kotlinou, ve kter\u00e9 b\u00fdvaj\u00ed<br \/>\nb\u011b\u017en\u011b zaznamen\u00e1v\u00e1ny velmi n\u00edzk\u00e9 teploty.<\/p>\n<p class=\"MsoNormal\">Podle m\u011bs\u00ed\u010dn\u00ed p\u0159edpov\u011bdi \u010cHM\u00da bude posledn\u00ed<br \/>\nz\u00e1\u0159ijov\u00fd t\u00fdden nejchladn\u011bj\u0161\u00ed. No\u010dn\u00ed i\u00a0denn\u00ed teploty tedy mohou<br \/>\nv\u00fdrazn\u011bji spadnout. Rtu\u0165 v\u00a0teplom\u011brech u\u017e dokonce bude z\u0159ejm\u011b klesat<br \/>\ni\u00a0pod nulu.\u00a0\u201eRann\u00ed teploty se budou pohybovat mezi<br \/>\n10\u00a0a 5\u00a0\u00b0C, p\u0159i vyjasn\u011bn\u00ed se mohou objevit i\u00a0p\u0159\u00edzemn\u00ed<br \/>\nmraz\u00edky,\u201c uvedla meteorolo\u017eka Dagmar Honsov\u00e9 pro FORUM<br \/>\n24.\u00a0P\u0159es den ale st\u00e1le m\u016f\u017ee b\u00fdt p\u0159echodn\u011b p\u0159es 20\u00a0\u00b0C, p\u0159i\u010dem\u017e by<br \/>\nm\u011blo b\u00fdt polojasno a\u017e obla\u010dno a p\u0159eh\u00e1\u0148ky jen\u00a0m\u00edsty.<\/p>\n<p class=\"MsoNormal\">N\u011bkter\u00e9<br \/>\np\u0159edpov\u011bdi pro podzimn\u00ed m\u011bs\u00edce nejsou p\u0159\u00edli\u0161 p\u0159\u00edzniv\u00e9. A\u010dkoli by<br \/>\nmohlo b\u00fdt teplo, <a href=\"https:\/\/energozrouti.cz\/clanek\/podzimni-predpoved-pocasi-pro-cesko\" rel=\"nofollow noopener\" target=\"_blank\">podle<br \/>\nmeteorolog\u016f mohou pokra\u010dovat sucha<\/a>. Vliv na po\u010das\u00ed ov\u0161em m\u016f\u017ee m\u00edt<br \/>\ni\u00a0jev zvan\u00fd Super El Ni\u00f1o, kter\u00fd <a href=\"https:\/\/energozrouti.cz\/clanek\/vznika-nejsilnejsi-klimaticky-jev-co-prinese-podzim-a-zima\" rel=\"nofollow noopener\" target=\"_blank\">ovlivn\u00ed<br \/>\nnejen podzim, ale i\u00a0zimu<\/a>. Sr\u00e1\u017eek by nakonec kv\u016fli tomuto fenom\u00e9nu mohlo<br \/>\nb\u00fdt\u00a0v\u00edce.<\/p>\n","protected":false},"excerpt":{"rendered":"Z\u00e1\u0159\u00ed bude z\u00a0hlediska teplot z\u0159ejm\u011b pom\u011brn\u011b p\u0159\u00edjemn\u00fdm obdob\u00edm. Alespo\u0148 v\u00a0prvn\u00ed \u010d\u00e1sti m\u011bs\u00edce n\u00e1s v\u00fdrazn\u00fd propad teplot z\u0159ejm\u011b ne\u010dek\u00e1.\u00a0\u201eP\u0159ed\u00adpokl\u00e1d\u00e1me,&hellip;\n","protected":false},"author":2,"featured_media":200627,"comment_status":"","ping_status":"","sticky":false,"template":"","format":"standard","meta":{"footnotes":"","_share_on_mastodon":"0"},"categories":[7],"tags":[43,42,41,40,255,45909,11699],"class_list":["post-200626","post","type-post","status-publish","format-standard","has-post-thumbnail","category-cesko","tag-ceska-republika","tag-cesko","tag-czech-republic","tag-czechia","tag-pocasi","tag-ranni-mraziky","tag-zari"],"share_on_mastodon":{"url":"https:\/\/pubeurope.com\/@cz\/117204210813464555","error":""},"_links":{"self":[{"href":"https:\/\/www.europesays.com\/cz\/wp-json\/wp\/v2\/posts\/200626","targetHints":{"allow":["GET"]}}],"collection":[{"href":"https:\/\/www.europesays.com\/cz\/wp-json\/wp\/v2\/posts"}],"about":[{"href":"https:\/\/www.europesays.com\/cz\/wp-json\/wp\/v2\/types\/post"}],"author":[{"embeddable":true,"href":"https:\/\/www.europesays.com\/cz\/wp-json\/wp\/v2\/users\/2"}],"replies":[{"embeddable":true,"href":"https:\/\/www.europesays.com\/cz\/wp-json\/wp\/v2\/comments?post=200626"}],"version-history":[{"count":0,"href":"https:\/\/www.europesays.com\/cz\/wp-json\/wp\/v2\/posts\/200626\/revisions"}],"wp:featuredmedia":[{"embeddable":true,"href":"https:\/\/www.europesays.com\/cz\/wp-json\/wp\/v2\/media\/200627"}],"wp:attachment":[{"href":"https:\/\/www.europesays.com\/cz\/wp-json\/wp\/v2\/media?parent=200626"}],"wp:term":[{"taxonomy":"category","embeddable":true,"href":"https:\/\/www.europesays.com\/cz\/wp-json\/wp\/v2\/categories?post=200626"},{"taxonomy":"post_tag","embeddable":true,"href":"https:\/\/www.europesays.com\/cz\/wp-json\/wp\/v2\/tags?post=200626"}],"curies":[{"name":"wp","href":"https:\/\/api.w.org\/{rel}","templated":true}]}}