{"id":200628,"date":"2026-09-03T00:11:09","date_gmt":"2026-09-03T00:11:09","guid":{"rendered":"https:\/\/www.europesays.com\/cz\/200628\/"},"modified":"2026-09-03T00:11:09","modified_gmt":"2026-09-03T00:11:09","slug":"monika-babisova-vsadila-na-neprehlednutelnou-zlutou-komentujici-se-neshodnou-zda-trefila-dress-code-zena-cz","status":"publish","type":"post","link":"https:\/\/www.europesays.com\/cz\/200628\/","title":{"rendered":"Monika Babi\u0161ov\u00e1 vsadila na nep\u0159ehl\u00e9dnutelnou \u017elutou. Komentuj\u00edc\u00ed se neshodnou, zda trefila dress code \u2013 \u017dena.cz"},"content":{"rendered":"<p>P\u0159ed\u00e1v\u00e1n\u00ed st\u00e1tn\u00edch vyznamen\u00e1n\u00ed ve Vladislavsk\u00e9m s\u00e1le Pra\u017esk\u00e9ho hradu.  Na sn\u00edmku Monika Babi\u0161ov\u00e1,Image: 1049103281, License: Rights-managed, Restrictions: Image must be credited: &#8218;Stanislava Bene\u0161ov\u00e1 \/ Pr\u00e1vo \/ Profimedia&#8216;, Model Release: no, Credit line: Stanislava Bene\u0161ov\u00e1 \/ Pr\u00e1vo \/ Profimedia<\/p>\n<p>Foto: Profimedia \u2013 Stanislava Bene\u0161ov\u00e1 \/ Pr\u00e1vo \/ Profimedia<\/p>\n","protected":false},"excerpt":{"rendered":"P\u0159ed\u00e1v\u00e1n\u00ed st\u00e1tn\u00edch vyznamen\u00e1n\u00ed ve Vladislavsk\u00e9m s\u00e1le Pra\u017esk\u00e9ho hradu. Na sn\u00edmku Monika Babi\u0161ov\u00e1,Image: 1049103281, License: Rights-managed, Restrictions: Image must&hellip;\n","protected":false},"author":2,"featured_media":200629,"comment_status":"","ping_status":"","sticky":false,"template":"","format":"standard","meta":{"footnotes":"","_share_on_mastodon":"0"},"categories":[10],"tags":[266,17,21,8501,24857,16,4759,8515,18,19,22,20],"class_list":["post-200628","post","type-post","status-publish","format-standard","has-post-thumbnail","category-zpravy","tag-andrej-babis","tag-headlines","tag-hlavni-udalosti","tag-monika-babisova","tag-nausnice","tag-news","tag-rozchod","tag-spolecenske-saty","tag-top-news","tag-top-stories","tag-udalosti-dne","tag-zpravy"],"share_on_mastodon":{"url":"https:\/\/pubeurope.com\/@cz\/117204214269473341","error":""},"_links":{"self":[{"href":"https:\/\/www.europesays.com\/cz\/wp-json\/wp\/v2\/posts\/200628","targetHints":{"allow":["GET"]}}],"collection":[{"href":"https:\/\/www.europesays.com\/cz\/wp-json\/wp\/v2\/posts"}],"about":[{"href":"https:\/\/www.europesays.com\/cz\/wp-json\/wp\/v2\/types\/post"}],"author":[{"embeddable":true,"href":"https:\/\/www.europesays.com\/cz\/wp-json\/wp\/v2\/users\/2"}],"replies":[{"embeddable":true,"href":"https:\/\/www.europesays.com\/cz\/wp-json\/wp\/v2\/comments?post=200628"}],"version-history":[{"count":0,"href":"https:\/\/www.europesays.com\/cz\/wp-json\/wp\/v2\/posts\/200628\/revisions"}],"wp:featuredmedia":[{"embeddable":true,"href":"https:\/\/www.europesays.com\/cz\/wp-json\/wp\/v2\/media\/200629"}],"wp:attachment":[{"href":"https:\/\/www.europesays.com\/cz\/wp-json\/wp\/v2\/media?parent=200628"}],"wp:term":[{"taxonomy":"category","embeddable":true,"href":"https:\/\/www.europesays.com\/cz\/wp-json\/wp\/v2\/categories?post=200628"},{"taxonomy":"post_tag","embeddable":true,"href":"https:\/\/www.europesays.com\/cz\/wp-json\/wp\/v2\/tags?post=200628"}],"curies":[{"name":"wp","href":"https:\/\/api.w.org\/{rel}","templated":true}]}}