{"id":200636,"date":"2026-09-03T00:19:22","date_gmt":"2026-09-03T00:19:22","guid":{"rendered":"https:\/\/www.europesays.com\/cz\/200636\/"},"modified":"2026-09-03T00:19:22","modified_gmt":"2026-09-03T00:19:22","slug":"rodice-pripravte-si-kalendare-tady-jsou-vsechna-data-prazdnin-v-novem-skolnim-roce","status":"publish","type":"post","link":"https:\/\/www.europesays.com\/cz\/200636\/","title":{"rendered":"Rodi\u010de, p\u0159ipravte si kalend\u00e1\u0159e: Tady jsou v\u0161echna data pr\u00e1zdnin v nov\u00e9m \u0161koln\u00edm roce"},"content":{"rendered":"<p dir=\"ltr\">Obdob\u00ed od z\u00e1\u0159\u00ed do \u010dervna tr\u00e1v\u00ed \u0161kol\u00e1ci v\u00a0lavic\u00edch, kde<br \/>\ndo sebe nas\u00e1vaj\u00ed maximum nov\u00fdch informac\u00ed, opakuj\u00ed si ty star\u00e9 a<br \/>\np\u0159ipravuj\u00ed se na dal\u0161\u00ed studium i\u00a0budouc\u00ed\u00a0\u017eivot<\/p>\n<p>Podzimn\u00ed pr\u00e1zdniny a st\u00e1tn\u00ed sv\u00e1tky<\/p>\n<p dir=\"ltr\">Prvn\u00ed volno \u010dek\u00e1 na \u0161kol\u00e1ky je\u0161t\u011b v\u00a0z\u00e1\u0159\u00ed, konkr\u00e9tn\u011b<br \/>\n28.\u00a09., nebo\u0165 Den \u010desk\u00e9 st\u00e1tnosti p\u0159ipad\u00e1 na pond\u011bl\u00ed. V\u00a0praxi to tak<br \/>\nznamen\u00e1 prodlou\u017een\u00fd v\u00edkend (od 26.\u00a0do 28.\u00a0z\u00e1\u0159\u00ed) pro celou<br \/>\nrodinu.\u00a0<\/p>\n<p dir=\"ltr\">M\u011bs\u00edc pot\u00e9 se ji\u017e mohou v\u0161ichni \u0161kolou povinn\u00ed t\u011b\u0161it na<br \/>\npodzimn\u00ed pr\u00e1zdniny. Ty navazuj\u00ed na 28.\u00a0\u0159\u00edjna, Den vzniku samostatn\u00e9ho<br \/>\n\u010ceskoslovenska, kter\u00fd p\u0159ipad\u00e1 na st\u0159edu. Zat\u00edmco pracuj\u00edc\u00ed si u\u017eij\u00ed<br \/>\nden volna uprost\u0159ed pracovn\u00edho t\u00fddne, na \u0161kol\u00e1ky \u010dek\u00e1 volno od<br \/>\nst\u0159edy 28.\u00a0\u0159\u00edjna a\u017e do ned\u011ble 1.\u00a0listopadu.\u00a0<\/p>\n<p dir=\"ltr\">Ani v\u00a0listopadu nebudou \u0161kol\u00e1ci ochuzeni o\u00a0den volna, nebo\u0165<br \/>\n17.\u00a0listopad, Den boje za svobodu a demokracii a Mezin\u00e1rodn\u00ed den studentstva,<br \/>\np\u0159ipad\u00e1 na\u00a0\u00fater\u00fd.<\/p>\n<p>V\u00e1no\u010dn\u00ed pr\u00e1zdniny<\/p>\n<p dir=\"ltr\">Po n\u00e1stupu zimy je jen ot\u00e1zkou \u010dasu, ne\u017e nastanou V\u00e1noce.<br \/>\nV\u00e1no\u010dn\u00ed pr\u00e1zdniny letos sice budou o\u00a0n\u011bco krat\u0161\u00ed ne\u017e loni, ale st\u00e1le<br \/>\nto znamen\u00e1 12\u00a0dn\u00ed volna. \u017d\u00e1ci si u\u017eij\u00ed v\u00e1no\u010dn\u00ed<br \/>\npr\u00e1zdniny od st\u0159edy 23.\u00a0prosince 2026\u00a0do ned\u011ble 3.\u00a0ledna\u00a02027.<\/p>\n<p>\t\t\t<a data-fancybox=\"gallery\" href=\"https:\/\/energozrouti.cz\/storage-webp\/8\/XNXClyTnWKlGyQvSNP0f9TQ3a6bfnJY2s7S1UHcUMpGfTrRcfyBWpOVSBxKiPddL5r9RqRrcsVYNEB2gTcQ0zm6YafUSwQFJeIAW_big.webp\" rel=\"nofollow noopener\" target=\"_blank\"><br \/>\n            <img decoding=\"async\" loading=\"lazy\" class=\"img-responsive\" src=\"https:\/\/www.europesays.com\/cz\/wp-content\/uploads\/2026\/09\/XNXClyTnWKlGyQvSNP0f9TQ3a6bfnJY2s7S1UHcUMpGfTrRcfyBWpOVSBxKiPddL5r9RqRrcsVYNEB2gTcQ0zm6YafUSwQFJeIAW.webp\" title=\"Zapi\u0161te si jednotliv\u00e9 dny, kdy budou m\u00edt \u0161kol\u00e1ci volno, ji\u017e nyn\u00ed\"\/><br \/>\n            <\/a>Zapi\u0161te si jednotliv\u00e9 dny, kdy budou m\u00edt \u0161kol\u00e1ci volno, ji\u017e nyn\u00ed<br \/>\n            , &#8230;<\/p>\n<p>Pololetn\u00ed a jarn\u00ed pr\u00e1zdniny<\/p>\n<p dir=\"ltr\">S\u00a0p\u0159\u00edchodem roku 2027\u00a0p\u0159ijde tak\u00e9 konec prvn\u00edho pololet\u00ed,<br \/>\nco\u017e pro \u0161kolou povinn\u00e9 znamen\u00e1 prodlou\u017een\u00fd v\u00edkend,<br \/>\nnebo\u0165 pololetn\u00ed pr\u00e1zdniny p\u0159ipadaj\u00ed na p\u00e1tek 29.\u00a0ledna. A\u00a0ne\u017e se<br \/>\n\u0161kol\u00e1ci nad\u011bj\u00ed, \u010dekaj\u00ed je jarn\u00ed pr\u00e1zdniny. Ty budou prob\u00edhat v\u00a0obdob\u00ed<br \/>\nod 1.\u00a0\u00fanora do 14.\u00a0b\u0159ezna 2027\u00a0a op\u011bt plat\u00ed, \u017ee t\u00fdden<br \/>\nvolna si \u017e\u00e1ci u\u017eij\u00ed podle toho, v\u00a0jak\u00e9m okrese se jejich \u0161kola<br \/>\nnach\u00e1z\u00ed.\u00a0<\/p>\n<p dir=\"ltr\">Aby pro v\u00e1s pl\u00e1nov\u00e1n\u00ed p\u0159\u00edpadn\u00e9 dovolen\u00e9 bylo snaz\u0161\u00ed,<br \/>\np\u0159in\u00e1\u0161\u00edme v\u00e1m term\u00edny jarn\u00edch pr\u00e1zdnin podle jednotliv\u00fdch<br \/>\nokres\u016f:<\/p>\n<p dir=\"ltr\">1.\u20137.\u00a02.\u00a02027\u00a0\u2013 \u010cesk\u00e1 L\u00edpa, Jablonec nad Nisou, Liberec,<br \/>\nSemily, Havl\u00ed\u010dk\u016fv Brod, Jihlava, Pelh\u0159imov, T\u0159eb\u00ed\u010d, \u017d\u010f\u00e1r nad S\u00e1zavou,<br \/>\nKladno, Kol\u00edn, Kutn\u00e1 Hora, P\u00edsek, N\u00e1chod, Brunt\u00e1l<\/p>\n<p dir=\"ltr\">8.\u201314.\u00a02.\u00a02027\u00a0\u2013 Mlad\u00e1 Boleslav, P\u0159\u00edbram, T\u00e1bor,<br \/>\nPrachatice, Strakonice, \u00dast\u00ed nad Labem, Chomutov, Most, Ji\u010d\u00edn, Rychnov nad<br \/>\nKn\u011b\u017enou, Olomouc, \u0160umperk, Opava, Jesen\u00edk<\/p>\n<p dir=\"ltr\">15.\u201321.\u00a02.\u00a02027\u00a0\u2013 Bene\u0161ov, Beroun, Rokycany, \u010cesk\u00e9<br \/>\nBud\u011bjovice, \u010cesk\u00fd Krumlov, Klatovy, Trutnov, Pardubice, Chrudim, Svitavy,<br \/>\n\u00dast\u00ed nad Orlic\u00ed, Ostrava-m\u011bsto, Prost\u011bjov<\/p>\n<p dir=\"ltr\">22.\u201328.\u00a02.\u00a02027\u00a0\u2013 Praha 1\u20135, Blansko, Brno-m\u011bsto,<br \/>\nBrno-venkov, B\u0159eclav, Hodon\u00edn, Vy\u0161kov, Znojmo, Doma\u017elice, Tachov, Louny,<br \/>\nKarvin\u00e1<\/p>\n<p dir=\"ltr\">1.\u20137.\u00a03.\u00a02027\u00a0\u2013 Praha 6\u201310, Cheb, Karlovy Vary, Sokolov,<br \/>\nNymburk, Jind\u0159ich\u016fv Hradec, Litom\u011b\u0159ice, D\u011b\u010d\u00edn, P\u0159erov,<br \/>\nFr\u00fddek-M\u00edstek<\/p>\n<p dir=\"ltr\">8.\u201314.\u00a03.\u00a02027\u00a0\u2013 Krom\u011b\u0159\u00ed\u017e, Uhersk\u00e9 Hradi\u0161t\u011b, Vset\u00edn,<br \/>\nZl\u00edn, Praha-v\u00fdchod, Praha-z\u00e1pad, M\u011bln\u00edk, Rakovn\u00edk, Plze\u0148-m\u011bsto,<br \/>\nPlze\u0148-sever, Plze\u0148-jih, Hradec Kr\u00e1lov\u00e9, Teplice, Nov\u00fd\u00a0Ji\u010d\u00edn.<\/p>\n<p>Velikono\u010dn\u00ed pr\u00e1zdniny<\/p>\n<p dir=\"ltr\">Ofici\u00e1ln\u00ed velikono\u010dn\u00ed pr\u00e1zdniny p\u0159ipadaj\u00ed na \u010dtvrtek<br \/>\n25.\u00a0b\u0159ezna 2027, ale ve skute\u010dnosti si \u0161kol\u00e1ci u\u017eij\u00ed volno po<br \/>\ncel\u00fd prodlou\u017een\u00fd v\u00edkend, jeliko\u017e Velk\u00fd p\u00e1tek (26.\u00a0b\u0159ezna)<br \/>\ni\u00a0Velikono\u010dn\u00ed pond\u011bl\u00ed (29.\u00a0b\u0159ezna) jsou dny pracovn\u00edho\u00a0klidu.<\/p>\n<p dir=\"ltr\">T\u00edm p\u0159ehled voln\u00fdch dn\u00ed a pr\u00e1zdnin b\u011bhem \u0161koln\u00edho roku<br \/>\n2026\/2027 bohu\u017eel kon\u010d\u00ed, nebo\u0165 kv\u011btnov\u00e9 sv\u00e1tky p\u0159ipadaj\u00ed na soboty.<br \/>\nNicm\u00e9n\u011b od 1.\u00a0\u010dervence do 31.\u00a0srpna se budou konat letn\u00ed pr\u00e1zdniny, co\u017e<br \/>\nznamen\u00e1 dva m\u011bs\u00edce pr\u00e1zdnin. Nav\u00edc \u0159editel\u00e9 z\u00e1kladn\u00edch a st\u0159edn\u00edch<br \/>\n\u0161kol maj\u00ed k\u00a0dispozici tak\u00e9 5\u00a0dn\u016f \u0159editelsk\u00e9ho volna, kter\u00e9 mohou<br \/>\nv\u00a0pr\u016fb\u011bhu \u0161koln\u00edho roku vyhl\u00e1sit.<\/p>\n","protected":false},"excerpt":{"rendered":"Obdob\u00ed od z\u00e1\u0159\u00ed do \u010dervna tr\u00e1v\u00ed \u0161kol\u00e1ci v\u00a0lavic\u00edch, kde do sebe nas\u00e1vaj\u00ed maximum nov\u00fdch informac\u00ed, opakuj\u00ed si ty&hellip;\n","protected":false},"author":2,"featured_media":200637,"comment_status":"","ping_status":"","sticky":false,"template":"","format":"standard","meta":{"footnotes":"","_share_on_mastodon":"0"},"categories":[7],"tags":[43,42,41,40,4377,5159,5574],"class_list":["post-200636","post","type-post","status-publish","format-standard","has-post-thumbnail","category-cesko","tag-ceska-republika","tag-cesko","tag-czech-republic","tag-czechia","tag-prazdniny","tag-skola","tag-volno"],"share_on_mastodon":{"url":"https:\/\/pubeurope.com\/@cz\/117204246033703191","error":""},"_links":{"self":[{"href":"https:\/\/www.europesays.com\/cz\/wp-json\/wp\/v2\/posts\/200636","targetHints":{"allow":["GET"]}}],"collection":[{"href":"https:\/\/www.europesays.com\/cz\/wp-json\/wp\/v2\/posts"}],"about":[{"href":"https:\/\/www.europesays.com\/cz\/wp-json\/wp\/v2\/types\/post"}],"author":[{"embeddable":true,"href":"https:\/\/www.europesays.com\/cz\/wp-json\/wp\/v2\/users\/2"}],"replies":[{"embeddable":true,"href":"https:\/\/www.europesays.com\/cz\/wp-json\/wp\/v2\/comments?post=200636"}],"version-history":[{"count":0,"href":"https:\/\/www.europesays.com\/cz\/wp-json\/wp\/v2\/posts\/200636\/revisions"}],"wp:featuredmedia":[{"embeddable":true,"href":"https:\/\/www.europesays.com\/cz\/wp-json\/wp\/v2\/media\/200637"}],"wp:attachment":[{"href":"https:\/\/www.europesays.com\/cz\/wp-json\/wp\/v2\/media?parent=200636"}],"wp:term":[{"taxonomy":"category","embeddable":true,"href":"https:\/\/www.europesays.com\/cz\/wp-json\/wp\/v2\/categories?post=200636"},{"taxonomy":"post_tag","embeddable":true,"href":"https:\/\/www.europesays.com\/cz\/wp-json\/wp\/v2\/tags?post=200636"}],"curies":[{"name":"wp","href":"https:\/\/api.w.org\/{rel}","templated":true}]}}