{"id":200648,"date":"2026-09-03T00:32:11","date_gmt":"2026-09-03T00:32:11","guid":{"rendered":"https:\/\/www.europesays.com\/cz\/200648\/"},"modified":"2026-09-03T00:32:11","modified_gmt":"2026-09-03T00:32:11","slug":"zbrojovka-hradec-kr-10-o-treti-vyhre-v-rade-rozhodl-vasulin-domaci-jsou-druzi-idnes-cz","status":"publish","type":"post","link":"https:\/\/www.europesays.com\/cz\/200648\/","title":{"rendered":"Zbrojovka &#8211; Hradec Kr. 1:0, o t\u0159et\u00ed v\u00fdh\u0159e v \u0159ad\u011b rozhodl Va\u0161ul\u00edn, dom\u00e1c\u00ed jsou druz\u00ed &#8211; iDNES.cz"},"content":{"rendered":"<p><a href=\"https:\/\/news.google.com\/rss\/articles\/CBMivgFBVV95cUxQM3cyUU1seGhPV205UTZRRGlMMS1LUng4VzBWQWxKdWtiMTEwdkVfbWFST0xZWEhhVThReEdrTnU5UGZOSHB0Y2VSNTRJQ3RaOEZERGdaTk1wQVF3d0dxd3lTUWp3RkNEZXJSNGJZWm5Yb3JaQzlWU3pGVmp6Sk9YSFZhMGhoZzZUWWNXY1VucXVvcU9kOGRNSFlILXZZYlVXM3hxN2xTV3V2YVZCNjY2cUhqb2NVZHRYZFpVUGNR?oc=5\" target=\"_blank\" rel=\"nofollow noopener\">Zbrojovka &#8211; Hradec Kr. 1:0, o t\u0159et\u00ed v\u00fdh\u0159e v \u0159ad\u011b rozhodl Va\u0161ul\u00edn, dom\u00e1c\u00ed jsou druz\u00ed<\/a>&nbsp;&nbsp;iDNES.cz<a href=\"https:\/\/news.google.com\/rss\/articles\/CBMi_AFBVV95cUxOQ1k3Sk5oTnFOQ1BGc0tGLV9zWmpMRTBlbThtQXdHbnR2NGJmbnlTeGs4T0U2Tm1nVzVlem4zdDBqdDRCN084RFhMaThwM2lQZFg4VV9KT0ZXOHo3Tm9USjhnNUpRaVpWLTk4a1RaV0xUVktxWWpyWmtnN0cycERvV2p4R0pSZHhzRG1MSW1MNjhWTXZLdVBkZ0hjNDVMaGJvTFgyTkRkMk4wSnFBMmdQVVZiRHptQVNYdFhIRXJiTDZlT3ljQlFaRnFDMm4wZ1B5LWg5UHFCRWJ1Mi0wSmFWM0dCeEpjNDk4RjZqaWt4Q0l2SHBjcG12WnlXbXE?oc=5\" target=\"_blank\" rel=\"nofollow noopener\">Zbrojovka vyhr\u00e1v\u00e1 a v Edenu si zahraje o prvn\u00ed m\u00edsto! \u0158\u00edk\u00e1 se tomu Sv\u011bd\u00edkball, vtipkoval kou\u010d<\/a>&nbsp;&nbsp;sport.cz<a href=\"https:\/\/news.google.com\/rss\/articles\/CBMiqAFBVV95cUxNSVNjZnVBUkpJREVYcnozTk5xVjUwdHhMVWRrNjlEYXVlNTBJbVpUZ3dUeW5lNmpkMUx1dFJLMUhYTGVpZ3VncmhDSTlvaXBrREM4anhpR1czcEZmMUY3d2ctVEFFSGFuTG9mVUNFVWp6NG8zZjBWWGJDeTZfMnNZSzE3eHFyQzR4N0FQSHMxdTJRWDluVENqOEdObGVLalY1Zk5MbWNEVEc?oc=5\" target=\"_blank\" rel=\"nofollow noopener\">Zbrojov\u00e1ci se vyhoupli na druh\u00e9 m\u00edsto! V\u00edt\u011bzstv\u00ed nad Hradcem za\u0159\u00eddil Va\u0161ul\u00edn<\/a>&nbsp;&nbsp;FC Zbrojovka Brno<a href=\"https:\/\/news.google.com\/rss\/articles\/CBMimwFBVV95cUxNNWxrMWt6dU9CdmI3ZnhyUnFtQVlWWkhwSk03T2ZEbGdIR2tOamVDaTc5Yjlsc3lhV0RrQmMybkpBSkt2di1XQjBUQzJLQ1BzM2RiX0trN185UGotZUpzM2I1VHZFWmgzc0RDalRnUlc0a3VGRlIwX2VfT0xieFBGamlpUmNNM0E0WUtTMTFuM2tmbXloYVpON25ZQQ?oc=5\" target=\"_blank\" rel=\"nofollow noopener\">Hradec Kr\u00e1lov\u00e9 v Brn\u011b padl po g\u00f3lu Va\u0161ul\u00edna, Jablonec veze z \u010eol\u00ed\u010dku bod<\/a>&nbsp;&nbsp;\u010cT sport<a href=\"https:\/\/news.google.com\/rss\/articles\/CBMi3gFBVV95cUxPT1VQQzNRZElXNjk0OElkck13d3hfQ1JmdzR2UzJ0SEZEWnE5Z0JPRU05cGFjZnpxTGlEWjB0VGpESXBma3lfQzBGNUswak40ZXlOUnZLZ21YUG9pWl9ic3FaMklwc25mZF9DSlFTcVh0MXpIR0gwZUFPSjRuMTdienV6RXNNZlUwZHpRWXp4ODlQN051MjlIQ1ZsYmk1X2pMa1FOSjJBSE1nMGVweVFnWmF4MU1McEI4UFBpb2xNWlVUdWlQM183TW1ZY1FLMUxjc3YxZGZGcU1zc2JTanc?oc=5\" target=\"_blank\" rel=\"nofollow noopener\">SEST\u0158IHY: Zbrojovka je druh\u00e1, Hradec poko\u0159il Va\u0161ul\u00edn. \u010cerm\u00e1k trefil bod proti Jablonci<\/a>&nbsp;&nbsp;iSport.cz<\/p>\n","protected":false},"excerpt":{"rendered":"Zbrojovka &#8211; Hradec Kr. 1:0, o t\u0159et\u00ed v\u00fdh\u0159e v \u0159ad\u011b rozhodl Va\u0161ul\u00edn, dom\u00e1c\u00ed jsou druz\u00ed&nbsp;&nbsp;iDNES.czZbrojovka vyhr\u00e1v\u00e1 a v&hellip;\n","protected":false},"author":2,"featured_media":200649,"comment_status":"","ping_status":"","sticky":false,"template":"","format":"standard","meta":{"footnotes":"","_share_on_mastodon":"0"},"categories":[15],"tags":[6940,1271,863,1162,2524,864,94,93,4902],"class_list":["post-200648","post","type-post","status-publish","format-standard","has-post-thumbnail","category-sport","tag-daniel-vasulin","tag-fc-hradec-kralove","tag-fc-slovan-liberec","tag-jihomoravsky-kraj","tag-kralovehradecky-kraj","tag-sk-slavia-praha","tag-sport","tag-sports","tag-zbrojovka-brno"],"share_on_mastodon":{"url":"https:\/\/pubeurope.com\/@cz\/117204296917829275","error":""},"_links":{"self":[{"href":"https:\/\/www.europesays.com\/cz\/wp-json\/wp\/v2\/posts\/200648","targetHints":{"allow":["GET"]}}],"collection":[{"href":"https:\/\/www.europesays.com\/cz\/wp-json\/wp\/v2\/posts"}],"about":[{"href":"https:\/\/www.europesays.com\/cz\/wp-json\/wp\/v2\/types\/post"}],"author":[{"embeddable":true,"href":"https:\/\/www.europesays.com\/cz\/wp-json\/wp\/v2\/users\/2"}],"replies":[{"embeddable":true,"href":"https:\/\/www.europesays.com\/cz\/wp-json\/wp\/v2\/comments?post=200648"}],"version-history":[{"count":0,"href":"https:\/\/www.europesays.com\/cz\/wp-json\/wp\/v2\/posts\/200648\/revisions"}],"wp:featuredmedia":[{"embeddable":true,"href":"https:\/\/www.europesays.com\/cz\/wp-json\/wp\/v2\/media\/200649"}],"wp:attachment":[{"href":"https:\/\/www.europesays.com\/cz\/wp-json\/wp\/v2\/media?parent=200648"}],"wp:term":[{"taxonomy":"category","embeddable":true,"href":"https:\/\/www.europesays.com\/cz\/wp-json\/wp\/v2\/categories?post=200648"},{"taxonomy":"post_tag","embeddable":true,"href":"https:\/\/www.europesays.com\/cz\/wp-json\/wp\/v2\/tags?post=200648"}],"curies":[{"name":"wp","href":"https:\/\/api.w.org\/{rel}","templated":true}]}}