{"id":200652,"date":"2026-09-03T00:38:20","date_gmt":"2026-09-03T00:38:20","guid":{"rendered":"https:\/\/www.europesays.com\/cz\/200652\/"},"modified":"2026-09-03T00:38:20","modified_gmt":"2026-09-03T00:38:20","slug":"odbornici-exhumuji-ostatky-nekdejsiho-ministra-jana-masaryka","status":"publish","type":"post","link":"https:\/\/www.europesays.com\/cz\/200652\/","title":{"rendered":"Odborn\u00edci exhumuj\u00ed ostatky n\u011bkdej\u0161\u00edho ministra Jana Masaryka"},"content":{"rendered":"<p>&#13;<br \/>\n  Komer\u010dn\u00ed prezentace Aktual.: 2.09.2026 15:36&#13;<br \/>\n  Vyd\u00e1no: 2.09.2026, 08:44&#13;\n<\/p>\n<p class=\"big\" itemprop=\"description\">    L\u00e1ny (Kladensko) &#8211; Policejn\u00ed odborn\u00edci dnes p\u0159istoupili k exhumaci ostatk\u016f n\u011bkdej\u0161\u00edho ministra zahrani\u010d\u00ed Jana Masaryka z rodinn\u00e9 hrobky na h\u0159bitov\u011b v L\u00e1nech na Kladensku. M\u016f\u017ee to pomoci p\u0159i objas\u0148ov\u00e1n\u00ed okolnost\u00ed jeho \u00famrt\u00ed z b\u0159ezna 1948 po p\u00e1du z okna pra\u017esk\u00e9ho \u010cern\u00ednsk\u00e9ho pal\u00e1ce, sd\u011blil \u010cTK mluv\u010d\u00ed policejn\u00edho prezidia Jakub Vin\u010d\u00e1lek. H\u0159bitov je na dva dny uzav\u0159en\u00fd pro ve\u0159ejnost, st\u0159e\u017e\u00ed jej policist\u00e9 a na zaji\u0161t\u011bn\u00ed exhumace se pod\u00edlej\u00ed des\u00edtky lid\u00ed. \u0160\u00e9f vy\u0161et\u0159ovac\u00edho t\u00fdmu Jan Trne\u010dka z \u00da\u0159adu dokumentace a vy\u0161et\u0159ov\u00e1n\u00ed zlo\u010din\u016f komunismu (\u00daDV) zat\u00edm necht\u011bl komentovat metodu vyzvednut\u00ed a zkoum\u00e1n\u00ed ostatk\u016f.<\/p>\n<p>Syn prvn\u00edho \u010deskoslovensk\u00e9ho prezidenta Tom\u00e1\u0161e Garrigua Masaryka zem\u0159el necel\u00fd m\u011bs\u00edc po komunistick\u00e9m p\u0159evratu v \u00fanoru 1948. Podle ofici\u00e1ln\u00ed dobov\u00e9 verze sp\u00e1chal sebevra\u017edu skokem z okna slu\u017eebn\u00edho bytu, policejn\u00ed \u00daDV ale prov\u011b\u0159uje mo\u017enou vra\u017edu. Policie kauzu znovu otev\u00edrala u\u017e n\u011bkolikr\u00e1t, a\u0165 u\u017e na z\u00e1klad\u011b poznatk\u016f badatel\u016f, nov\u00fdch listinn\u00fdch d\u016fkaz\u016f \u010di znaleck\u00e9ho zkoum\u00e1n\u00ed.<\/p>\n<p>&#8222;Dnes na l\u00e1nsk\u00e9m h\u0159bitov\u011b prov\u00e1d\u00edme \u00fakony trestn\u00edho \u0159\u00edzen\u00ed v souvislosti s prov\u011b\u0159ov\u00e1n\u00edm \u00famrt\u00ed Jana Masaryka v roce 1948, kter\u00e9 spo\u010d\u00edvaj\u00ed v exhumaci jeho ostatk\u016f a jejich zkoum\u00e1n\u00ed za vyu\u017eit\u00ed nejmodern\u011bj\u0161\u00edch kriminalistick\u00fdch metod,&#8220; uvedl Vin\u010d\u00e1lek. C\u00edlem je podle n\u011bj mimo jin\u00e9 vyvr\u00e1tit r\u016fzn\u00e9 spekulace, kter\u00e9 jsou s t\u00edmto p\u0159\u00edpadem spojen\u00e9. &#8222;V\u011b\u0159\u00edme, \u017ee n\u00e1s dne\u0161n\u00ed \u00fakony p\u0159ibl\u00ed\u017e\u00ed k objasn\u011bn\u00ed okolnost\u00ed vedouc\u00edch ke smrti Jana Masaryka,&#8220; dodal s t\u00edm, \u017ee na exhumaci se pod\u00edlej\u00ed policist\u00e9 z r\u016fzn\u00fdch \u00fatvar\u016f a soudn\u00ed l\u00e9ka\u0159i.<\/p>\n<p>Pam\u00e1tkov\u011b chr\u00e1n\u011bn\u00e1 hrobka Masarykovy rodiny, kterou lemuj\u00ed dv\u011b l\u00edpy, se nach\u00e1z\u00ed v zadn\u00ed \u010d\u00e1sti h\u0159bitova. Vedle ostatk\u016f Jana Masaryka zde spo\u010d\u00edvaj\u00ed i ostatky jeho otce, matky Charlotty a sestry Alice. &#8222;Dal\u0161\u00ed informace sd\u011bl\u00edme, jakmile to bude mo\u017en\u00e9. Jsou tam velk\u00e9 nezn\u00e1m\u00e9, ale po\u010d\u00edt\u00e1me, \u017ee to bude b\u011bhem dne,&#8220; \u0159ekl dopoledne novin\u00e1\u0159\u016fm na m\u00edst\u011b n\u00e1m\u011bstek \u00daDV Trne\u010dka bez dal\u0161\u00edch podrobnost\u00ed. Kone\u010dn\u00e9 v\u00fdsledky zkoum\u00e1n\u00ed budou podle policie k dispozici z\u0159ejm\u011b a\u017e za n\u011bkolik m\u011bs\u00edc\u016f.<\/p>\n<p>P\u0159\u00edpad dozoruje M\u011bstsk\u00e9 st\u00e1tn\u00ed zastupitelstv\u00ed v Praze, kter\u00e9 k exhumaci nechce sd\u011blovat konkr\u00e9tn\u00ed skute\u010dnosti, a to i z pietn\u00edch d\u016fvod\u016f. &#8222;Realizovan\u00e9 \u00fakony v soub\u011bhu s dal\u0161\u00edmi \u00fakony, kter\u00e9 byly v r\u00e1mci prov\u011b\u0159ov\u00e1n\u00ed provedeny, by m\u011bly v\u00e9st k bli\u017e\u0161\u00edmu objasn\u011bn\u00ed skutkov\u00e9ho stavu dan\u00e9 v\u011bci. Tedy k p\u0159\u00edpadn\u00e9mu potvrzen\u00ed \u010di vyvr\u00e1cen\u00ed nov\u00fdch poznatk\u016f, teori\u00ed a hypot\u00e9z. Sou\u010dasn\u011b mohou v\u00e9st k zodpov\u011bzen\u00ed dlouhou dobu p\u0159etrv\u00e1vaj\u00edc\u00edch ot\u00e1zek, kter\u00e9 jsou s touto historicky v\u00fdznamnou skute\u010dnost\u00ed spojeny,&#8220; \u0159ekl \u010cTK mluv\u010d\u00ed zastupitelstv\u00ed Ale\u0161 Cimbala.<\/p>\n<p>Exhumaci mrtvoly m\u016f\u017ee podle trestn\u00edho \u0159\u00e1du na\u0159\u00eddit v p\u0159\u00edpravn\u00e9m \u0159\u00edzen\u00ed st\u00e1tn\u00ed z\u00e1stupce, pozd\u011bji pak soudce. Na h\u0159bitov\u011b byl od r\u00e1na p\u0159\u00edtomen dozoruj\u00edc\u00ed st\u00e1tn\u00ed z\u00e1stupce Michal Muravsk\u00fd. P\u0159ijel tak\u00e9 \u0159editel \u00daDV Dalimil Sypt\u00e1k, n\u011bkdej\u0161\u00ed \u0161\u00e9f odd\u011blen\u00ed vra\u017ed pra\u017esk\u00e9 policie a sou\u010dasn\u00fd badatel \u00daDV Josef Mare\u0161 nebo pracovn\u00edci Spr\u00e1vy Pra\u017esk\u00e9ho hradu. Starosta L\u00e1n Ernest Kos\u00e1r (nestr.) \u010cTK potvrdil, \u017ee p\u0159edal kl\u00ed\u010de od h\u0159bitova, dal\u0161\u00ed podrobnosti o situaci na m\u00edst\u011b ale nesd\u011blil. &#8222;J\u00e1 jsem v\u00e1z\u00e1n ml\u010denlivost\u00ed,&#8220; uvedl.<\/p>\n<p>Vchod na h\u0159bitov st\u0159e\u017eila od 6:00 dvojice policist\u016f, kte\u0159\u00ed za br\u00e1nu nepou\u0161t\u011bli ani poz\u016fstal\u00e9 m\u00ed\u0159\u00edc\u00ed k jin\u00fdm n\u00e1hrobk\u016fm. Okolo h\u0159bitovn\u00ed zdi se t\u00e1hla policejn\u00ed p\u00e1ska, aby zabr\u00e1nila zv\u011bdavc\u016fm nahl\u00ed\u017eet dovnit\u0159. Na m\u00edst\u011b bylo tak\u00e9 auto poh\u0159ebn\u00ed slu\u017eby. Patrn\u011b se tam ale nenach\u00e1zela \u017e\u00e1dn\u00e1 t\u011b\u017ek\u00e1 technika &#8211; akt\u00e9\u0159i exhumace si p\u0159inesli lopatu nebo skl\u00e1dac\u00ed metr. Mezi m\u00edstn\u00edmi obyvateli nevyvolala neobvykl\u00e1 ud\u00e1lost p\u0159\u00edli\u0161 z\u00e1jmu, p\u0159ijeli se na ni ale pod\u00edvat nap\u0159\u00edklad dva senio\u0159i na cyklov\u00fdlet\u011b.<\/p>\n<p>\u0158editel \u00daDV Sypt\u00e1k loni \u010cTK \u0159ekl, \u017ee p\u0159\u00edpad je zaj\u00edmav\u00fd jak samotnou osobou Masaryka, tak i okruhem potenci\u00e1ln\u00edch pachatel\u016f, kte\u0159\u00ed ho mohli zavra\u017edit. K dal\u0161\u00edmu postupu nazna\u010dil, \u017ee by vy\u0161et\u0159ovatel\u00e9 mimo jin\u00e9 zkoumali, jestli na t\u011ble nebo o\u0161acen\u00ed nez\u016fstaly zn\u00e1mky trestn\u00e9ho \u010dinu. Loni \u00daDV tak\u00e9 obdr\u017eel p\u0159eklady listin z diplomatick\u00fdch archiv\u016f Francie, USA a Brit\u00e1nie.<\/p>\n<p class=\"tags\">&#13;<br \/>\n<a href=\"https:\/\/www.ceskenoviny.cz\/tema\/cr\/1\" class=\"tag blue\" itemprop=\"about\" rel=\"tag nofollow noopener\" target=\"_blank\">\u010cR<\/a>&#13;<br \/>\n&#13;<br \/>\n&#13;<br \/>\n&#13;<br \/>\n<a href=\"https:\/\/www.ceskenoviny.cz\/tema\/kriminalita\/320\" class=\"tag blue\" itemprop=\"about\" rel=\"tag nofollow noopener\" target=\"_blank\">kriminalita<\/a>&#13;<br \/>\n&#13;<br \/>\n&#13;<br \/>\n&#13;<br \/>\n<a href=\"https:\/\/www.ceskenoviny.cz\/tema\/historie\/302\" class=\"tag blue\" itemprop=\"about\" rel=\"tag nofollow noopener\" target=\"_blank\">historie<\/a>&#13;<br \/>\n&#13;<br \/>\n&#13;<br \/>\n&#13;<br \/>\n<a href=\"https:\/\/www.ceskenoviny.cz\/tema\/lany\/8526\" class=\"tag blue\" itemprop=\"about\" rel=\"tag nofollow noopener\" target=\"_blank\">L\u00e1ny<\/a>&#13;<br \/>\n&#13;<br \/>\n&#13;<br \/>\n&#13;<br \/>\n<a href=\"https:\/\/www.ceskenoviny.cz\/tema\/masaryk\/8327\" class=\"tag blue\" itemprop=\"about\" rel=\"tag nofollow noopener\" target=\"_blank\">Masaryk<\/a>&#13;<br \/>\n&#13;<br \/>\n&#13;<br \/>\n&#13;<br \/>\n<a href=\"https:\/\/www.ceskenoviny.cz\/tema\/fles\/1719\" class=\"tag blue\" itemprop=\"about\" rel=\"tag nofollow noopener\" target=\"_blank\">FLE\u0160<\/a>&#13;<br \/>\n&#13;<br \/>\n&#13;<br \/>\n&#13;<br \/>\n &#13;<\/p>\n","protected":false},"excerpt":{"rendered":"&#13; Komer\u010dn\u00ed prezentace Aktual.: 2.09.2026 15:36&#13; Vyd\u00e1no: 2.09.2026, 08:44&#13; L\u00e1ny (Kladensko) &#8211; Policejn\u00ed odborn\u00edci dnes p\u0159istoupili k exhumaci&hellip;\n","protected":false},"author":2,"featured_media":200653,"comment_status":"","ping_status":"","sticky":false,"template":"","format":"standard","meta":{"footnotes":"","_share_on_mastodon":"0"},"categories":[10],"tags":[302,304,305,298,303,1428,17,441,21,795,9048,27670,16,18,19,22,20],"class_list":["post-200652","post","type-post","status-publish","format-standard","has-post-thumbnail","category-zpravy","tag-ceskenoviny-cz","tag-cn","tag-cn-cz","tag-cr","tag-ctk","tag-fles","tag-headlines","tag-historie","tag-hlavni-udalosti","tag-kriminalita","tag-lany","tag-masaryk","tag-news","tag-top-news","tag-top-stories","tag-udalosti-dne","tag-zpravy"],"share_on_mastodon":{"url":"https:\/\/pubeurope.com\/@cz\/117204320632210149","error":""},"_links":{"self":[{"href":"https:\/\/www.europesays.com\/cz\/wp-json\/wp\/v2\/posts\/200652","targetHints":{"allow":["GET"]}}],"collection":[{"href":"https:\/\/www.europesays.com\/cz\/wp-json\/wp\/v2\/posts"}],"about":[{"href":"https:\/\/www.europesays.com\/cz\/wp-json\/wp\/v2\/types\/post"}],"author":[{"embeddable":true,"href":"https:\/\/www.europesays.com\/cz\/wp-json\/wp\/v2\/users\/2"}],"replies":[{"embeddable":true,"href":"https:\/\/www.europesays.com\/cz\/wp-json\/wp\/v2\/comments?post=200652"}],"version-history":[{"count":0,"href":"https:\/\/www.europesays.com\/cz\/wp-json\/wp\/v2\/posts\/200652\/revisions"}],"wp:featuredmedia":[{"embeddable":true,"href":"https:\/\/www.europesays.com\/cz\/wp-json\/wp\/v2\/media\/200653"}],"wp:attachment":[{"href":"https:\/\/www.europesays.com\/cz\/wp-json\/wp\/v2\/media?parent=200652"}],"wp:term":[{"taxonomy":"category","embeddable":true,"href":"https:\/\/www.europesays.com\/cz\/wp-json\/wp\/v2\/categories?post=200652"},{"taxonomy":"post_tag","embeddable":true,"href":"https:\/\/www.europesays.com\/cz\/wp-json\/wp\/v2\/tags?post=200652"}],"curies":[{"name":"wp","href":"https:\/\/api.w.org\/{rel}","templated":true}]}}