{"id":200714,"date":"2026-09-03T02:29:17","date_gmt":"2026-09-03T02:29:17","guid":{"rendered":"https:\/\/www.europesays.com\/cz\/200714\/"},"modified":"2026-09-03T02:29:17","modified_gmt":"2026-09-03T02:29:17","slug":"slavnostni-otevreni-garazi-pro-pozarni-kontejnerovou-techniku-na-chs-kutna-hora-pozary-cz-ohnisko-zhavych-zprav","status":"publish","type":"post","link":"https:\/\/www.europesays.com\/cz\/200714\/","title":{"rendered":"Slavnostn\u00ed otev\u0159en\u00ed gar\u00e1\u017e\u00ed pro po\u017e\u00e1rn\u00ed kontejnerovou techniku na CHS Kutn\u00e1\u00a0Hora | PO\u017d\u00c1RY.cz &#8211; ohnisko \u017ehav\u00fdch zpr\u00e1v"},"content":{"rendered":"\n<p>Ve st\u0159edu 2.\u00a0z\u00e1\u0159\u00ed 2026\u00a0prob\u011bhlo na centr\u00e1ln\u00ed hasi\u010dsk\u00e9 stanici v\u00a0Kutn\u00e9 Ho\u0159e slavnostn\u00ed otev\u0159en\u00ed nov\u00fdch gar\u00e1\u017e\u00ed pro po\u017e\u00e1rn\u00ed kontejnerovou techniku. Slavnostn\u00edho aktu se z\u00fa\u010dastnili z\u00e1stupci ministerstva vnitra, krajsk\u00e9ho \u0159editelstv\u00ed HZS St\u0159edo\u010desk\u00e9ho kraje, veden\u00ed m\u011bsta Kutn\u00e9 Hory, zhotovitele stavby a dal\u0161\u00ed\u00a0host\u00e9.<\/p>\n<p><img loading=\"lazy\" decoding=\"async\" src=\"https:\/\/www.europesays.com\/cz\/wp-content\/uploads\/2026\/09\/pwoib7u0bl.800.jpg\" width=\"800\" alt=\"\" title=\"\" data-href=\"https:\/\/storage.pozary.cz\/article\/6\/a\/6a981b35741fa\/pwoib7u0bl.1400.jpg\" height=\"534\"\/><\/p>\n<p>P\u0159\u00edprava projektu za\u010dala v\u00a0\u0159\u00edjnu 2017\u00a0zpracov\u00e1n\u00edm \u00favodn\u00ed studie Ing. Luk\u00e1\u0161em Semer\u00e1dem. V\u00a0roce 2023\u00a0byla dokon\u010dena projektov\u00e1 dokumentace pro stavebn\u00ed povolen\u00ed, kterou zpracoval Ing. Jaroslav Vokolek.<\/p>\n<p>Stavebn\u00ed povolen\u00ed bylo vyd\u00e1no 17.\u00a0\u010dervna 2024.\u00a0K\u00a0p\u0159ed\u00e1n\u00ed staveni\u0161t\u011b zhotoviteli do\u0161lo 18.\u00a0listopadu 2025.\u00a0Samotn\u00e1 stavba byla dokon\u010dena a p\u0159ed\u00e1na 15.\u00a0\u010dervna 2026.\u00a0Zhotovitelem stavby byla spole\u010dnost GOLDBECK Prefabeton\u00a0s.r.o.<\/p>\n<p>Celkov\u00e9 n\u00e1klady d\u00edla, v\u010detn\u011b technick\u00e9ho dozoru stavebn\u00edka, autorsk\u00e9ho dohledu a \u010dinnosti koordin\u00e1tora bezpe\u010dnosti a ochrany zdrav\u00ed p\u0159i pr\u00e1ci, \u010dinily 17\u00a0258\u00a0865\u00a0korun v\u010detn\u011b\u00a0DPH.<\/p>\n<p>Vybudov\u00e1n\u00edm nov\u00fdch gar\u00e1\u017e\u00ed z\u00edskala centr\u00e1ln\u00ed hasi\u010dsk\u00e1 stanice v\u00a0Kutn\u00e9 Ho\u0159e pot\u0159ebn\u00e9 prostory pro um\u00edst\u011bn\u00ed po\u017e\u00e1rn\u00ed kontejnerov\u00e9 techniky a zv\u00fd\u0161en\u00ed akceschopnosti jednotek po\u017e\u00e1rn\u00ed ochrany.<\/p>\n<p> nprap. Martin \u0160mejkal<br \/>\u00fazemn\u00ed odbor Kutn\u00e1 Hora <\/p>\n","protected":false},"excerpt":{"rendered":"Ve st\u0159edu 2.\u00a0z\u00e1\u0159\u00ed 2026\u00a0prob\u011bhlo na centr\u00e1ln\u00ed hasi\u010dsk\u00e9 stanici v\u00a0Kutn\u00e9 Ho\u0159e slavnostn\u00ed otev\u0159en\u00ed nov\u00fdch gar\u00e1\u017e\u00ed pro po\u017e\u00e1rn\u00ed kontejnerovou techniku.&hellip;\n","protected":false},"author":2,"featured_media":200715,"comment_status":"","ping_status":"","sticky":false,"template":"","format":"standard","meta":{"footnotes":"","_share_on_mastodon":"0"},"categories":[7],"tags":[43,42,41,40],"class_list":["post-200714","post","type-post","status-publish","format-standard","has-post-thumbnail","category-cesko","tag-ceska-republika","tag-cesko","tag-czech-republic","tag-czechia"],"share_on_mastodon":{"url":"https:\/\/pubeurope.com\/@cz\/117204757250052389","error":""},"_links":{"self":[{"href":"https:\/\/www.europesays.com\/cz\/wp-json\/wp\/v2\/posts\/200714","targetHints":{"allow":["GET"]}}],"collection":[{"href":"https:\/\/www.europesays.com\/cz\/wp-json\/wp\/v2\/posts"}],"about":[{"href":"https:\/\/www.europesays.com\/cz\/wp-json\/wp\/v2\/types\/post"}],"author":[{"embeddable":true,"href":"https:\/\/www.europesays.com\/cz\/wp-json\/wp\/v2\/users\/2"}],"replies":[{"embeddable":true,"href":"https:\/\/www.europesays.com\/cz\/wp-json\/wp\/v2\/comments?post=200714"}],"version-history":[{"count":0,"href":"https:\/\/www.europesays.com\/cz\/wp-json\/wp\/v2\/posts\/200714\/revisions"}],"wp:featuredmedia":[{"embeddable":true,"href":"https:\/\/www.europesays.com\/cz\/wp-json\/wp\/v2\/media\/200715"}],"wp:attachment":[{"href":"https:\/\/www.europesays.com\/cz\/wp-json\/wp\/v2\/media?parent=200714"}],"wp:term":[{"taxonomy":"category","embeddable":true,"href":"https:\/\/www.europesays.com\/cz\/wp-json\/wp\/v2\/categories?post=200714"},{"taxonomy":"post_tag","embeddable":true,"href":"https:\/\/www.europesays.com\/cz\/wp-json\/wp\/v2\/tags?post=200714"}],"curies":[{"name":"wp","href":"https:\/\/api.w.org\/{rel}","templated":true}]}}